{"id":630064,"date":"2026-06-28T08:35:14","date_gmt":"2026-06-28T08:35:14","guid":{"rendered":"https:\/\/www.europesays.com\/es\/630064\/"},"modified":"2026-06-28T08:35:14","modified_gmt":"2026-06-28T08:35:14","slug":"valladolid-encuentran-el-cadaver-del-nino-de-nueve-anos-desaparecido-en-las-aguas-de-la-playa-de-las-moreras","status":"publish","type":"post","link":"https:\/\/www.europesays.com\/es\/630064\/","title":{"rendered":"Valladolid: Encuentran el cad\u00e1ver del ni\u00f1o de nueve a\u00f1os desaparecido en las aguas de la playa de Las Moreras"},"content":{"rendered":"<p style=\"\">Sobre las once y media de la noche, tras dos horas de angustiosa b\u00fasqueda, los equipos de Salvamento y Rescate localizaban el cuerpo sin vida  &#8230; de un ni\u00f1o de nueve a\u00f1os que hab\u00eda desaparecido en las aguas del Pisuerga, en la playa de Las Moreras, seg\u00fan confirm\u00f3 la Subdelegaci\u00f3n del Gobierno de Valladolid. El menor hab\u00eda sido visto por \u00faltima vez sobre las 21:15 horas, cuando se encontraba en la zona de las ruinas de las ace\u00f1as, adonde hab\u00eda acudido acompa\u00f1ado por su madre.<\/p>\n<p class=\"v-d-p\" style=\"\">Por el momento se desconocen las circunstancias exactas en las que se produjo el ahogamiento. El subdelegado del Gobierno, Jacinto Canales, explicaba antes del tr\u00e1gico desenlace que \u00abno se sabe a\u00fan si se estaba ba\u00f1ando o se ha resbalado, ha ca\u00eddo al agua y ha sido arrastrado por la corriente\u00bb.<\/p>\n<p class=\"v-d-p\" style=\"\">En el lugar se hab\u00edan desplegado efectivos de la Polic\u00eda Nacional y los Bomberos, adem\u00e1s de agentes municipales, que hab\u00edan seguido el recorrido del r\u00edo con un dron, y Emergencias Sanitarias-Sacyl, que envi\u00f3 asistencia a la zona. Tambi\u00e9n se activ\u00f3 el centro coordinador de emergencias de Protecci\u00f3n Civil, desde el que se moviliz\u00f3, adem\u00e1s, a la Asociaci\u00f3n de Salvamento y Rescate de Castilla y Le\u00f3n, unidad especializada en actividades subacu\u00e1ticas; y al Grupo de Intervenci\u00f3n Psicol\u00f3gica en Desastres y Emergencias para atender a familiares.<\/p>\n<p class=\"v-d-p\" style=\"\">La playa urbana de Valladolid se convierte cada a\u00f1o en el mejor ant\u00eddoto contra el calor, aunque por quinto a\u00f1o consecutivo <a href=\"https:\/\/www.elnortedecastilla.es\/valladolid\/playa-moreras-prepara-verano-bano-prohibido-quinto-20260603183709-nt.html\" data-voc-vtm-id=\"in-text-traffic\" title=\"el ba\u00f1o est\u00e1 prohibido\" rel=\"nofollow noopener\" target=\"_blank\">el ba\u00f1o est\u00e1 prohibido<\/a> debido a los resultados de \u00abcalidad insuficiente\u00bb del agua en los muestreos realizados en la temporada de verano de 2022. Pese a ellos, son muchos los usuarios que terminan acerc\u00e1ndose al agua.<\/p>\n<p>En actualizaci\u00f3n<\/p>\n<p>\nLos periodistas de El Norte de Castilla trabajan para ampliar y completar esta informaci\u00f3n. Sigue la \u00faltima hora a trav\u00e9s de nuestra portada o activa las notificaciones para tu m\u00f3vil o app.<\/p>\n","protected":false},"excerpt":{"rendered":"Sobre las once y media de la noche, tras dos horas de angustiosa b\u00fasqueda, los equipos de Salvamento&hellip;\n","protected":false},"author":2,"featured_media":630065,"comment_status":"","ping_status":"","sticky":false,"template":"","format":"standard","meta":{"footnotes":""},"categories":[8],"tags":[988,17,18,13326,25,24,13,14,11,19,20,9,899,10,15,16,6983,23,12,21,22],"class_list":["post-630064","post","type-post","status-publish","format-standard","has-post-thumbnail","category-espana","tag-anos","tag-breaking-news","tag-breakingnews","tag-buscan","tag-es","tag-espana","tag-featured-news","tag-featurednews","tag-headlines","tag-latest-news","tag-latestnews","tag-news","tag-nino","tag-noticias","tag-noticias-destacadas","tag-noticiasdestacadas","tag-nueve","tag-spain","tag-titulares","tag-ultimas-noticias","tag-ultimasnoticias"],"share_on_mastodon":{"url":"https:\/\/pubeurope.com\/@es\/116826821591841540","error":""},"_links":{"self":[{"href":"https:\/\/www.europesays.com\/es\/wp-json\/wp\/v2\/posts\/630064","targetHints":{"allow":["GET"]}}],"collection":[{"href":"https:\/\/www.europesays.com\/es\/wp-json\/wp\/v2\/posts"}],"about":[{"href":"https:\/\/www.europesays.com\/es\/wp-json\/wp\/v2\/types\/post"}],"author":[{"embeddable":true,"href":"https:\/\/www.europesays.com\/es\/wp-json\/wp\/v2\/users\/2"}],"replies":[{"embeddable":true,"href":"https:\/\/www.europesays.com\/es\/wp-json\/wp\/v2\/comments?post=630064"}],"version-history":[{"count":0,"href":"https:\/\/www.europesays.com\/es\/wp-json\/wp\/v2\/posts\/630064\/revisions"}],"wp:featuredmedia":[{"embeddable":true,"href":"https:\/\/www.europesays.com\/es\/wp-json\/wp\/v2\/media\/630065"}],"wp:attachment":[{"href":"https:\/\/www.europesays.com\/es\/wp-json\/wp\/v2\/media?parent=630064"}],"wp:term":[{"taxonomy":"category","embeddable":true,"href":"https:\/\/www.europesays.com\/es\/wp-json\/wp\/v2\/categories?post=630064"},{"taxonomy":"post_tag","embeddable":true,"href":"https:\/\/www.europesays.com\/es\/wp-json\/wp\/v2\/tags?post=630064"}],"curies":[{"name":"wp","href":"https:\/\/api.w.org\/{rel}","templated":true}]}}