{"id":630108,"date":"2026-06-28T09:12:40","date_gmt":"2026-06-28T09:12:40","guid":{"rendered":"https:\/\/www.europesays.com\/es\/630108\/"},"modified":"2026-06-28T09:12:40","modified_gmt":"2026-06-28T09:12:40","slug":"as-seen-below-la-cupula-un-skyspace-james-turrell-shl","status":"publish","type":"post","link":"https:\/\/www.europesays.com\/es\/630108\/","title":{"rendered":"As Seen Below \u2013 La C\u00fapula, un Skyspace \/ James Turrell + SHL"},"content":{"rendered":"<p><a class=\"js-image-size__link \" href=\"https:\/\/www.archdaily.cl\/cl\/1042805\/as-seen-below-la-cupula-un-skyspace-james-turrell-plus-shl\/6a34553f6c38480188c18556-as-seen-below-the-dome-a-skyspace-james-turrell-plus-schmidt-hammer-lassen-photo\" rel=\"attachment nofollow noopener\" style=\"width: 100%; height: 100%;\" target=\"_blank\"><img decoding=\"async\" alt=\"As Seen Below \u2013 La C\u00fapula, un Skyspace \/ James Turrell + SHL - Imagen 1 de 20\" data-nr-picture-id=\"6a34553f6c38480188c18556\" fetchpriority=\"high\" height=\"426\" itemprop=\"image\" loading=\"eager\" longdesc=\"https:\/\/www.archdaily.cl\/cl\/1042805\/as-seen-below-la-cupula-un-skyspace-james-turrell-plus-shl\/6a34553f6c38480188c18556-as-seen-below-the-dome-a-skyspace-james-turrell-plus-schmidt-hammer-lassen-photo\" src=\"https:\/\/www.europesays.com\/es\/wp-content\/uploads\/2026\/06\/as-seen-below-the-dome-a-skyspace-james-turrell-plus-schmidt-hammer-lassen_15.jpg\" style=\"min-height: var(--featured-height, auto); aspect-ratio: auto 640 \/ 426\" width=\"640\"\/><\/a>\u00a9 Adam M\u00f8rk<\/p>\n<p class=\"thumbs afd-desktop-e clearfix\"><a class=\"thumbs__link\" data-nr-picture-id=\"6a34553e6c38480188c18553\" href=\"https:\/\/www.archdaily.cl\/cl\/1042805\/as-seen-below-la-cupula-un-skyspace-james-turrell-plus-shl\/6a34553e6c38480188c18553-as-seen-below-the-dome-a-skyspace-james-turrell-plus-schmidt-hammer-lassen-photo\" rel=\"attachment nofollow noopener\" target=\"_blank\"><img loading=\"lazy\" decoding=\"async\" alt=\"As Seen Below \u2013 La C\u00fapula, un Skyspace \/ James Turrell + SHL - Fotograf\u00eda exterior\" class=\"thumbs__img b-lazy\" data-nr-picture-id=\"6a34553e6c38480188c18553\" data-pin-nopin=\"true\" src=\"https:\/\/www.europesays.com\/es\/wp-content\/uploads\/2026\/06\/as-seen-below-the-dome-a-skyspace-james-turrell-plus-schmidt-hammer-lassen_14.jpg\" height=\"125\" longdesc=\"https:\/\/www.archdaily.cl\/cl\/1042805\/as-seen-below-la-cupula-un-skyspace-james-turrell-plus-shl\/6a34553e6c38480188c18553-as-seen-below-the-dome-a-skyspace-james-turrell-plus-schmidt-hammer-lassen-photo\" title=\"\u00a9 Adam M\u00f8rk\" width=\"125\"\/><\/a><a class=\"thumbs__link\" data-nr-picture-id=\"6a34553c85760e018921b0b8\" href=\"https:\/\/www.archdaily.cl\/cl\/1042805\/as-seen-below-la-cupula-un-skyspace-james-turrell-plus-shl\/6a34553c85760e018921b0b8-as-seen-below-the-dome-a-skyspace-james-turrell-plus-schmidt-hammer-lassen-photo\" rel=\"attachment nofollow noopener\" target=\"_blank\"><img loading=\"lazy\" decoding=\"async\" alt=\"As Seen Below \u2013 La C\u00fapula, un Skyspace \/ James Turrell + SHL - Imagen 2 de 20\" class=\"thumbs__img b-lazy\" data-nr-picture-id=\"6a34553c85760e018921b0b8\" data-pin-nopin=\"true\" src=\"https:\/\/www.europesays.com\/es\/wp-content\/uploads\/2026\/06\/as-seen-below-the-dome-a-skyspace-james-turrell-plus-schmidt-hammer-lassen_1.jpg\" height=\"125\" longdesc=\"https:\/\/www.archdaily.cl\/cl\/1042805\/as-seen-below-la-cupula-un-skyspace-james-turrell-plus-shl\/6a34553c85760e018921b0b8-as-seen-below-the-dome-a-skyspace-james-turrell-plus-schmidt-hammer-lassen-photo\" title=\"\u00a9 Adam M\u00f8rk\" width=\"125\"\/><\/a><a class=\"thumbs__link\" data-nr-picture-id=\"6a34553e6c38480188c18554\" href=\"https:\/\/www.archdaily.cl\/cl\/1042805\/as-seen-below-la-cupula-un-skyspace-james-turrell-plus-shl\/6a34553e6c38480188c18554-as-seen-below-the-dome-a-skyspace-james-turrell-plus-schmidt-hammer-lassen-photo\" rel=\"attachment nofollow noopener\" target=\"_blank\"><img loading=\"lazy\" decoding=\"async\" alt=\"As Seen Below \u2013 La C\u00fapula, un Skyspace \/ James Turrell + SHL - Imagen 4 de 20\" class=\"thumbs__img b-lazy\" data-nr-picture-id=\"6a34553e6c38480188c18554\" data-pin-nopin=\"true\" src=\"https:\/\/www.europesays.com\/es\/wp-content\/uploads\/2026\/06\/as-seen-below-the-dome-a-skyspace-james-turrell-plus-schmidt-hammer-lassen_11.jpg\" height=\"125\" longdesc=\"https:\/\/www.archdaily.cl\/cl\/1042805\/as-seen-below-la-cupula-un-skyspace-james-turrell-plus-shl\/6a34553e6c38480188c18554-as-seen-below-the-dome-a-skyspace-james-turrell-plus-schmidt-hammer-lassen-photo\" title=\"\u00a9 Adam M\u00f8rk\" width=\"125\"\/><\/a><a class=\"thumbs__link\" data-nr-picture-id=\"6a34553f6c38480188c18557\" href=\"https:\/\/www.archdaily.cl\/cl\/1042805\/as-seen-below-la-cupula-un-skyspace-james-turrell-plus-shl\/6a34553f6c38480188c18557-as-seen-below-the-dome-a-skyspace-james-turrell-plus-schmidt-hammer-lassen-photo\" rel=\"attachment nofollow noopener\" target=\"_blank\"><img loading=\"lazy\" decoding=\"async\" alt=\"As Seen Below \u2013 La C\u00fapula, un Skyspace \/ James Turrell + SHL - Imagen 3 de 20\" class=\"thumbs__img b-lazy\" data-nr-picture-id=\"6a34553f6c38480188c18557\" data-pin-nopin=\"true\" src=\"https:\/\/www.europesays.com\/es\/wp-content\/uploads\/2026\/06\/as-seen-below-the-dome-a-skyspace-james-turrell-plus-schmidt-hammer-lassen_7.jpg\" height=\"125\" longdesc=\"https:\/\/www.archdaily.cl\/cl\/1042805\/as-seen-below-la-cupula-un-skyspace-james-turrell-plus-shl\/6a34553f6c38480188c18557-as-seen-below-the-dome-a-skyspace-james-turrell-plus-schmidt-hammer-lassen-photo\" title=\"\u00a9 Adam M\u00f8rk\" width=\"125\"\/><\/a><a class=\"gallery-link afd-desktop-e\" href=\"https:\/\/www.archdaily.cl\/cl\/1042805\/as-seen-below-la-cupula-un-skyspace-james-turrell-plus-shl\/6a34553f6c38480188c18556-as-seen-below-the-dome-a-skyspace-james-turrell-plus-schmidt-hammer-lassen-photo\" rel=\"nofollow noopener\" target=\"_blank\"><img decoding=\"async\" alt=\"As Seen Below \u2013 La C\u00fapula, un Skyspace \/ James Turrell + SHL - M\u00e1s Im\u00e1genes\" class=\"thumbs__img b-lazy\" src=\"https:\/\/www.europesays.com\/es\/wp-content\/uploads\/2026\/06\/as-seen-below-the-dome-a-skyspace-james-turrell-plus-schmidt-hammer-lassen_15.jpg\" itemprop=\"image\" bad-src=\"data:image\/gif;base64,R0lGODlhAQABAIAAAAUEBAAAACwAAAAAAQABAAACAkQBADs=\"\/>+ 15<\/a><\/p>\n<p>    Compartir<\/p>\n<p>Compartir<\/p>\n<ul class=\"afd-share__networks clearfix\">\n<li class=\"afd-share__social\"><a aria-label=\"Facebook\" class=\"afd-share__button\" data-insights-category=\"share\" data-insights-label=\"facebook_sharing_options\" data-insights-value=\"1042805\" data-social=\"facebook\" href=\"https:\/\/www.facebook.com\/sharer\/sharer.php?u=https:\/\/www.archdaily.cl\/cl\/1042805\/as-seen-below-la-cupula-un-skyspace-james-turrell-plus-shl\" rel=\"nofollow noopener\" target=\"_blank\"><\/a>\n<p>Facebook<\/p>\n<\/li>\n<li class=\"afd-share__social\"><a aria-label=\"Twitter\" class=\"afd-share__button\" data-insights-category=\"share\" data-insights-label=\"twitter_sharing_options\" data-insights-value=\"1042805\" data-social=\"twitter\" href=\"https:\/\/twitter.com\/intent\/tweet?text=As%20Seen%20Below%20%E2%80%93%20La%20C%C3%BApula%2C%20un%20Skyspace%20%2F%20James%20Turrell%20%2B%20SHL&amp;url=https:\/\/www.archdaily.cl\/cl\/1042805\/as-seen-below-la-cupula-un-skyspace-james-turrell-plus-shl&amp;via=parq\" rel=\"nofollow noopener\" target=\"_blank\"><\/a>\n<p>Twitter<\/p>\n<\/li>\n<li class=\"afd-share__social\"><a class=\"afd-share__button\" data-insights-category=\"share\" data-insights-label=\"email_sharing_options\" data-insights-value=\"1042805\" data-social=\"email\" href=\"mailto:?subject=As Seen Below \u2013 La C\u00fapula, un Skyspace \/ James Turrell + SHL&amp;body=https:\/\/www.archdaily.cl\/cl\/1042805\/as-seen-below-la-cupula-un-skyspace-james-turrell-plus-shl\"><\/a>\n<p>Mail<\/p>\n<\/li>\n<li class=\"afd-share__social\"><a aria-label=\"Pinterest\" class=\"afd-share__button\" data-insights-category=\"share\" data-insights-label=\"pinterest_sharing_options\" data-insights-value=\"1042805\" data-social=\"pinterest\" href=\"https:\/\/pinterest.com\/pin\/create\/button\/?url=https%3A%2F%2Fwww.archdaily.cl%2Fcl%2F1042805%2Fas-seen-below-la-cupula-un-skyspace-james-turrell-plus-shl&amp;media=https%3A%2F%2Fimages.adsttc.com%2Fmedia%2Fimages%2F6a34%2F553f%2F6c38%2F4801%2F88c1%2F8556%2Flarge_jpg%2Fas-seen-below-the-dome-a-skyspace-james-turrell-plus-schmidt-hammer-lassen_15.jpg%3F1781814679&amp;description=As%20Seen%20Below%20%E2%80%93%20La%20C%C3%BApula%2C%20un%20Skyspace%20%2F%20James%20Turrell%20%2B%20SHL\" rel=\"nofollow noopener\" target=\"_blank\"><\/a>\n<p>Pinterest<\/p>\n<\/li>\n<li class=\"afd-share__social\"><a aria-label=\"Whatsapp\" class=\"afd-share__button\" data-action=\"share\/whatsapp\/share\" data-insights-category=\"share\" data-insights-label=\"whatsapp_sharing_options\" data-insights-value=\"1042805\" data-social=\"whatsapp\" href=\"whatsapp:\/\/send?text=As+Seen+Below+%E2%80%93+La+C%C3%BApula%2C+un+Skyspace+%2F+James+Turrell+%2B+SHL+%7C+https%3A%2F%2Fwww.archdaily.cl%2Fcl%2F1042805%2Fas-seen-below-la-cupula-un-skyspace-james-turrell-plus-shl%3Futm_source%3DWhatsapp%26utm_medium%3DIM%26utm_campaign%3Dshare-button\" rel=\"nofollow\"><\/a>\n<p>Whatsapp<\/p>\n<\/li>\n<\/ul>\n<p>O<\/p>\n<p>https:\/\/www.archdaily.cl\/cl\/1042805\/as-seen-below-la-cupula-un-skyspace-james-turrell-plus-shl<\/p>\n<p>  Portapapeles<\/p>\n<p>              \u00abCOPY\u00bb<\/p>\n<p>Copiar<br \/>\n<a class=\"js-image-size__link lazy-anchor\" href=\"https:\/\/www.archdaily.cl\/cl\/1042805\/as-seen-below-la-cupula-un-skyspace-james-turrell-plus-shl\/6a34553e6c38480188c18553-as-seen-below-the-dome-a-skyspace-james-turrell-plus-schmidt-hammer-lassen-photo\" rel=\"nofollow noopener\" target=\"_blank\"><img decoding=\"async\" alt=\"As Seen Below \u2013 La C\u00fapula, un Skyspace \/ James Turrell + SHL - Fotograf\u00eda exterior\" data-nr-picture-id=\"6a34553e6c38480188c18553\" height=\"427\" itemprop=\"image\" loading=\"lazy\" longdesc=\"https:\/\/www.archdaily.cl\/cl\/1042805\/as-seen-below-la-cupula-un-skyspace-james-turrell-plus-shl\/6a34553e6c38480188c18553-as-seen-below-the-dome-a-skyspace-james-turrell-plus-schmidt-hammer-lassen-photo\" src=\"https:\/\/www.europesays.com\/es\/wp-content\/uploads\/2026\/06\/1782637956_951_as-seen-below-the-dome-a-skyspace-james-turrell-plus-schmidt-hammer-lassen_14.jpg\" width=\"640\"\/>\u00a9 Adam M\u00f8rk<\/a><\/p>\n<p>Descripci\u00f3n enviada por el equipo del proyecto. Con As Seen Below, ARoS obtiene una nueva obra de referencia internacional de uno de los artistas m\u00e1s influyentes de nuestro tiempo, James Turrell. La instalaci\u00f3n representa la culminaci\u00f3n de la expansi\u00f3n subterr\u00e1nea del museo de aproximadamente 4,000 metros cuadrados y refuerza la posici\u00f3n de ARoS como un destino internacional donde el arte, la arquitectura y la experiencia convergen.<\/p>\n<p><img decoding=\"async\" src=\"https:\/\/www.europesays.com\/es\/wp-content\/uploads\/2026\/06\/1782637960_781_loader-blue.gif\" alt=\"Content Loader\" style=\"width: 40px; margin: 24px;\"\/><script async src=\"https:\/\/platform.twitter.com\/widgets.js\" charset=\"utf-8\"><\/script><\/p>\n","protected":false},"excerpt":{"rendered":"\u00a9 Adam M\u00f8rk + 15 Compartir Compartir Facebook Twitter Mail Pinterest Whatsapp O https:\/\/www.archdaily.cl\/cl\/1042805\/as-seen-below-la-cupula-un-skyspace-james-turrell-plus-shl Portapapeles \u00abCOPY\u00bb Copiar \u00a9&hellip;\n","protected":false},"author":2,"featured_media":630109,"comment_status":"","ping_status":"","sticky":false,"template":"","format":"standard","meta":{"footnotes":""},"categories":[173],"tags":[116998,801,2968,229,233,231,230,232,234,2966,146,147,25,2967,24,30420,470,32608,23,2965],"class_list":["post-630108","post","type-post","status-publish","format-standard","has-post-thumbnail","category-arte-y-diseno","tag-aarhus","tag-arquitectura","tag-arquitectura-cultural","tag-arte","tag-arte-y-diseno","tag-arts","tag-arts-and-design","tag-design","tag-diseno","tag-diseno-urbano","tag-entertainment","tag-entretenimiento","tag-es","tag-espacio-publico","tag-espana","tag-instalacion","tag-museo","tag-museos-y-espacios-de-exhibicion","tag-spain","tag-urbanismo"],"share_on_mastodon":{"url":"https:\/\/pubeurope.com\/@es\/116826968119156526","error":""},"_links":{"self":[{"href":"https:\/\/www.europesays.com\/es\/wp-json\/wp\/v2\/posts\/630108","targetHints":{"allow":["GET"]}}],"collection":[{"href":"https:\/\/www.europesays.com\/es\/wp-json\/wp\/v2\/posts"}],"about":[{"href":"https:\/\/www.europesays.com\/es\/wp-json\/wp\/v2\/types\/post"}],"author":[{"embeddable":true,"href":"https:\/\/www.europesays.com\/es\/wp-json\/wp\/v2\/users\/2"}],"replies":[{"embeddable":true,"href":"https:\/\/www.europesays.com\/es\/wp-json\/wp\/v2\/comments?post=630108"}],"version-history":[{"count":0,"href":"https:\/\/www.europesays.com\/es\/wp-json\/wp\/v2\/posts\/630108\/revisions"}],"wp:featuredmedia":[{"embeddable":true,"href":"https:\/\/www.europesays.com\/es\/wp-json\/wp\/v2\/media\/630109"}],"wp:attachment":[{"href":"https:\/\/www.europesays.com\/es\/wp-json\/wp\/v2\/media?parent=630108"}],"wp:term":[{"taxonomy":"category","embeddable":true,"href":"https:\/\/www.europesays.com\/es\/wp-json\/wp\/v2\/categories?post=630108"},{"taxonomy":"post_tag","embeddable":true,"href":"https:\/\/www.europesays.com\/es\/wp-json\/wp\/v2\/tags?post=630108"}],"curies":[{"name":"wp","href":"https:\/\/api.w.org\/{rel}","templated":true}]}}