{"id":63020,"date":"2025-08-21T18:29:04","date_gmt":"2025-08-21T18:29:04","guid":{"rendered":"https:\/\/www.europesays.com\/es\/63020\/"},"modified":"2025-08-21T18:29:04","modified_gmt":"2025-08-21T18:29:04","slug":"las-escuelas-publicas-controlaran-la-vestimenta-y-el-peinado-de-los-alumnos","status":"publish","type":"post","link":"https:\/\/www.europesays.com\/es\/63020\/","title":{"rendered":"las escuelas p\u00fablicas &#8216;controlar\u00e1n&#8217; la vestimenta y el peinado de los alumnos"},"content":{"rendered":"<p class=\"c-paragraph\">Las escuelas p\u00fablicas de <a href=\"https:\/\/www.20minutos.es\/tags\/lugares\/el-salvador.html\" title=\"El Salvador\" rel=\"nofollow noopener\" target=\"_blank\">El Salvador<\/a> implementan desde este mi\u00e9rcoles un estricto control, que incluye<b> revisar que los estudiantes vistan un uniforme limpio, cabello adecuado y brinden un saludo respetuoso, <\/b>como medida de \u00aborden y disciplina\u00bb impulsada por la nueva ministra de Educaci\u00f3n, la capitana y doctora Karla Trigueros.<\/p>\n<p class=\"c-paragraph\">Trigueros, cuyo nombramiento como ministra fue dado a conocer el 15 de agosto por el presidente salvadore\u00f1o, Nayib Bukele, envi\u00f3 el lunes un memor\u00e1ndum de \u00abcar\u00e1cter obligatorio\u00bb con las<b> \u00abmedidas disciplinarias\u00bb para el ingreso de los estudiantes,<\/b> como una de sus primera acciones en su cargo. El nombramiento de la ministra, que ingres\u00f3 como cadete en la Escuela Militar Capit\u00e1n General Gerardo Barrios en enero de 2007 y luego obtuvo una beca para estudiar Medicina en la Universidad Salvadore\u00f1a Alberto Masferrer, ha dividido opiniones en el pa\u00eds, con alta presencia en las calles y lugares p\u00fablicos de militares.<\/p>\n<p class=\"c-paragraph\">Uniforme limpio y ordenado, corte de cabello adecuado, presentaci\u00f3n correcta y saludo respetuoso, son las disposiciones que los alumnos deben cumplir y que los directores y maestros de las escuelas deben supervisar. De no hacerlo, de acuerdo con el memor\u00e1ndum,<b> \u00abser\u00e1 considerada una falta grave de responsabilidad administrativa\u00bb<\/b> y \u00abdar\u00e1 lugar a las acciones correspondientes\u00bb.<\/p>\n<p class=\"c-paragraph\">Vicky de Alvarado, directora del Instituto Nacional General Francisco Men\u00e9ndez, conocido como Inframen, ha se\u00f1alado que en la instituci\u00f3n que dirige se cuenta con medidas disciplinarias \u00abpermanentes\u00bb y ha catalogado de<b> \u00abmuy buenas\u00bb las disposiciones de la ministra<\/b>. \u00abLas medidas disciplinarias (en el instituto) siempre las estamos llevando a cabo a trav\u00e9s de los docentes en el aula y de los coordinadores, siempre andamos acatando las medidas tanto del Ministerio de Educaci\u00f3n como las de la instituci\u00f3n\u00bb, explica la docente.<\/p>\n<p class=\"c-paragraph\">Asegura que las disposiciones de Trigueros \u00abse van hacer con mucha m\u00e1s rapidez y se van a aplicar m\u00e1s\u00bb, y ha solicitado el apoyo de madres y padres para que <b>\u00abenv\u00eden a sus hijos ordenados y con buena presentaci\u00f3n\u00bb.<\/b> En el Inframen se concentran alrededor de 2.700 estudiantes de educaci\u00f3n media de diferentes zonas de San Salvador.<\/p>\n<p class=\"c-paragraph\">Seg\u00fan constat\u00f3 Efe, este mi\u00e9rcoles se implement\u00f3 un control estricto a los alumnos. Maestros verificaron<b> cortes de cabello y el adecuado uso del uniforme, <\/b>llamando la atenci\u00f3n a aquellos j\u00f3venes que no reun\u00edan los requisitos.<\/p>\n<p>Bukele defiende el uso de \u00abmedidas disciplinarias\u00bb<\/p>\n<p class=\"c-paragraph\">El presidente de El Salvador ha defendido las nuevas pol\u00edticas impulsadas por la ministra de Educaci\u00f3n, Karla Trigueros, para hacer uso de \u00abmedidas disciplinarias\u00bb contra los alumnos en un intento de \u00abtransformar la educaci\u00f3n\u00bb. \u00ab<b>Para construir El Salvador que so\u00f1amos, est\u00e1 claro que debemos transformar por completo nuestro sistema educativo\u00bb<\/b>, ha afirmado Bukele en redes sociales.\u00a0<\/p>\n<p class=\"c-paragraph\">Seg\u00fan el presidente, la ministra tiene la misi\u00f3n de \u00ab<b>preparar a las futuras generaciones<\/b> para hacer frente a los desaf\u00edos del ma\u00f1ana y alcanzar los m\u00e1s altos est\u00e1ndares de calidad\u00bb.\u00a0<\/p>\n","protected":false},"excerpt":{"rendered":"Las escuelas p\u00fablicas de El Salvador implementan desde este mi\u00e9rcoles un estricto control, que incluye revisar que los&hellip;\n","protected":false},"author":2,"featured_media":63021,"comment_status":"","ping_status":"","sticky":false,"template":"","format":"standard","meta":{"footnotes":""},"categories":[42],"tags":[17,18,26022,419,13,14,11,26021,61,62,63,64,19,20,9,10,15,16,10694,2256,12,21,22,65,66,67],"class_list":{"0":"post-63020","1":"post","2":"type-post","3":"status-publish","4":"format-standard","5":"has-post-thumbnail","7":"category-internacional","8":"tag-breaking-news","9":"tag-breakingnews","10":"tag-disposiciones","11":"tag-escuelas","12":"tag-featured-news","13":"tag-featurednews","14":"tag-headlines","15":"tag-implementan","16":"tag-internacional","17":"tag-international","18":"tag-international-news","19":"tag-internationalnews","20":"tag-latest-news","21":"tag-latestnews","22":"tag-news","23":"tag-noticias","24":"tag-noticias-destacadas","25":"tag-noticiasdestacadas","26":"tag-publicas","27":"tag-salvador","28":"tag-titulares","29":"tag-ultimas-noticias","30":"tag-ultimasnoticias","31":"tag-world","32":"tag-world-news","33":"tag-worldnews"},"share_on_mastodon":{"url":"","error":""},"_links":{"self":[{"href":"https:\/\/www.europesays.com\/es\/wp-json\/wp\/v2\/posts\/63020","targetHints":{"allow":["GET"]}}],"collection":[{"href":"https:\/\/www.europesays.com\/es\/wp-json\/wp\/v2\/posts"}],"about":[{"href":"https:\/\/www.europesays.com\/es\/wp-json\/wp\/v2\/types\/post"}],"author":[{"embeddable":true,"href":"https:\/\/www.europesays.com\/es\/wp-json\/wp\/v2\/users\/2"}],"replies":[{"embeddable":true,"href":"https:\/\/www.europesays.com\/es\/wp-json\/wp\/v2\/comments?post=63020"}],"version-history":[{"count":0,"href":"https:\/\/www.europesays.com\/es\/wp-json\/wp\/v2\/posts\/63020\/revisions"}],"wp:featuredmedia":[{"embeddable":true,"href":"https:\/\/www.europesays.com\/es\/wp-json\/wp\/v2\/media\/63021"}],"wp:attachment":[{"href":"https:\/\/www.europesays.com\/es\/wp-json\/wp\/v2\/media?parent=63020"}],"wp:term":[{"taxonomy":"category","embeddable":true,"href":"https:\/\/www.europesays.com\/es\/wp-json\/wp\/v2\/categories?post=63020"},{"taxonomy":"post_tag","embeddable":true,"href":"https:\/\/www.europesays.com\/es\/wp-json\/wp\/v2\/tags?post=63020"}],"curies":[{"name":"wp","href":"https:\/\/api.w.org\/{rel}","templated":true}]}}