{"id":630201,"date":"2026-06-28T10:30:50","date_gmt":"2026-06-28T10:30:50","guid":{"rendered":"https:\/\/www.europesays.com\/es\/630201\/"},"modified":"2026-06-28T10:30:50","modified_gmt":"2026-06-28T10:30:50","slug":"bola-de-dragon-z-kai-llega-a-canalsur-mas-en-un-verano-cargado-de-estrenos-cine-documentales-y-grandes-clasicos-de-canal-sur","status":"publish","type":"post","link":"https:\/\/www.europesays.com\/es\/630201\/","title":{"rendered":"Bola de Drag\u00f3n Z Kai llega a CanalSur M\u00e1s en un verano cargado de estrenos, cine, documentales y grandes cl\u00e1sicos de Canal Sur"},"content":{"rendered":"<p class=\"paragraph-atom &#10;        A-500-300-700-N A-550-300-700-N--md  \">\n                    La llegada de esta producci\u00f3n supone el regreso de un universo que marc\u00f3 a miles de espectadores que crecieron disfrutando de las aventuras de Goku y sus amigos en la programaci\u00f3n de Canal 2 Andaluc\u00eda, convirti\u00e9ndose en uno de los fen\u00f3menos televisivos m\u00e1s recordados de la historia reciente de la cadena.\n            <\/p>\n<p class=\"paragraph-atom &#10;        A-500-300-700-N A-550-300-700-N--md  \">\n                    Bola de Drag\u00f3n Z Kai\u00a0es una versi\u00f3n remasterizada y revisada de la m\u00edtica serie creada por Akira Toriyama, adaptada a la alta definici\u00f3n y con un ritmo narrativo m\u00e1s \u00e1gil, eliminando tramas de relleno y acercando la historia a la obra original. La producci\u00f3n fue concebida para conmemorar el vig\u00e9simo aniversario de\u00a0Dragon Ball Z\u00a0y se ha consolidado como una de las mejores puertas de entrada al universo Dragon Ball para nuevas generaciones de espectadores.\n            <\/p>\n<p class=\"paragraph-atom &#10;        A-500-300-700-N A-550-300-700-N--md  \">\n                    Con este estreno, CanalSur M\u00e1s contin\u00faa reforzando su apuesta por el anime, un g\u00e9nero con una amplia comunidad de seguidores en Andaluc\u00eda y una fuerte capacidad para conectar distintas generaciones de espectadores. La incorporaci\u00f3n de\u00a0Bola de Drag\u00f3n Z Kai\u00a0completa una destacada selecci\u00f3n de t\u00edtulos disponibles en la plataforma, entre los que se encuentran\u00a0Sakura,\u00a0Mazinger Z Edici\u00f3n Impacto,\u00a0Naruto,\u00a0Ranma \u00bd,\u00a0Los Caballeros del Zodiaco: The Lost Canvas,\u00a0Detective Conan,\u00a0Monster Hunter\u00a0y\u00a0Neon Genesis Evangelion, configurando una de las ofertas de anime m\u00e1s completas disponibles en una plataforma p\u00fablica espa\u00f1ola.\n            <\/p>\n<p class=\"paragraph-atom &#10;        A-500-300-700-N A-550-300-700-N--md  \">\n                    <strong>Un verano repleto de novedades<\/strong>\n            <\/p>\n<p class=\"paragraph-atom &#10;        A-500-300-700-N A-550-300-700-N--md  \">\n                    La incorporaci\u00f3n de\u00a0Bola de Drag\u00f3n Z Kai\u00a0forma parte de una amplia oferta de contenidos con la que CanalSur M\u00e1s afronta el verano, reforzando su cat\u00e1logo con estrenos, programas de producci\u00f3n propia, documentales, cine y la recuperaci\u00f3n de algunos de los formatos m\u00e1s emblem\u00e1ticos de la historia de Canal Sur.\n            <\/p>\n<p class=\"paragraph-atom &#10;        A-500-300-700-N A-550-300-700-N--md  \">\n                    La plataforma ha iniciado la temporada estival con dos importantes estrenos de TV lineal para las noches de los martes y jueves, liderados por dos de los rostros m\u00e1s reconocidos de la cadena. Con To\u00f1i Moreno al frente,\u00a0El hilo verde\u00a0propone entrevistas \u00edntimas y en profundidad en las que personajes populares comparten su lado m\u00e1s personal y su v\u00ednculo con sus ra\u00edces. Por su parte, Juan y Medio da el salto al prime time con\u00a0Dos y Medio, un espacio nocturno basado en conversaciones cercanas y distendidas con invitados de especial relevancia.\n            <\/p>\n<p class=\"paragraph-atom &#10;        A-500-300-700-N A-550-300-700-N--md  \">\n                    La programaci\u00f3n veraniega se completa con\u00a0La terraza del verano, conducido por Eva Ruiz, que llevar\u00e1 entretenimiento, m\u00fasica y actualidad a las noches de los s\u00e1bados. Tambi\u00e9n llega\u00a0A dedo, un recorrido por Andaluc\u00eda para descubrir las historias de ciudadanos an\u00f3nimos que representan la riqueza humana de nuestra tierra. Junto a \u00e9l regresa una nueva temporada de\u00a0A toda costa, que volver\u00e1 a recorrer la geograf\u00eda andaluza para mostrar c\u00f3mo viven los andaluces sus vacaciones.\n            <\/p>\n<p class=\"paragraph-atom &#10;        A-500-300-700-N A-550-300-700-N--md  \">\n                    En el \u00e1mbito documental, CanalSur M\u00e1s refuerza su apuesta por los contenidos de calidad con varios estrenos destacados durante los pr\u00f3ximos meses. A la llegada de\u00a0Jes\u00fas Navas, sobran las palabras, producci\u00f3n del Sevilla FC que repasa en cinco episodios los m\u00e1s de veinte a\u00f1os de trayectoria profesional del futbolista de Los Palacios a trav\u00e9s de im\u00e1genes in\u00e9ditas y testimonios exclusivos, se suman tres importantes producciones documentales de estreno.\n            <\/p>\n<p class=\"paragraph-atom &#10;        A-500-300-700-N A-550-300-700-N--md  \">\n                    El pr\u00f3ximo 4 de julio llegar\u00e1\u00a0Descifrando a Hermida, un recorrido por la figura y el legado de uno de los comunicadores m\u00e1s influyentes de la televisi\u00f3n espa\u00f1ola. El 11 de agosto ser\u00e1 el turno de\u00a0Eclipse, una nueva producci\u00f3n documental que se incorpora a la oferta de verano de la plataforma. Y el 5 de septiembre se estrenar\u00e1\u00a0Porom Pom Pero&#8230; Manolo Escobar, un homenaje a uno de los artistas m\u00e1s populares y queridos de la m\u00fasica espa\u00f1ola, cuya trayectoria forma parte de la memoria colectiva de varias generaciones.\n            <\/p>\n<p class=\"paragraph-atom &#10;        A-500-300-700-N A-550-300-700-N--md  \">\n                    Adem\u00e1s, con motivo de la celebraci\u00f3n del Orgullo LGTBI+, CanalSur M\u00e1s ofrecer\u00e1 una selecci\u00f3n especial de pel\u00edculas y documentales centrados en historias vinculadas a la diversidad y los derechos del colectivo. Entre los t\u00edtulos destacados se encuentran\u00a0Te estoy amando locamente,\u00a0Como Dios manda\u00a0y\u00a0Elisa y Marcela, entre otros contenidos especialmente seleccionados para esta conmemoraci\u00f3n.\n            <\/p>\n<p class=\"paragraph-atom &#10;        A-500-300-700-N A-550-300-700-N--md  \">\n                    <strong>El regreso de los grandes cl\u00e1sicos<\/strong>\n            <\/p>\n<p class=\"paragraph-atom &#10;        A-500-300-700-N A-550-300-700-N--md  \">\n                    El verano tambi\u00e9n servir\u00e1 para recuperar algunos de los t\u00edtulos m\u00e1s recordados por la audiencia andaluza. Durante el mes de julio, CanalSur M\u00e1s incorporar\u00e1 nuevas temporadas de dos formatos hist\u00f3ricos de la cadena: la quinta temporada de\u00a0Array\u00e1n\u00a0y la cuarta edici\u00f3n de\u00a0Se llama copla, permitiendo a los espectadores revivir dos de los mayores fen\u00f3menos televisivos de Canal Sur.\n            <\/p>\n<p class=\"paragraph-atom &#10;        A-500-300-700-N A-550-300-700-N--md  \">\n                    Adem\u00e1s, en agosto regresar\u00e1 a la plataforma\u00a0Senderos de Gloria, uno de los programas m\u00e1s exitosos de la televisi\u00f3n andaluza durante los a\u00f1os noventa, presentado por Consuelo Berlanga y recordado por varias generaciones de espectadores.\n            <\/p>\n<p class=\"paragraph-atom &#10;        A-500-300-700-N A-550-300-700-N--md  \">\n                    La oferta estival se completa con una amplia selecci\u00f3n de pel\u00edculas disponibles de forma gratuita en CanalSur M\u00e1s. Durante los pr\u00f3ximos meses, los usuarios podr\u00e1n disfrutar de t\u00edtulos como\u00a0Pisando fuerte,\u00a0Abandonados\u00a0o\u00a0La gran seducci\u00f3n, junto a muchas otras propuestas dirigidas a todos los p\u00fablicos y gustos.\n            <\/p>\n<p class=\"paragraph-atom &#10;        A-500-300-700-N A-550-300-700-N--md  \">\n                    Con esta programaci\u00f3n, CanalSur M\u00e1s contin\u00faa reforzando su apuesta por una oferta diversa y accesible, combinando grandes estrenos, producci\u00f3n propia, recuperaci\u00f3n del patrimonio audiovisual andaluz y contenidos internacionales de referencia para seguir siendo el gran escaparate audiovisual de Andaluc\u00eda en el entorno digital.\n            <\/p>\n","protected":false},"excerpt":{"rendered":"La llegada de esta producci\u00f3n supone el regreso de un universo que marc\u00f3 a miles de espectadores que&hellip;\n","protected":false},"author":2,"featured_media":630202,"comment_status":"","ping_status":"","sticky":false,"template":"","format":"standard","meta":{"footnotes":""},"categories":[171],"tags":[19822,11202,146,147,25,24,24882,5012,23,214,23488],"class_list":["post-630201","post","type-post","status-publish","format-standard","has-post-thumbnail","category-tv","tag-bola","tag-dragon","tag-entertainment","tag-entretenimiento","tag-es","tag-espana","tag-kai","tag-llega","tag-spain","tag-tv","tag-z"],"share_on_mastodon":{"url":"https:\/\/pubeurope.com\/@es\/116827273777734578","error":""},"_links":{"self":[{"href":"https:\/\/www.europesays.com\/es\/wp-json\/wp\/v2\/posts\/630201","targetHints":{"allow":["GET"]}}],"collection":[{"href":"https:\/\/www.europesays.com\/es\/wp-json\/wp\/v2\/posts"}],"about":[{"href":"https:\/\/www.europesays.com\/es\/wp-json\/wp\/v2\/types\/post"}],"author":[{"embeddable":true,"href":"https:\/\/www.europesays.com\/es\/wp-json\/wp\/v2\/users\/2"}],"replies":[{"embeddable":true,"href":"https:\/\/www.europesays.com\/es\/wp-json\/wp\/v2\/comments?post=630201"}],"version-history":[{"count":0,"href":"https:\/\/www.europesays.com\/es\/wp-json\/wp\/v2\/posts\/630201\/revisions"}],"wp:featuredmedia":[{"embeddable":true,"href":"https:\/\/www.europesays.com\/es\/wp-json\/wp\/v2\/media\/630202"}],"wp:attachment":[{"href":"https:\/\/www.europesays.com\/es\/wp-json\/wp\/v2\/media?parent=630201"}],"wp:term":[{"taxonomy":"category","embeddable":true,"href":"https:\/\/www.europesays.com\/es\/wp-json\/wp\/v2\/categories?post=630201"},{"taxonomy":"post_tag","embeddable":true,"href":"https:\/\/www.europesays.com\/es\/wp-json\/wp\/v2\/tags?post=630201"}],"curies":[{"name":"wp","href":"https:\/\/api.w.org\/{rel}","templated":true}]}}