{"id":63022,"date":"2025-08-21T18:33:10","date_gmt":"2025-08-21T18:33:10","guid":{"rendered":"https:\/\/www.europesays.com\/es\/63022\/"},"modified":"2025-08-21T18:33:10","modified_gmt":"2025-08-21T18:33:10","slug":"guadalajara-pisa-fuerte-en-los-ruedos-un-fin-de-semana-repleto-de-triunfos","status":"publish","type":"post","link":"https:\/\/www.europesays.com\/es\/63022\/","title":{"rendered":"Guadalajara pisa fuerte en los ruedos, un fin de semana repleto de triunfos"},"content":{"rendered":"<ul>\n<li style=\"text-align: justify;\"><strong>El \u00faltimo fin de semana ha tenido un marcado acento alcarre\u00f1o en las plazas de toros de distintos puntos de Espa\u00f1a<\/strong><\/li>\n<\/ul>\n<p style=\"text-align: justify;\">Los toreros de Guadalajara, tanto los que se forman en la Escuela Taurina provincial como los que, pese a curtirse en otros centros, tienen ra\u00edces en la tierra, han dejado patente que la cantera local vive un momento brillante y con mucho futuro.<\/p>\n<p>Daniel Moset, protagonista indiscutible<\/p>\n<p style=\"text-align: justify;\">En Altarejos (Cuenca), <strong>Daniel Moset<\/strong> fue el nombre m\u00e1s aclamado tras cortar dos orejas y rabo a un novillo de Los Ronceles, en una faena de gran conexi\u00f3n con el p\u00fablico. Apenas unas horas despu\u00e9s, en Navarrete (La Rioja), volvi\u00f3 a firmar otra actuaci\u00f3n de peso que le vali\u00f3 el t\u00edtulo de\u00a0<strong>Triunfador del certamen \u201cC\u00e1ntaro de Navarrete\u201d<\/strong>, sumando dos orejas m\u00e1s a su cosecha.<\/p>\n<p style=\"text-align: justify;\">En ese mismo festejo riojano, el banderillero\u00a0<strong>Carlos de Mar\u00eda<\/strong>, tambi\u00e9n formado en la escuela alcarre\u00f1a, recibi\u00f3 el premio al mejor subalterno, reconoci\u00e9ndose as\u00ed su colocaci\u00f3n, eficacia y brillantez con los palos.<\/p>\n<p>\u00c9xitos repartidos en distintas plazas<\/p>\n<p style=\"text-align: justify;\">La plaza de Sig\u00fcenza vivi\u00f3 una tarde para el recuerdo con\u00a0<strong>Jes\u00fas Romero<\/strong>, que desat\u00f3 la ovaci\u00f3n general al cortar cuatro orejas en una actuaci\u00f3n que uni\u00f3 mando, entrega y est\u00e9tica.<\/p>\n<p style=\"text-align: justify;\">Por su parte, en El Casar de Escalona (Toledo),\u00a0<strong>Pedro de la Hermosa<\/strong>, torero de ra\u00edces guadalajare\u00f1as y formado en Galapagar, cuaj\u00f3 una s\u00f3lida faena que le permiti\u00f3 pasear dos orejas.<\/p>\n<p style=\"text-align: justify;\">El joven\u00a0<strong>Jaime Torija<\/strong>\u00a0tampoco pas\u00f3 desapercibido: fue finalista del\u00a0<strong>Trofeo Domingo Ortega<\/strong>\u00a0en Toledo, donde se llev\u00f3 dos orejas tras una faena de gran entrega. Adem\u00e1s, firm\u00f3 otro triunfo en Valdeolmos (Madrid) cortando dos ap\u00e9ndices m\u00e1s.<\/p>\n<p style=\"text-align: justify;\">En Villar de la Encina (Cuenca),\u00a0<strong>Alejandro Garc\u00eda<\/strong>\u00a0sali\u00f3 en hombros tras cortar dos orejas a un novillo de Apolinar Rodr\u00edguez, mostrando variedad y conexi\u00f3n con los tendidos. Mientras, en Sig\u00fcenza,\u00a0<strong>Pablo M\u00e9ndez<\/strong>\u00a0consigui\u00f3 una oreja en una exigente novillada con caballos, dejando detalles de su concepto art\u00edstico.<\/p>\n<p style=\"text-align: justify;\">Y en Pedro Bernardo (\u00c1vila), <strong>Moset y Torija<\/strong> volvieron a compartir protagonismo, saliendo ambos a hombros en una tarde que confirm\u00f3 su gran momento de forma.<\/p>\n<p>Regreso de V\u00edctor Hern\u00e1ndez<\/p>\n<p style=\"text-align: justify;\">El matador de toros\u00a0<strong>V\u00edctor Hern\u00e1ndez<\/strong>\u00a0reapareci\u00f3 en M\u00e1laga tras un tiempo alejado de los ruedos y lo hizo con nota alta: cort\u00f3 una oreja y fue ovacionado por su entrega, abriendo una nueva etapa en su carrera profesional.<\/p>\n<p>Guadalajara, cantera taurina en auge<\/p>\n<p style=\"text-align: justify;\">El balance de este intenso fin de semana confirma lo que ya es una evidencia: Guadalajara se ha consolidado como tierra de toreros. Sus j\u00f3venes figuras, respaldadas por la Escuela Taurina, acumulan triunfos en distintos ruedos y se posicionan con fuerza en el panorama novilleril nacional.<\/p>\n<p style=\"text-align: justify;\">La afici\u00f3n alcarre\u00f1a tiene motivos para ilusionarse: el relevo generacional est\u00e1 garantizado y lo demostrado en estas jornadas no es m\u00e1s que un anticipo de lo que puede llegar en los pr\u00f3ximos meses.<\/p>\n<p>\n\tRelacionado<\/p>\n","protected":false},"excerpt":{"rendered":"El \u00faltimo fin de semana ha tenido un marcado acento alcarre\u00f1o en las plazas de toros de distintos&hellip;\n","protected":false},"author":2,"featured_media":63023,"comment_status":"","ping_status":"","sticky":false,"template":"","format":"standard","meta":{"footnotes":""},"categories":[277],"tags":[373,168,25,25204,24,439,23,167,374],"class_list":{"0":"post-63022","1":"post","2":"type-post","3":"status-publish","4":"format-standard","5":"has-post-thumbnail","7":"category-toreo","8":"tag-bullfighting","9":"tag-deportes","10":"tag-es","11":"tag-escuela-taurina-de-guadalajara","12":"tag-espana","13":"tag-guadalajara","14":"tag-spain","15":"tag-sports","16":"tag-toreo"},"share_on_mastodon":{"url":"","error":""},"_links":{"self":[{"href":"https:\/\/www.europesays.com\/es\/wp-json\/wp\/v2\/posts\/63022","targetHints":{"allow":["GET"]}}],"collection":[{"href":"https:\/\/www.europesays.com\/es\/wp-json\/wp\/v2\/posts"}],"about":[{"href":"https:\/\/www.europesays.com\/es\/wp-json\/wp\/v2\/types\/post"}],"author":[{"embeddable":true,"href":"https:\/\/www.europesays.com\/es\/wp-json\/wp\/v2\/users\/2"}],"replies":[{"embeddable":true,"href":"https:\/\/www.europesays.com\/es\/wp-json\/wp\/v2\/comments?post=63022"}],"version-history":[{"count":0,"href":"https:\/\/www.europesays.com\/es\/wp-json\/wp\/v2\/posts\/63022\/revisions"}],"wp:featuredmedia":[{"embeddable":true,"href":"https:\/\/www.europesays.com\/es\/wp-json\/wp\/v2\/media\/63023"}],"wp:attachment":[{"href":"https:\/\/www.europesays.com\/es\/wp-json\/wp\/v2\/media?parent=63022"}],"wp:term":[{"taxonomy":"category","embeddable":true,"href":"https:\/\/www.europesays.com\/es\/wp-json\/wp\/v2\/categories?post=63022"},{"taxonomy":"post_tag","embeddable":true,"href":"https:\/\/www.europesays.com\/es\/wp-json\/wp\/v2\/tags?post=63022"}],"curies":[{"name":"wp","href":"https:\/\/api.w.org\/{rel}","templated":true}]}}