{"id":63026,"date":"2025-08-21T18:35:05","date_gmt":"2025-08-21T18:35:05","guid":{"rendered":"https:\/\/www.europesays.com\/es\/63026\/"},"modified":"2025-08-21T18:35:05","modified_gmt":"2025-08-21T18:35:05","slug":"una-cuestion-de-orgullo-muy-bacano-poner-mi-nombre-al-lado-de-estos-grandes","status":"publish","type":"post","link":"https:\/\/www.europesays.com\/es\/63026\/","title":{"rendered":"&#8216;Una cuesti\u00f3n de orgullo, muy bacano poner mi nombre al lado de estos grandes&#8217;"},"content":{"rendered":"<p><b>Juan Sebasti\u00e1n Mu\u00f1oz <\/b>todav\u00eda trata de acomodar sus emociones luego de vivir uno de los mejores fines de semana de su carrera, <b>el del primer triunfo en el LIV Golf, en Indian\u00e1polis,<\/b> donde firm\u00f3 la mejor tarjeta de su carrera, 59 golpes, 12 bajo par, y donde venci\u00f3 en un desempate al espa\u00f1ol Jon Rahm, el mejor jugador del circuito en 2025.<\/p>\n<p>Mu\u00f1oz y su equipo, Torque (que tambi\u00e9n gan\u00f3 en Indian\u00e1polis luego de buscarlo todo el a\u00f1o), se preparan para el \u00faltimo torneo del a\u00f1o del circuito \u00e1rabe, que comenzar\u00e1 este viernes en Michigan. El bogotano habl\u00f3 con EL TIEMPO desde Detroit.<\/p>\n<p class=\"c-leatambien__titulo\"> LEA TAMBI\u00c9N <\/p>\n<p><img decoding=\"async\" alt=\"Juan Sebasti\u00e1n Mu\u00f1oz\" width=\"120\" height=\"120\" loading=\"lazy\" src=\"https:\/\/imagenes.eltiempo.com\/files\/image_120_120\/files\/fp\/uploads\/2025\/08\/17\/68a2998b35b59.r_d.1486-1041.jpeg\" data-full-src=\"https:\/\/www.europesays.com\/es\/wp-content\/uploads\/2025\/08\/68a2998b35b59.jpeg\"\/>\u00bfEste pudo ser el mejor fin de semana de su carrera?<\/p>\n<p>Todav\u00eda no lo he catalogado, fue espectacular. Como torneo de golf s\u00ed pudo ser el mejor de mi vida. <b>Si lo comparo con mi matrimonio, eso es otra categor\u00eda aparte, y luego la Presidents Cup, que fue muy especial.<\/b><\/p>\n<p class=\"c-cuerpo__media__txt\">Juan Sebasti\u00e1n Mu\u00f1oz Foto:Getty Images via AFP<\/p>\n<p>El comienzo en Indian\u00e1polis fue brillante: 59 golpes.<\/p>\n<p>Fue muy divertido. Para m\u00ed el hecho de cazar birdies siempre lo ha sido. Apenas hice el doble bogey, empec\u00e9 a hacer y a hacer birdies y me dije que si podia llegar al par 5 y lo hago, llegar\u00eda a ocho seguidos y empatar\u00eda mi r\u00e9cord personal, entonces era algo que me animaba, me desafiaba. Lo logr\u00e9. Llegu\u00e9 a un par 3 que tuve para birdie, pero hice par. No pensaba que iba seguir haci\u00e9ndolos. Ya cuando llegu\u00e9 al 17 y al 18, dije \u201cwow, puedo hacerlo\u201d, y luego en el 1, de nuevo lo hice. Fue muy especial y aunque s\u00ed estaba haciendo muchos birdies, no esperaba ver un 59 hasta el \u00faltimo hoyo.<\/p>\n<p>\u00bfTuvo alg\u00fan tratamiento especial ese d\u00eda por la tarjeta?<\/p>\n<p>Una entrevista en la que me botaron un par de flores, pero no. Lo que s\u00ed fue especial fue <b>cuando llegu\u00e9 al comedor de los jugadores y me recibieron con una ovaci\u00f3n. Eso no me lo esperaba.<\/b><\/p>\n<p class=\"c-cuerpo__media__txt\">El festejo de Juan Sebasti\u00e1n Mu\u00f1oz Foto:Mateo Villalba\/LIV Golf<\/p>\n<p>El domingo, Jon Rahm se le acerc\u00f3 mucho en la tabla. \u00bfSinti\u00f3 en alg\u00fan momento que se le escapaba el triunfo?<\/p>\n<p>Cuando hice el bogey del 15 le dej\u00e9 la puerta abierta. No hab\u00eda un tablero que me lo confirmara, pero cuando llegu\u00e9 al 16, vi que me llevaba un golpe y le faltaba un hoyo por jugar. Ah\u00ed s\u00ed me dije \u201cotra vez este tipo, imparable\u201d. Le gan\u00f3 a mi capit\u00e1n, Joaqu\u00edn Niemann, que estaba jugando por su n\u00famero uno del a\u00f1o. Cuando voy para el 17, volv\u00ed a mirar el tablero y ya me llevaba dos. Entonces, fue como naaaah&#8230; <b>Ah\u00ed habl\u00e9 con mi cadi (Jos\u00e9 Luis Campra) y me dijo que si en este hoyo pod\u00eda dejarla cerca, solo necesitar\u00eda el birdie del 18. Me concentr\u00e9 en la tarea del momento, dejarla cerca, y lo logr\u00e9, y luego en el 18 otra vez igual. Entonces nos fuimos para el playoff.<\/b><\/p>\n<p>\u00bfQu\u00e9 significa haber vencido en ese playoff al mejor jugador de la temporada?<\/p>\n<p>Llevaba varios a\u00f1os sin poder con Jon Rahm. Lo enfrent\u00e9 dos veces en match play en el PGA Tour, uno perd\u00ed en el 18 y otra en el 16. Lo enfrent\u00e9 en Augusta y tambi\u00e9n me gan\u00f3 y en Valderrama, que es el torneo de \u00e9l, tambi\u00e9n me venci\u00f3. Siempre me ha impresionado lo bueno que es. Cuando lo vi caminando hacia m\u00ed en el 18, empec\u00e9 a maquinar una pel\u00edcula: si quiero ganar un torneo tengo que vencer al rival m\u00e1s fuerte. Fue como emotiva esa parte, es el rival que quer\u00eda en un escenario so\u00f1ado. Sab\u00eda que ten\u00eda que ganarle r\u00e1pido. <b>Fue decisivo hacer el birdie en el primer hoyo y tuve la suerte de que \u00e9l le peg\u00f3 a la bandera y no pudo hacer el birdie.<\/b><\/p>\n<p class=\"c-cuerpo__media__txt\">Juan Sebasti\u00e1n Mu\u00f1oz, en la segunda ronda del LIV Golf en Indian\u00e1polis. Foto:Getty Images via AFP<\/p>\n<p>\u00bfQu\u00e9 ha sido m\u00e1s importante para usted, esta victoria contra Rahm o la que consigui\u00f3 contra Scottie Scheffler en la Presidents Cup?<\/p>\n<p>Ambas fueron importantes.<b> Yo dir\u00eda que la de Scottie fue m\u00e1s rescatable porque fueron 18 hoyos de match play y era el n\u00famero del momento. <\/b>Rahm es el n\u00famero de la Liga y siento que debe ser uno de los tres mejores del momento, pero fue solamente un hoyo.<\/p>\n<p>Su capit\u00e1n en Torque, Joaqu\u00edn Niemann, pudo ser el jugador del a\u00f1o y lo perdi\u00f3 con la monstruosa ronda de Rahm. En un momento, cuando usted gan\u00f3, parec\u00eda que \u00e9l tambi\u00e9n. \u00bfQu\u00e9 pas\u00f3?<\/p>\n<p>A Joaco siento que le doli\u00f3. Ven\u00eda trabajando muy fuerte, ten\u00eda una ventaja muy grande, faltando dos torneos llevaba 40 puntos. En Chicago no jug\u00f3 bien, no sum\u00f3 puntos y Rahm s\u00ed lo hizo, entonces en Indian\u00e1polis termin\u00f3 siendo un match el domingo en el que Jon le gan\u00f3 por cinco o seis. En ese momento pensaba que si yo pod\u00eda ganarle el playoff a Rahm, de pronto Joaco pod\u00eda ganar el t\u00edtulo, entonces fue otra emoci\u00f3n, sacar un poco m\u00e1s de fuerza para tratar de ayudarlo, Parec\u00eda que s\u00ed alcanzaba. Luego confirmamos que no&#8230;<\/p>\n<p class=\"c-cuerpo__media__txt\">Jon Rahm y Juan Sebasti\u00e1n Mu\u00f1oz se abrazan al final del torneo. Foto:Jon Ferrey\/LIV Golf<\/p>\n<p>\u00bfQu\u00e9 significa terminar cuarto en la general, detr\u00e1s de tres monstruos como Rahm, Niemann y Bryson DeChambeau?<\/p>\n<p>Una cuesti\u00f3n de orgullo. Muy bacano poner mi nombre ah\u00ed al lado de estos grandes del juego. Es impresionante haber llegado ah\u00ed, las expectativas no eran tan altas como para llegar a un cuarto puesto, la intenci\u00f3n era coger confianza para el siguiente a\u00f1o estar en lock zone (los 24 mejores del LIV). Ya lo hice este a\u00f1o. Impresionado con el juego que logr\u00e9 tener este a\u00f1o, que mi mente lo pudo aguantar.<\/p>\n<p>La temporada del LIV termina el domingo. \u00bfQu\u00e9 viene?<\/p>\n<p>En septiembre tengo que hacer programa de visas, renovar pasaportes, ir\u00e9 a Colombia. Esta victoria me pone en mejor lugar para obtener invitaciones para jugar en el Tour Europeo, en el Asian Tour, ver qu\u00e9 se puede jugar para mejorar un poquito en el escalaf\u00f3n mundial y poder llegar a m\u00e1s torneos de los grandes.<\/p>\n<p>Jos\u00e9 Orlando Ascencio<\/p>\n<p>Subeditor de Deportes<\/p>\n<p>@josasc<\/p>\n<p>M\u00e1s noticias de Deportes<\/p>\n","protected":false},"excerpt":{"rendered":"Juan Sebasti\u00e1n Mu\u00f1oz todav\u00eda trata de acomodar sus emociones luego de vivir uno de los mejores fines de&hellip;\n","protected":false},"author":2,"featured_media":63027,"comment_status":"","ping_status":"","sticky":false,"template":"","format":"standard","meta":{"footnotes":""},"categories":[275],"tags":[168,25,24,329,23417,334,23,167],"class_list":{"0":"post-63026","1":"post","2":"type-post","3":"status-publish","4":"format-standard","5":"has-post-thumbnail","7":"category-golf","8":"tag-deportes","9":"tag-es","10":"tag-espana","11":"tag-golf","12":"tag-juan-sebastian-munoz","13":"tag-liv","14":"tag-spain","15":"tag-sports"},"share_on_mastodon":{"url":"","error":""},"_links":{"self":[{"href":"https:\/\/www.europesays.com\/es\/wp-json\/wp\/v2\/posts\/63026","targetHints":{"allow":["GET"]}}],"collection":[{"href":"https:\/\/www.europesays.com\/es\/wp-json\/wp\/v2\/posts"}],"about":[{"href":"https:\/\/www.europesays.com\/es\/wp-json\/wp\/v2\/types\/post"}],"author":[{"embeddable":true,"href":"https:\/\/www.europesays.com\/es\/wp-json\/wp\/v2\/users\/2"}],"replies":[{"embeddable":true,"href":"https:\/\/www.europesays.com\/es\/wp-json\/wp\/v2\/comments?post=63026"}],"version-history":[{"count":0,"href":"https:\/\/www.europesays.com\/es\/wp-json\/wp\/v2\/posts\/63026\/revisions"}],"wp:featuredmedia":[{"embeddable":true,"href":"https:\/\/www.europesays.com\/es\/wp-json\/wp\/v2\/media\/63027"}],"wp:attachment":[{"href":"https:\/\/www.europesays.com\/es\/wp-json\/wp\/v2\/media?parent=63026"}],"wp:term":[{"taxonomy":"category","embeddable":true,"href":"https:\/\/www.europesays.com\/es\/wp-json\/wp\/v2\/categories?post=63026"},{"taxonomy":"post_tag","embeddable":true,"href":"https:\/\/www.europesays.com\/es\/wp-json\/wp\/v2\/tags?post=63026"}],"curies":[{"name":"wp","href":"https:\/\/api.w.org\/{rel}","templated":true}]}}