{"id":630327,"date":"2026-06-28T12:16:15","date_gmt":"2026-06-28T12:16:15","guid":{"rendered":"https:\/\/www.europesays.com\/es\/630327\/"},"modified":"2026-06-28T12:16:15","modified_gmt":"2026-06-28T12:16:15","slug":"chenoa-incendia-las-redes-con-su-cuerpazo-a-los-51-anos-asi-levanto-la-temperatura-en-el-orgullo-de-sevilla","status":"publish","type":"post","link":"https:\/\/www.europesays.com\/es\/630327\/","title":{"rendered":"Chenoa incendia las redes con su cuerpazo a los 51 a\u00f1os: as\u00ed levant\u00f3 la temperatura en el Orgullo de Sevilla"},"content":{"rendered":"<p id=\"eXDRZO4jFSo\" data-wc=\"153\">\u00abNos vemos esta noche Sevilla, qu\u00e9 ganas de darlo todo\u00bb, y as\u00ed fue. <strong>Chenoa\u00a0<\/strong>ha revolucionado las redes sociales y a sus fans tras su esperada actuaci\u00f3n en el Orgullo LGTBIQA+ de la capital andaluza. <strong>Adem\u00e1s de cantar sus mayores \u00e9xitos, la artista ha dejado a todos con la boca abierta al mostrar el cuerpazo que tiene a sus 51 a\u00f1os<\/strong>. En un momento del concierto, Chenoa se quita la camiseta que llevaba y presume de abdominales y de un cuerpo que es pura fibra, y que ha incendiado a sus fans. Debajo de la camiseta, la cantante llevaba la parte de arriba de un biquini con lentejuelas, un lookazo\u00a0que combin\u00f3 con un pantal\u00f3n vaquero. Sin duda, se nota que la tambi\u00e9n presentadora cuida mucho su cuerpo y hace deporte de forma recurrente, d\u00e1ndonos la inspiraci\u00f3n que necesit\u00e1bamos para lucir como ella. <strong>\u00bfQuieres ver su espectacular figura? \u00a1No te pierdas el v\u00eddeo!<\/strong><\/p>\n<p>Te recomendamosSeguir leyendo<\/p>\n","protected":false},"excerpt":{"rendered":"\u00abNos vemos esta noche Sevilla, qu\u00e9 ganas de darlo todo\u00bb, y as\u00ed fue. Chenoa\u00a0ha revolucionado las redes sociales&hellip;\n","protected":false},"author":2,"featured_media":630328,"comment_status":"","ping_status":"","sticky":false,"template":"","format":"standard","meta":{"footnotes":""},"categories":[91],"tags":[517,17945,146,147,25,24,23],"class_list":["post-630327","post","type-post","status-publish","format-standard","has-post-thumbnail","category-entretenimiento","tag-actualidad","tag-chenoa","tag-entertainment","tag-entretenimiento","tag-es","tag-espana","tag-spain"],"share_on_mastodon":{"url":"https:\/\/pubeurope.com\/@es\/116827690593144691","error":""},"_links":{"self":[{"href":"https:\/\/www.europesays.com\/es\/wp-json\/wp\/v2\/posts\/630327","targetHints":{"allow":["GET"]}}],"collection":[{"href":"https:\/\/www.europesays.com\/es\/wp-json\/wp\/v2\/posts"}],"about":[{"href":"https:\/\/www.europesays.com\/es\/wp-json\/wp\/v2\/types\/post"}],"author":[{"embeddable":true,"href":"https:\/\/www.europesays.com\/es\/wp-json\/wp\/v2\/users\/2"}],"replies":[{"embeddable":true,"href":"https:\/\/www.europesays.com\/es\/wp-json\/wp\/v2\/comments?post=630327"}],"version-history":[{"count":0,"href":"https:\/\/www.europesays.com\/es\/wp-json\/wp\/v2\/posts\/630327\/revisions"}],"wp:featuredmedia":[{"embeddable":true,"href":"https:\/\/www.europesays.com\/es\/wp-json\/wp\/v2\/media\/630328"}],"wp:attachment":[{"href":"https:\/\/www.europesays.com\/es\/wp-json\/wp\/v2\/media?parent=630327"}],"wp:term":[{"taxonomy":"category","embeddable":true,"href":"https:\/\/www.europesays.com\/es\/wp-json\/wp\/v2\/categories?post=630327"},{"taxonomy":"post_tag","embeddable":true,"href":"https:\/\/www.europesays.com\/es\/wp-json\/wp\/v2\/tags?post=630327"}],"curies":[{"name":"wp","href":"https:\/\/api.w.org\/{rel}","templated":true}]}}