{"id":63052,"date":"2025-08-21T18:49:10","date_gmt":"2025-08-21T18:49:10","guid":{"rendered":"https:\/\/www.europesays.com\/es\/63052\/"},"modified":"2025-08-21T18:49:10","modified_gmt":"2025-08-21T18:49:10","slug":"millie-bobby-brown-y-jake-bongiovi-adoptaron-a-una-nina","status":"publish","type":"post","link":"https:\/\/www.europesays.com\/es\/63052\/","title":{"rendered":"Millie Bobby Brown y Jake Bongiovi adoptaron a una ni\u00f1a"},"content":{"rendered":"<p>      CNN<br \/>\n        \u00a0\u2014\u00a0<\/p>\n<p class=\"paragraph inline-placeholder vossi-paragraph\" data-uri=\"es.cms.cnn.com\/_components\/paragraph\/instances\/cmelp1m6f002r26p24z0a1ld5@published\" data-editable=\"text\" data-component-name=\"paragraph\" data-article-gutter=\"true\">\n            \u201cEleven\u201d se ha convertido en mam\u00e1 a los 21 a\u00f1os.\n    <\/p>\n<p class=\"paragraph inline-placeholder vossi-paragraph\" data-uri=\"es.cms.cnn.com\/_components\/paragraph\/instances\/cmelp2bto0003356np7pr7gqd@published\" data-editable=\"text\" data-component-name=\"paragraph\" data-article-gutter=\"true\">\n            Millie Bobby Brown, quien salt\u00f3 a la fama interpretando al personaje de \u201cEleven\u201d en la exitosa serie de Netflix \u201c<a href=\"https:\/\/www.cnn.com\/2025\/06\/01\/entertainment\/stranger-things-5-release-date\" rel=\"nofollow noopener\" target=\"_blank\">Stranger Things<\/a>\u201d, y su esposo Jake Bongiovi anunciaron este jueves a trav\u00e9s de redes sociales que han adoptado a una ni\u00f1a.\n    <\/p>\n<p class=\"paragraph inline-placeholder vossi-paragraph\" data-uri=\"es.cms.cnn.com\/_components\/paragraph\/instances\/cmelp2bto0004356n3hwbezrp@published\" data-editable=\"text\" data-component-name=\"paragraph\" data-article-gutter=\"true\">\n            \u201cEste verano dimos la bienvenida a nuestra dulce ni\u00f1a mediante la adopci\u00f3n. Estamos muy emocionados de embarcarnos en este hermoso nuevo cap\u00edtulo de la paternidad con paz y privacidad\u201d, dice la <a href=\"https:\/\/www.instagram.com\/p\/DNn4rTIuCLR\/\" target=\"_blank\" rel=\"nofollow noopener\">publicaci\u00f3n de Instagram<\/a>. \u201cY de pronto fuimos 3\u201d.\n    <\/p>\n<p class=\"paragraph inline-placeholder vossi-paragraph\" data-uri=\"es.cms.cnn.com\/_components\/paragraph\/instances\/cmelp2bto0005356nbfdun7ob@published\" data-editable=\"text\" data-component-name=\"paragraph\" data-article-gutter=\"true\">\n            Ella y Bongiovi, de 23 a\u00f1os, hijo del rockero Jon Bon Jovi, se <a href=\"https:\/\/www.cnn.com\/2024\/05\/29\/entertainment\/jake-bongiovi-millie-bobby-brown-wedding-scli-intl\" rel=\"nofollow noopener\" target=\"_blank\">casaron<\/a> el a\u00f1o pasado.\n    <\/p>\n<p class=\"paragraph inline-placeholder vossi-paragraph\" data-uri=\"es.cms.cnn.com\/_components\/paragraph\/instances\/cmelp2bto0006356nj7nfhu7w@published\" data-editable=\"text\" data-component-name=\"paragraph\" data-article-gutter=\"true\">\n            En marzo, Brown apareci\u00f3 en un episodio del podcast \u201cSmartless\u201d y habl\u00f3 sobre su deseo de ser madre joven.\n    <\/p>\n<p class=\"paragraph inline-placeholder vossi-paragraph\" data-uri=\"es.cms.cnn.com\/_components\/paragraph\/instances\/cmelp2bto0007356nojlqosuc@published\" data-editable=\"text\" data-component-name=\"paragraph\" data-article-gutter=\"true\">\n            \u201cDe hecho, mi madre tuvo su primer hijo a los 21 a\u00f1os y mi padre a los 19. Y, \u00bfsabes?, ha sido mi pasi\u00f3n desde antes de conocer a Jake\u201d, dijo. \u201cDesde peque\u00f1a, le dec\u00eda a mi mam\u00e1, \u2018mu\u00f1ecas\u2019. Quer\u00eda ser mam\u00e1, igual que mi mam\u00e1 lo fue conmigo\u201d.\n    <\/p>\n<p>              <script async src=\"\/\/www.instagram.com\/embed.js\"><\/script><\/p>\n","protected":false},"excerpt":{"rendered":"CNN \u00a0\u2014\u00a0 \u201cEleven\u201d se ha convertido en mam\u00e1 a los 21 a\u00f1os. Millie Bobby Brown, quien salt\u00f3 a&hellip;\n","protected":false},"author":2,"featured_media":63053,"comment_status":"","ping_status":"","sticky":false,"template":"","format":"standard","meta":{"footnotes":""},"categories":[91],"tags":[23352,146,147,25,24,150,26025,23],"class_list":{"0":"post-63052","1":"post","2":"type-post","3":"status-publish","4":"format-standard","5":"has-post-thumbnail","7":"category-entretenimiento","8":"tag-adopcion","9":"tag-entertainment","10":"tag-entretenimiento","11":"tag-es","12":"tag-espana","13":"tag-instanoticias","14":"tag-millie-bobby-brown","15":"tag-spain"},"share_on_mastodon":{"url":"","error":""},"_links":{"self":[{"href":"https:\/\/www.europesays.com\/es\/wp-json\/wp\/v2\/posts\/63052","targetHints":{"allow":["GET"]}}],"collection":[{"href":"https:\/\/www.europesays.com\/es\/wp-json\/wp\/v2\/posts"}],"about":[{"href":"https:\/\/www.europesays.com\/es\/wp-json\/wp\/v2\/types\/post"}],"author":[{"embeddable":true,"href":"https:\/\/www.europesays.com\/es\/wp-json\/wp\/v2\/users\/2"}],"replies":[{"embeddable":true,"href":"https:\/\/www.europesays.com\/es\/wp-json\/wp\/v2\/comments?post=63052"}],"version-history":[{"count":0,"href":"https:\/\/www.europesays.com\/es\/wp-json\/wp\/v2\/posts\/63052\/revisions"}],"wp:featuredmedia":[{"embeddable":true,"href":"https:\/\/www.europesays.com\/es\/wp-json\/wp\/v2\/media\/63053"}],"wp:attachment":[{"href":"https:\/\/www.europesays.com\/es\/wp-json\/wp\/v2\/media?parent=63052"}],"wp:term":[{"taxonomy":"category","embeddable":true,"href":"https:\/\/www.europesays.com\/es\/wp-json\/wp\/v2\/categories?post=63052"},{"taxonomy":"post_tag","embeddable":true,"href":"https:\/\/www.europesays.com\/es\/wp-json\/wp\/v2\/tags?post=63052"}],"curies":[{"name":"wp","href":"https:\/\/api.w.org\/{rel}","templated":true}]}}