{"id":630544,"date":"2026-06-28T15:02:28","date_gmt":"2026-06-28T15:02:28","guid":{"rendered":"https:\/\/www.europesays.com\/es\/630544\/"},"modified":"2026-06-28T15:02:28","modified_gmt":"2026-06-28T15:02:28","slug":"esta-es-la-fotografia-mas-detallada-de-la-via-lactea-y-ayudara-a-la-astronomia-en-una-importante-mision","status":"publish","type":"post","link":"https:\/\/www.europesays.com\/es\/630544\/","title":{"rendered":"Esta es la fotograf\u00eda m\u00e1s detallada de la V\u00eda L\u00e1ctea, y ayudar\u00e1 a la astronom\u00eda en una importante misi\u00f3n"},"content":{"rendered":"<p>    Una fotograf\u00eda ideal   <img decoding=\"async\" src=\"https:\/\/www.diariouno.com.ar\/css-custom\/298\/lazy.svg\" data-td-src-property=\"https:\/\/media.diariouno.com.ar\/p\/f95d5e1bd2457dabf2c594a7c9f0ff37\/adjuntos\/298\/imagenes\/009\/772\/0009772404\/1200x0\/smart\/foto.jpg\" alt=\"La fotograf\u00eda rompi\u00f3 con lo que se cre\u00eda posible en t\u00e9rminos de im\u00e1genes de la V\u00eda L\u00e1ctea.\" title=\"La fotograf\u00eda rompi\u00f3 con lo que se cre\u00eda posible en t\u00e9rminos de im\u00e1genes de la V\u00eda L\u00e1ctea.\" width=\"1200\" height=\"undefined\" id=\"1857099-Libre-1654617608_embed\"\/>    <\/p>\n<p>La fotograf\u00eda rompi\u00f3 con lo que se cre\u00eda posible en t\u00e9rminos de im\u00e1genes de la V\u00eda L\u00e1ctea.<\/p>\n<p id=\"p-1782568437690-72965\" data-path-to-node=\"5\">El dispositivo viaj\u00f3 al <strong data-path-to-node=\"5\" data-index-in-node=\"24\">espacio<\/strong> exterior para investigar la misteriosa materia oscura del universo. Sin embargo, su inmensa capacidad visual abri\u00f3 caminos inesperados para la <strong data-path-to-node=\"5\" data-index-in-node=\"175\">astronom\u00eda<\/strong> moderna.<\/p>\n<p id=\"p-1782568561726-96286\" data-path-to-node=\"5\">Eamonn Kerins, astrof\u00edsico de la Universidad de M\u00e1nchester, analiz\u00f3 el desempe\u00f1o del observatorio. \u00abNunca se construy\u00f3 pensando en esta ciencia, pero demostr\u00f3 ser una instalaci\u00f3n magn\u00edfica para el trabajo\u00bb, detall\u00f3 el acad\u00e9mico al diario The Guardian.<\/p>\n<p id=\"p-1782568437690-90828\" data-path-to-node=\"6\">La abrumadora densidad estelar capturada facilita la detecci\u00f3n de planetas mediante la t\u00e9cnica de microlente gravitacional. El m\u00e9todo funciona cuando una estrella cruza por delante de otra desde la perspectiva de la Tierra.<\/p>\n<p id=\"p-1782568559775-44861\" data-path-to-node=\"6\">La gravedad del cuerpo frontal deforma la luz del astro distante, funcionando como una enorme lupa c\u00f3smica. Las alteraciones lum\u00ednicas confirman la presencia de mundos orbitando soles lejanos.<\/p>\n<p> El paso fundamental   <\/p>\n<p id=\"p-1782568437690-13353\" data-path-to-node=\"9\">Jean-Philippe Beaulieu, experto del Instituto de Astrof\u00edsica de Par\u00eds, destac\u00f3 los antecedentes del sistema de b\u00fasqueda. \u00abDurante los \u00faltimos veinte a\u00f1os, se descubrieron casi trescientos exoplanetas usando la t\u00e9cnica, todos con telescopios terrestres, todos hacia el centro de nuestra galaxia. La imagen de Euclid incluye cincuenta y un sistemas planetarios conocidos, ayudar\u00e1 a estudiar muchos m\u00e1s que se encontrar\u00e1n\u00bb, manifest\u00f3 el especialista.<\/p>\n<p id=\"p-1782568437690-50102\" data-path-to-node=\"10\">Documentar por completo un evento de microlente demanda unos veinte d\u00edas de observaci\u00f3n constante. Dicho requerimiento supera la capacidad t\u00e9cnica actual del telescopio europeo.<\/p>\n<p id=\"p-1782568576365-97602\" data-path-to-node=\"10\">Por el contrario, el mapa astron\u00f3mico funcionar\u00e1 como base para pr\u00f3ximas misiones interplanetarias. La agencia estadounidense lanzar\u00e1 el observatorio Nancy Grace Roman en agosto con el objetivo de hallar miles de sistemas solares.<\/p>\n","protected":false},"excerpt":{"rendered":"Una fotograf\u00eda ideal La fotograf\u00eda rompi\u00f3 con lo que se cre\u00eda posible en t\u00e9rminos de im\u00e1genes de la&hellip;\n","protected":false},"author":2,"featured_media":630545,"comment_status":"","ping_status":"","sticky":false,"template":"","format":"standard","meta":{"footnotes":""},"categories":[81],"tags":[80345,119,123,124,25,24,28334,117,121,122,23,118,120,117042],"class_list":["post-630544","post","type-post","status-publish","format-standard","has-post-thumbnail","category-ciencia-y-tecnologia","tag-astronomu00eda","tag-ciencia","tag-ciencia-y-tecnologia","tag-cienciaytecnologia","tag-es","tag-espana","tag-fotografu00eda","tag-science","tag-science-and-technology","tag-scienceandtechnology","tag-spain","tag-technology","tag-tecnologia","tag-vu00eda-lu00e1ctea"],"share_on_mastodon":{"url":"https:\/\/pubeurope.com\/@es\/116828343489268755","error":""},"_links":{"self":[{"href":"https:\/\/www.europesays.com\/es\/wp-json\/wp\/v2\/posts\/630544","targetHints":{"allow":["GET"]}}],"collection":[{"href":"https:\/\/www.europesays.com\/es\/wp-json\/wp\/v2\/posts"}],"about":[{"href":"https:\/\/www.europesays.com\/es\/wp-json\/wp\/v2\/types\/post"}],"author":[{"embeddable":true,"href":"https:\/\/www.europesays.com\/es\/wp-json\/wp\/v2\/users\/2"}],"replies":[{"embeddable":true,"href":"https:\/\/www.europesays.com\/es\/wp-json\/wp\/v2\/comments?post=630544"}],"version-history":[{"count":0,"href":"https:\/\/www.europesays.com\/es\/wp-json\/wp\/v2\/posts\/630544\/revisions"}],"wp:featuredmedia":[{"embeddable":true,"href":"https:\/\/www.europesays.com\/es\/wp-json\/wp\/v2\/media\/630545"}],"wp:attachment":[{"href":"https:\/\/www.europesays.com\/es\/wp-json\/wp\/v2\/media?parent=630544"}],"wp:term":[{"taxonomy":"category","embeddable":true,"href":"https:\/\/www.europesays.com\/es\/wp-json\/wp\/v2\/categories?post=630544"},{"taxonomy":"post_tag","embeddable":true,"href":"https:\/\/www.europesays.com\/es\/wp-json\/wp\/v2\/tags?post=630544"}],"curies":[{"name":"wp","href":"https:\/\/api.w.org\/{rel}","templated":true}]}}