{"id":63064,"date":"2025-08-21T19:00:16","date_gmt":"2025-08-21T19:00:16","guid":{"rendered":"https:\/\/www.europesays.com\/es\/63064\/"},"modified":"2025-08-21T19:00:16","modified_gmt":"2025-08-21T19:00:16","slug":"aleix-espargaro-baja-en-hungria-por-un-accidente-de-ciclismo","status":"publish","type":"post","link":"https:\/\/www.europesays.com\/es\/63064\/","title":{"rendered":"Aleix Espargar\u00f3, baja en Hungr\u00eda por un accidente de ciclismo"},"content":{"rendered":"<p class=\"ft-text\">Redacci\u00f3n deportes, 21 ago (EFE).- El espa\u00f1ol <strong>Aleix Espargar\u00f3<\/strong> (Honda RC 213 V), que<strong> iba a sustituir al lesionado piloto tailand\u00e9s Somkiant Chantra en la escuder\u00eda del italiano Lucio Cecchinello durante el Gran Premio de Hungr\u00eda de MotoGP<\/strong>, ser\u00e1 baja al haber sufrido un <strong>accidente mientras se entrenaba practicando ciclismo<\/strong>.<\/p>\n<p class=\"ft-text\">Espargar\u00f3 es piloto probador de Honda Racing Corporation (HRC) tras haberse retirado de la competici\u00f3n activa y en el &#8216;Balaton Park&#8217; iba a reemplazar al tailand\u00e9s Chantra quien sufre una lesi\u00f3n de larga duraci\u00f3n.<\/p>\n<p class=\"ft-text\">\u00abDesafortunadamente, <strong>Aleix sufri\u00f3 un accidente de ciclismo hace unos d\u00edas<\/strong>. Aunque inicialmente parec\u00eda menor, lleg\u00f3 a la pista el jueves por la ma\u00f1ana con un fuerte dolor de espalda. <strong>Los ex\u00e1menes m\u00e9dicos han revelado que su v\u00e9rtebra L3 est\u00e1 afectada<\/strong>. Ahora regresa a Barcelona para someterse a nuevas pruebas en el Hospital Universitari Dexeus.\u00bb, dice el comunicado de LCR Team.<\/p>\n<p class=\"ft-text\">\u00abDadas las circunstancias, y tal y como ocurri\u00f3 en el GP de Austria, el equipo IDEMITSU Honda LCR ha confirmado que Chantra tampoco ser\u00e1 sustituido este fin de semana en Hungr\u00eda\u00bb, a\u00f1ade.<\/p>\n","protected":false},"excerpt":{"rendered":"Redacci\u00f3n deportes, 21 ago (EFE).- El espa\u00f1ol Aleix Espargar\u00f3 (Honda RC 213 V), que iba a sustituir al&hellip;\n","protected":false},"author":2,"featured_media":63065,"comment_status":"","ping_status":"","sticky":false,"template":"","format":"standard","meta":{"footnotes":""},"categories":[273],"tags":[4205,14292,14724,6814,313,312,168,25,24,14293,3957,23,167],"class_list":{"0":"post-63064","1":"post","2":"type-post","3":"status-publish","4":"format-standard","5":"has-post-thumbnail","7":"category-ciclismo","8":"tag-accidente","9":"tag-aleix","10":"tag-aleix-espargaro","11":"tag-baja","12":"tag-ciclismo","13":"tag-cycling","14":"tag-deportes","15":"tag-es","16":"tag-espana","17":"tag-espargaro","18":"tag-hungria","19":"tag-spain","20":"tag-sports"},"share_on_mastodon":{"url":"","error":""},"_links":{"self":[{"href":"https:\/\/www.europesays.com\/es\/wp-json\/wp\/v2\/posts\/63064","targetHints":{"allow":["GET"]}}],"collection":[{"href":"https:\/\/www.europesays.com\/es\/wp-json\/wp\/v2\/posts"}],"about":[{"href":"https:\/\/www.europesays.com\/es\/wp-json\/wp\/v2\/types\/post"}],"author":[{"embeddable":true,"href":"https:\/\/www.europesays.com\/es\/wp-json\/wp\/v2\/users\/2"}],"replies":[{"embeddable":true,"href":"https:\/\/www.europesays.com\/es\/wp-json\/wp\/v2\/comments?post=63064"}],"version-history":[{"count":0,"href":"https:\/\/www.europesays.com\/es\/wp-json\/wp\/v2\/posts\/63064\/revisions"}],"wp:featuredmedia":[{"embeddable":true,"href":"https:\/\/www.europesays.com\/es\/wp-json\/wp\/v2\/media\/63065"}],"wp:attachment":[{"href":"https:\/\/www.europesays.com\/es\/wp-json\/wp\/v2\/media?parent=63064"}],"wp:term":[{"taxonomy":"category","embeddable":true,"href":"https:\/\/www.europesays.com\/es\/wp-json\/wp\/v2\/categories?post=63064"},{"taxonomy":"post_tag","embeddable":true,"href":"https:\/\/www.europesays.com\/es\/wp-json\/wp\/v2\/tags?post=63064"}],"curies":[{"name":"wp","href":"https:\/\/api.w.org\/{rel}","templated":true}]}}