{"id":630700,"date":"2026-06-28T17:14:12","date_gmt":"2026-06-28T17:14:12","guid":{"rendered":"https:\/\/www.europesays.com\/es\/630700\/"},"modified":"2026-06-28T17:14:12","modified_gmt":"2026-06-28T17:14:12","slug":"el-betis-prescinde-de-gustavo-sanchez-historico-tecnico-de-cantera","status":"publish","type":"post","link":"https:\/\/www.europesays.com\/es\/630700\/","title":{"rendered":"El Betis prescinde de Gustavo S\u00e1nchez, hist\u00f3rico t\u00e9cnico de cantera"},"content":{"rendered":"<p style=\"\">El <strong>Real Betis<\/strong> ha prescindido de los servicios de<strong> Gustavo S\u00e1nchez<\/strong>, hist\u00f3rico t\u00e9cnico de la cantera verdiblanca, que no seguir\u00e1 en el club heliopolitano tras 21 a\u00f1os ininterrumpidos de servicio. El departamento que dirige Miguel Calzado ha tomado esta determinaci\u00f3n con el  &#8230; que hasta ahora ha sido el coordinador de f\u00fatbol 11 de los escalafones inferiores en el proceso de reestructuraci\u00f3n emprendido desde el t\u00e9rmino de la temporada 2025-26. <\/p>\n<p class=\"v-d-p\" style=\"\">S\u00e1nchez lleg\u00f3 al Betis en 2004 y en su larga trayectoria ha ocupado diferentes puestos en la cantera b\u00e9tica, entre ellos ser el entrenador del <strong>Betis Deportivo<\/strong> en 2016 cuando Juan Merino subi\u00f3 al primer equipo o del juvenil de Divisi\u00f3n de Honor. Empez\u00f3 con el alev\u00edn A, sigui\u00f3 con el infantil A y cadete A. Particip\u00f3 en la formaci\u00f3n de jugadores como <strong>Fabi\u00e1n, Ceballos o Junior<\/strong>, en la integraci\u00f3n de Loren y Aitor y tambi\u00e9n en el reclutamiento o captaci\u00f3n de jugadores como Assane, Ra\u00fal Garc\u00eda de Haro o su paisano Jes\u00fas Rodr\u00edguez.<\/p>\n<p class=\"v-d-p\" style=\"\">Su \u00faltimo servicio al Betis ha sido la coordinaci\u00f3n de f\u00fatbol 11 con un papel determinante en el control de residencias, las vinculaciones de los futbolistas y el d\u00eda a d\u00eda de los canteranos.  <\/p>\n<p class=\"v-d-p\" style=\"\">La marcha de Gustavo S\u00e1nchez coincide con una \u00e9poca de muchos cambios en los escalafones inferiores b\u00e9ticos dado que ya sali\u00f3 <strong>\u00d3scar Carazo<\/strong>, que era el secretario t\u00e9cnico de f\u00fatbol formativo y que ha sido sustituido por Alberto Cordero, y tambi\u00e9n lo hace <strong>Nacho Castillo<\/strong>, jefe de captaci\u00f3n nacional de f\u00fatbol 11 para las plantillas m\u00e1s j\u00f3venes de los verdiblancos. <\/p>\n","protected":false},"excerpt":{"rendered":"El Real Betis ha prescindido de los servicios de Gustavo S\u00e1nchez, hist\u00f3rico t\u00e9cnico de la cantera verdiblanca, que&hellip;\n","protected":false},"author":2,"featured_media":630701,"comment_status":"","ping_status":"","sticky":false,"template":"","format":"standard","meta":{"footnotes":""},"categories":[268],"tags":[291,2512,168,25,24,280,282,15248,1903,32891,199,281,23,167,4059],"class_list":["post-630700","post","type-post","status-publish","format-standard","has-post-thumbnail","category-futbol","tag-betis","tag-cantera","tag-deportes","tag-es","tag-espana","tag-football","tag-futbol","tag-gustavo","tag-historico","tag-prescinde","tag-sanchez","tag-soccer","tag-spain","tag-sports","tag-tecnico"],"share_on_mastodon":{"url":"https:\/\/pubeurope.com\/@es\/116828862383730836","error":""},"_links":{"self":[{"href":"https:\/\/www.europesays.com\/es\/wp-json\/wp\/v2\/posts\/630700","targetHints":{"allow":["GET"]}}],"collection":[{"href":"https:\/\/www.europesays.com\/es\/wp-json\/wp\/v2\/posts"}],"about":[{"href":"https:\/\/www.europesays.com\/es\/wp-json\/wp\/v2\/types\/post"}],"author":[{"embeddable":true,"href":"https:\/\/www.europesays.com\/es\/wp-json\/wp\/v2\/users\/2"}],"replies":[{"embeddable":true,"href":"https:\/\/www.europesays.com\/es\/wp-json\/wp\/v2\/comments?post=630700"}],"version-history":[{"count":0,"href":"https:\/\/www.europesays.com\/es\/wp-json\/wp\/v2\/posts\/630700\/revisions"}],"wp:featuredmedia":[{"embeddable":true,"href":"https:\/\/www.europesays.com\/es\/wp-json\/wp\/v2\/media\/630701"}],"wp:attachment":[{"href":"https:\/\/www.europesays.com\/es\/wp-json\/wp\/v2\/media?parent=630700"}],"wp:term":[{"taxonomy":"category","embeddable":true,"href":"https:\/\/www.europesays.com\/es\/wp-json\/wp\/v2\/categories?post=630700"},{"taxonomy":"post_tag","embeddable":true,"href":"https:\/\/www.europesays.com\/es\/wp-json\/wp\/v2\/tags?post=630700"}],"curies":[{"name":"wp","href":"https:\/\/api.w.org\/{rel}","templated":true}]}}