{"id":630868,"date":"2026-06-28T19:31:39","date_gmt":"2026-06-28T19:31:39","guid":{"rendered":"https:\/\/www.europesays.com\/es\/630868\/"},"modified":"2026-06-28T19:31:39","modified_gmt":"2026-06-28T19:31:39","slug":"marco-bezzecchi-evita-lesiones-tras-su-fuerte-caida-en-assen","status":"publish","type":"post","link":"https:\/\/www.europesays.com\/es\/630868\/","title":{"rendered":"Marco Bezzecchi evita lesiones tras su fuerte ca\u00edda en Assen"},"content":{"rendered":"<p><a href=\"https:\/\/es.motorsport.com\/driver\/marco-bezzecchi\/441835\/\" target=\"_blank\" rel=\"noopener nofollow\"><strong>Marco Bezzecchi<\/strong><\/a><strong> ha escapado sin lesiones de su fuerte accidente de este domingo en Assen<\/strong>, en una d\u00e9cima carrera del curso de MotoGP en Pa\u00edses Bajos en la que <strong>ha perdido el liderato de la general, en favor de su compa\u00f1ero de equipo, <a href=\"https:\/\/es.motorsport.com\/driver\/jorge-martin\/142774\/\" target=\"_blank\" rel=\"noopener nofollow\">Jorge Mart\u00edn<\/a>.<\/strong><\/p>\n<p>Recuerda:<\/p>\n<p>El piloto italiano, tras dominar todos los entrenamientos del fin de semana menos la Q2, <strong>apuntaba a dominar todo el fin de semana en &#8216;La Catedral&#8217;, para recuperarse de lo ocurrido en Assen. Pero en la sprint ya sufri\u00f3 m\u00e1s de la cuenta, cuarto mientras dominaban las <a href=\"https:\/\/es.motorsport.com\/team\/aprilia-racing-team-gresini\/205\/\" target=\"_blank\" rel=\"noopener nofollow\">Aprilia<\/a>, pero de <a href=\"https:\/\/es.motorsport.com\/team\/trackhouse-racing-team\/39258\/\" target=\"_blank\" rel=\"noopener nofollow\">Trackhouse<\/a><\/strong>. El de Rimini ten\u00eda mejores expectativas para la prueba larga de este domingo, pero tras una mala salida, su mala racha continu\u00f3 con creces.<\/p>\n<p><strong>Bezzecchi sufri\u00f3 una dura ca\u00edda en la curva 15, un punto rapid\u00edsimo, y de facto uno de los peores para caerse en Assen<\/strong>. Tras varias volteretas despu\u00e9s del imapcto inicial con el escal\u00f3n de grava, la m\u00e1xima preocupaci\u00f3n era su estado de salud. Afortunadamente, pronto se vio que estaba consciente, aunque a\u00fan en el punto del accidente.<\/p>\n<p>Desde all\u00ed, fue trasladado al centro m\u00e9dico del circuito, donde llegaron las primeras buenas noticias, seg\u00fan confirm\u00f3 la casa de Noale con un escueto comunicado al final de la carrera: \u00abTras su ca\u00edda durante el Gran Premio de los Pa\u00edses Bajos, Marco Bezzecchi fue trasladado inmediatamente al centro m\u00e9dico del circuito, donde fue sometido a una evaluaci\u00f3n exhaustiva por parte del personal, incluido el director m\u00e9dico de\u00a0<a href=\"https:\/\/es.motorsport.com\/motogp\/\" data-custom-text=\"1\" rel=\"nofollow noopener\" target=\"_blank\">MotoGP<\/a>, el Dr. \u00c1ngel Charte.<strong>\u00a0Los ex\u00e1menes cl\u00ednicos iniciales confirmaron que el piloto se encuentra plenamente consciente, y presenta movilidad normal en las cuatro extremidades, sin signos inmediatos de complicaciones neurol\u00f3gicas o sist\u00e9micas graves<\/strong>\u00ab.<\/p>\n<p>\u00a0<\/p>\n<p>\u00abSin embargo, debido al intenso dolor provocado por el impacto de gran energ\u00eda, el equipo m\u00e9dico ha decidido trasladar a\u00a0Bezzecchi al Hospital de Groningen\u00a0(Universitair Medisch Centrum Groningen). <strong>Este traslado le permitir\u00e1 someterse a pruebas de diagn\u00f3stico por imagen exhaustivas y a exploraciones especializada, para descartar definitivamente cualquier lesi\u00f3n subyacente y garantizar una recuperaci\u00f3n segura<\/strong>\u00ab.<\/p>\n<p>Aprilia qued\u00f3 en ofrecer m\u00e1s informaci\u00f3n, y al filo de las 18:00 horas de la tarde lo hizo, ofreciendo las mejores noticias: <strong>Bezzecchi no tiene nada roto, ni ninguna lesi\u00f3n preocupante. El #72 super\u00f3 las pruebas sin que se observase nada fuera de lugar, y ser\u00e1 dado de alta para volver a Italia esta misma noche.<\/strong><\/p>\n<p>\u00ab<strong>Marco Bezzecchi se ha sometido a un TAC y pruebas radiol\u00f3gicas, en las que no se han detectado lesiones, por lo que est\u00e1 en condiciones de recibir el alta y regresar\u00e1 a casa esta noche<\/strong>\u00ab, confirm\u00f3 la marca comandada por Massimo Rivola. As\u00ed, Bezzecchi podr\u00e1 descansar en los pr\u00f3ximos d\u00edas, despu\u00e9s de dos semanas muy agitadas, que le han dejado <strong>segundo del Mundial, a 7 puntos de Jorge Mart\u00edn. Detr\u00e1s, tiene a <a href=\"https:\/\/es.motorsport.com\/driver\/fabio-di-giannantonio\/408439\/\" target=\"_blank\" rel=\"noopener nofollow\">Fabio Di Giannantonio<\/a> a 9, a <a href=\"https:\/\/es.motorsport.com\/driver\/ai-ogura\/471486\/\" target=\"_blank\" rel=\"noopener nofollow\">Ai Ogura<\/a> a 18, y a <a href=\"https:\/\/es.motorsport.com\/driver\/marc-marquez\/38307\/\" target=\"_blank\" rel=\"noopener nofollow\">Marc M\u00e1rquez<\/a> a 24.<\/strong><\/p>\n<p>M\u00e1s de MotoGP:<\/p>\n<p>            Queremos tu opini\u00f3n<\/p>\n<p class=\"mt-auto\">\u00bfQu\u00e9 le gustar\u00eda ver en Motorsport.com?<\/p>\n<p>            <a href=\"#\" class=\"ms-link text-link font-bold\">Responda a nuestra encuesta de 5 minutos.<\/a><\/p>\n<p class=\"mt-1 text-body\">&#8211; El equipo de Motorsport.com<\/p>\n","protected":false},"excerpt":{"rendered":"Marco Bezzecchi ha escapado sin lesiones de su fuerte accidente de este domingo en Assen, en una d\u00e9cima&hellip;\n","protected":false},"author":2,"featured_media":630869,"comment_status":"","ping_status":"","sticky":false,"template":"","format":"standard","meta":{"footnotes":""},"categories":[5],"tags":[48948,116912,17,18,25,24,13,14,116911,11,19,20,28078,117082,12143,9,10,15,16,23,12,21,22],"class_list":["post-630868","post","type-post","status-publish","format-standard","has-post-thumbnail","category-titulares","tag-aprilia","tag-assen","tag-breaking-news","tag-breakingnews","tag-es","tag-espana","tag-featured-news","tag-featurednews","tag-gp-de-pau00edses-bajos","tag-headlines","tag-latest-news","tag-latestnews","tag-marco-bezzecchi","tag-marco-bezzecchi-evita-lesiones-tras-su-fuerte-cau00edda-en-assen","tag-motogp","tag-news","tag-noticias","tag-noticias-destacadas","tag-noticiasdestacadas","tag-spain","tag-titulares","tag-ultimas-noticias","tag-ultimasnoticias"],"share_on_mastodon":{"url":"https:\/\/pubeurope.com\/@es\/116829400974291319","error":""},"_links":{"self":[{"href":"https:\/\/www.europesays.com\/es\/wp-json\/wp\/v2\/posts\/630868","targetHints":{"allow":["GET"]}}],"collection":[{"href":"https:\/\/www.europesays.com\/es\/wp-json\/wp\/v2\/posts"}],"about":[{"href":"https:\/\/www.europesays.com\/es\/wp-json\/wp\/v2\/types\/post"}],"author":[{"embeddable":true,"href":"https:\/\/www.europesays.com\/es\/wp-json\/wp\/v2\/users\/2"}],"replies":[{"embeddable":true,"href":"https:\/\/www.europesays.com\/es\/wp-json\/wp\/v2\/comments?post=630868"}],"version-history":[{"count":0,"href":"https:\/\/www.europesays.com\/es\/wp-json\/wp\/v2\/posts\/630868\/revisions"}],"wp:featuredmedia":[{"embeddable":true,"href":"https:\/\/www.europesays.com\/es\/wp-json\/wp\/v2\/media\/630869"}],"wp:attachment":[{"href":"https:\/\/www.europesays.com\/es\/wp-json\/wp\/v2\/media?parent=630868"}],"wp:term":[{"taxonomy":"category","embeddable":true,"href":"https:\/\/www.europesays.com\/es\/wp-json\/wp\/v2\/categories?post=630868"},{"taxonomy":"post_tag","embeddable":true,"href":"https:\/\/www.europesays.com\/es\/wp-json\/wp\/v2\/tags?post=630868"}],"curies":[{"name":"wp","href":"https:\/\/api.w.org\/{rel}","templated":true}]}}