{"id":630882,"date":"2026-06-28T19:46:23","date_gmt":"2026-06-28T19:46:23","guid":{"rendered":"https:\/\/www.europesays.com\/es\/630882\/"},"modified":"2026-06-28T19:46:23","modified_gmt":"2026-06-28T19:46:23","slug":"un-palentino-protagoniza-un-documental-sobre-una-expedicion-al-artico","status":"publish","type":"post","link":"https:\/\/www.europesays.com\/es\/630882\/","title":{"rendered":"Un palentino protagoniza un documental sobre una expedici\u00f3n al \u00c1rtico"},"content":{"rendered":"<p style=\"\">Hay personas que acumulan a\u00f1os y personas que acumulan historias. Bernardo Negueruela pertenece claramente al segundo grupo. A su espalda lleva una vida marcada por  &#8230; desaf\u00edos, ha corrido la Marat\u00f3n de Nueva York, ha completado el reto del mill\u00f3n de pasos del Camino de Santiago, ha cruzado el Atl\u00e1ntico y el Pac\u00edfico a vela, ha ascendido el Kilimanjaro, se ha internado en la Amazon\u00eda en busca de tribus primitivas, ha convivido con gorilas en Uganda y ha recorrido cerca de un centenar de pa\u00edses.<\/p>\n<p class=\"v-d-p\" style=\"\">Ahora suma un nuevo cap\u00edtulo a esa colecci\u00f3n de experiencias. El documental &#8216;Donde el tiempo se congela. 80\u00ba Norte&#8217;, disponible en Amazon Prime Video, recoge la expedici\u00f3n que llev\u00f3 al aventurero palentino, junto con otras cuatro personas, hasta uno de los territorios m\u00e1s extremos y remotos del planeta: el \u00c1rtico. Sin embargo, para Negueruela la verdadera historia no est\u00e1 en los kil\u00f3metros recorridos, ni en las temperaturas bajo cero, ni siquiera en la dificultad de alcanzar parajes que apenas han pisado unas pocas personas en el mundo. El mensaje que quiere transmitir es mucho m\u00e1s sencillo y profundo, que la edad no debe convertirse en una frontera.<\/p>\n<p class=\"v-d-p\" style=\"\">Detr\u00e1s de cada expedici\u00f3n existe una preparaci\u00f3n exigente. No basta con estar en forma ni con reunir recursos econ\u00f3micos. Para \u00e9l, la aventura comienza mucho antes de emprender el viaje. \u00abEn principio la preparaci\u00f3n tiene tres partes fundamentales. Una es las ganas de prepararte. La capacidad de decir, empiezo un nuevo proyecto, tengo mucha ilusi\u00f3n, mucha inquietud y mucha curiosidad\u00bb, cuenta a Ical.<\/p>\n<p class=\"v-d-p\" style=\"\">A partir de ah\u00ed llega el trabajo f\u00edsico, pero tambi\u00e9n el mental. Y en esa combinaci\u00f3n encuentra una de las claves que explican c\u00f3mo sigue afrontando retos que muchos considerar\u00edan imposibles. \u00abEs m\u00e1s f\u00e1cil que lo logres con una mala preparaci\u00f3n f\u00edsica y una buena preparaci\u00f3n mental que con una preparaci\u00f3n f\u00edsica muy buena y sin preparaci\u00f3n mental\u00bb.<\/p>\n<ul class=\"v-cmp-rld__u\">\n<li class=\"v-cmp-rld__l\">\n<p><a class=\"v-a-lnk\" href=\"http:\/\/www.elnortedecastilla.es\/palencia\/cuadro-palentino-lucha-londres-pobreza-20260628105545-nt.html#vtm_modulosEngag=noticiasrelacionadas-cmp-uno:palencia:noticia:1\" title=\"Un cuadro palentino que lucha en Londres contra la pobreza\" data-voc-vtm-id=\"in-text-traffic\" rel=\"nofollow noopener\" target=\"_blank\"><br \/>\n<img decoding=\"async\" loading=\"lazy\" src=\"https:\/\/www.europesays.com\/es\/wp-content\/uploads\/2026\/06\/rosana-largo-obra-U73666112013rVS-366x256@El Norte.jpg\" class=\"v-a-img\" width=\"258\" height=\"180\" alt=\"Un cuadro palentino que lucha en Londres contra la pobreza\"\/><br \/>\n<\/a><\/p>\n<\/li>\n<\/ul>\n<p class=\"v-d-p\" style=\"\">Entre todos los escenarios que ha conocido, el \u00c1rtico ocupa ya un lugar especial. La expedici\u00f3n reflejada en &#8216;Donde el tiempo se congela. 80\u00ba Norte&#8217; le llev\u00f3 hasta Svalbard, el archipi\u00e9lago noruego situado en el oc\u00e9ano Glacial \u00c1rtico, una de las regiones m\u00e1s inh\u00f3spitas del planeta. All\u00ed, el fr\u00edo, el hielo, la soledad y la inmensidad del paisaje transforman cualquier desplazamiento en un desaf\u00edo f\u00edsico y psicol\u00f3gico. \u00abEs de las cosas m\u00e1s duras que puedas echarte a la cara\u00bb, asegura.<\/p>\n<p class=\"v-d-p\" style=\"\">La dureza no se explica \u00fanicamente por las condiciones meteorol\u00f3gicas. Tambi\u00e9n influye la sensaci\u00f3n de aislamiento permanente. \u00abEs un paraje muy poco habitable. Desde ese punto de vista es muy duro. Y luego est\u00e1 la convivencia, la capacidad mental para soportar el cansancio f\u00edsico y las horas. Todo se nos hizo muy duro\u00bb. Sin embargo, hubo algo que le impresion\u00f3 todav\u00eda m\u00e1s que las bajas temperaturas. \u00abPensar que est\u00e1bamos en un lugar donde muy pocas personas del mundo hab\u00edan llegado a pisar\u00bb. La imagen permanece grabada en su memoria. \u00abT\u00fa miras a tu alrededor y es que no hab\u00eda nada. Entonces eso te daba una sensaci\u00f3n muy especial\u00bb.<\/p>\n<p class=\"v-a-t\">\n\u00abMirabas a tu alrededor y es que no hab\u00eda nada. Entonces eso te daba una sensaci\u00f3n muy especial\u00bb, reconoce Negueruela\n<\/p>\n<p class=\"v-d-p\" style=\"\">Acostumbrado a convivir con un ruido constante, aquella ausencia de sonidos lleg\u00f3 a producirle v\u00e9rtigo. \u00abTe das cuenta de que es silencio total y a veces te crea cierto v\u00e9rtigo\u00bb. La experiencia le permiti\u00f3 comprender hasta qu\u00e9 punto la sociedad actual vive rodeada de est\u00edmulos permanentes. <\/p>\n<p class=\"v-d-p\" style=\"\">La participaci\u00f3n de Negueruela en el documental lleg\u00f3 despu\u00e9s de un complejo proceso de selecci\u00f3n. Una convocatoria nacional reuni\u00f3 a centenares de aspirantes. Tras varias fases de entrevistas y pruebas f\u00edsicas, \u00fanicamente cinco personas fueron elegidas para la expedici\u00f3n. Pero m\u00e1s all\u00e1 de la aventura, el proyecto ten\u00eda otro objetivo. Todos los participantes superaban los 65 a\u00f1os. \u00abLo importante es transmitir que la edad solo es un n\u00famero y no es un l\u00edmite\u00bb.<\/p>\n<p class=\"v-d-p\" style=\"\">Ese mensaje atraviesa toda la pel\u00edcula y tambi\u00e9n buena parte de las reflexiones que el aventurero palentino comparte cuando habla de su trayectoria. A su juicio, la sociedad sigue imponiendo barreras invisibles a quienes alcanzan determinadas edades. \u00abHay un edadismo ambiental que te hace sentir que ya has acabado\u00bb.<\/p>\n","protected":false},"excerpt":{"rendered":"Hay personas que acumulan a\u00f1os y personas que acumulan historias. Bernardo Negueruela pertenece claramente al segundo grupo. A&hellip;\n","protected":false},"author":2,"featured_media":630883,"comment_status":"","ping_status":"","sticky":false,"template":"","format":"standard","meta":{"footnotes":""},"categories":[169],"tags":[1618,177,6084,146,147,25,24,18053,176,175,29315,20521,57,23],"class_list":["post-630882","post","type-post","status-publish","format-standard","has-post-thumbnail","category-cine","tag-artico","tag-cine","tag-documental","tag-entertainment","tag-entretenimiento","tag-es","tag-espana","tag-expedicion","tag-film","tag-movies","tag-palentino","tag-protagoniza","tag-sobre","tag-spain"],"share_on_mastodon":{"url":"https:\/\/pubeurope.com\/@es\/116829460846839582","error":""},"_links":{"self":[{"href":"https:\/\/www.europesays.com\/es\/wp-json\/wp\/v2\/posts\/630882","targetHints":{"allow":["GET"]}}],"collection":[{"href":"https:\/\/www.europesays.com\/es\/wp-json\/wp\/v2\/posts"}],"about":[{"href":"https:\/\/www.europesays.com\/es\/wp-json\/wp\/v2\/types\/post"}],"author":[{"embeddable":true,"href":"https:\/\/www.europesays.com\/es\/wp-json\/wp\/v2\/users\/2"}],"replies":[{"embeddable":true,"href":"https:\/\/www.europesays.com\/es\/wp-json\/wp\/v2\/comments?post=630882"}],"version-history":[{"count":0,"href":"https:\/\/www.europesays.com\/es\/wp-json\/wp\/v2\/posts\/630882\/revisions"}],"wp:featuredmedia":[{"embeddable":true,"href":"https:\/\/www.europesays.com\/es\/wp-json\/wp\/v2\/media\/630883"}],"wp:attachment":[{"href":"https:\/\/www.europesays.com\/es\/wp-json\/wp\/v2\/media?parent=630882"}],"wp:term":[{"taxonomy":"category","embeddable":true,"href":"https:\/\/www.europesays.com\/es\/wp-json\/wp\/v2\/categories?post=630882"},{"taxonomy":"post_tag","embeddable":true,"href":"https:\/\/www.europesays.com\/es\/wp-json\/wp\/v2\/tags?post=630882"}],"curies":[{"name":"wp","href":"https:\/\/api.w.org\/{rel}","templated":true}]}}