{"id":630941,"date":"2026-06-28T20:36:49","date_gmt":"2026-06-28T20:36:49","guid":{"rendered":"https:\/\/www.europesays.com\/es\/630941\/"},"modified":"2026-06-28T20:36:49","modified_gmt":"2026-06-28T20:36:49","slug":"ana-rosa-quintana-se-marcha-de-vacaciones-este-maravilloso-equipo-echa-el-cierre-hasta-septiembre","status":"publish","type":"post","link":"https:\/\/www.europesays.com\/es\/630941\/","title":{"rendered":"Ana Rosa Quintana se marcha de vacaciones: \u00abEste maravilloso equipo echa el cierre hasta septiembre\u00bb"},"content":{"rendered":"<p class=\"c-paragraph\">Este viernes, <a href=\"https:\/\/www.20minutos.es\/tags\/personas\/ana-rosa-quintana.html\" title=\"Ana Rosa Quintana\" rel=\"nofollow noopener\" target=\"_blank\">Ana Rosa Quintana<\/a> ha aprovechado los \u00faltimos minutos de su matinal en Telecinco para despedirse de la audiencia. La presentadora, que se marchar\u00e1 de <b>vacaciones hasta principios de septiembre<\/b>, deja las ma\u00f1anas de la cadena en manos de <a href=\"https:\/\/www.20minutos.es\/tags\/temas\/ana-terradillos.html\" title=\"Ana Terradillos\" target=\"_blank\" rel=\"nofollow noopener\">Ana Terradillos<\/a> y <a href=\"https:\/\/www.20minutos.es\/tags\/temas\/patricia-pardo.html\" title=\"Patricia Pardo\" rel=\"nofollow noopener\" target=\"_blank\">Patricia Pardo<\/a>.<\/p>\n<p class=\"c-paragraph\">De esta manera, las ma\u00f1anas de Telecinco <b>comenzar\u00e1n con <a href=\"https:\/\/www.20minutos.es\/tags\/instituciones-empresas\/la-mirada-critica.html\" title=\"La mirada cr\u00edtica\" rel=\"nofollow noopener\" target=\"_blank\">La mirada cr\u00edtica<\/a><\/b>, encabezado por Ana Terradillos, que se extender\u00e1 desde las 8:30 horas hasta las 10:30 horas; a quien <b>le seguir\u00e1 <a href=\"https:\/\/www.20minutos.es\/tags\/instituciones-empresas\/vamos-a-ver.html\" title=\"Vamos a ver\" target=\"_blank\" rel=\"nofollow noopener\">Vamos a ver<\/a><\/b>, presentado por Patricia Pardo, que se adelanta dos horas y comenzar\u00e1 a las 10:30 horas para finalizar a las 13:30 horas.<\/p>\n<p class=\"c-paragraph\">Ante esto, en esta jornada, Ana Rosa Quintana ha querido despedirse de la audiencia: \u00abGracias, de coraz\u00f3n, por elegirnos cada d\u00eda. Disfruten del verano, cu\u00eddense mucho, beban agua, p\u00f3nganse cremita&#8230; Nos vemos a la vuelta del verano. <b>Este maravilloso equipo echa el cierre hasta septiembre<\/b>\u00ab.<\/p>\n<p class=\"c-paragraph\">Tras el breve discurso de la presentadora, el matinal ha emitido un v\u00eddeo en el que se ha mostrado el trabajo diario de la redacci\u00f3n y realizaci\u00f3n de <a href=\"https:\/\/www.20minutos.es\/tags\/temas\/el-programa-de-ana-rosa.html\" title=\"El programa de Ana Rosa\" rel=\"nofollow noopener\" target=\"_blank\">El programa de Ana Rosa<\/a>. Finalmente, la presentadora ha pedido que las c\u00e1maras se centrasen en los trabajadores del equipo: \u00ab<b>Ellos son los protagonistas<\/b>\u00ab.<\/p>\n","protected":false},"excerpt":{"rendered":"Este viernes, Ana Rosa Quintana ha aprovechado los \u00faltimos minutos de su matinal en Telecinco para despedirse de&hellip;\n","protected":false},"author":2,"featured_media":630942,"comment_status":"","ping_status":"","sticky":false,"template":"","format":"standard","meta":{"footnotes":""},"categories":[171],"tags":[683,146,147,25,24,3402,27011,2465,7745,23,214],"class_list":["post-630941","post","type-post","status-publish","format-standard","has-post-thumbnail","category-tv","tag-ana","tag-entertainment","tag-entretenimiento","tag-es","tag-espana","tag-marcha","tag-quintana","tag-rosa","tag-se","tag-spain","tag-tv"],"share_on_mastodon":{"url":"https:\/\/pubeurope.com\/@es\/116829656663570423","error":""},"_links":{"self":[{"href":"https:\/\/www.europesays.com\/es\/wp-json\/wp\/v2\/posts\/630941","targetHints":{"allow":["GET"]}}],"collection":[{"href":"https:\/\/www.europesays.com\/es\/wp-json\/wp\/v2\/posts"}],"about":[{"href":"https:\/\/www.europesays.com\/es\/wp-json\/wp\/v2\/types\/post"}],"author":[{"embeddable":true,"href":"https:\/\/www.europesays.com\/es\/wp-json\/wp\/v2\/users\/2"}],"replies":[{"embeddable":true,"href":"https:\/\/www.europesays.com\/es\/wp-json\/wp\/v2\/comments?post=630941"}],"version-history":[{"count":0,"href":"https:\/\/www.europesays.com\/es\/wp-json\/wp\/v2\/posts\/630941\/revisions"}],"wp:featuredmedia":[{"embeddable":true,"href":"https:\/\/www.europesays.com\/es\/wp-json\/wp\/v2\/media\/630942"}],"wp:attachment":[{"href":"https:\/\/www.europesays.com\/es\/wp-json\/wp\/v2\/media?parent=630941"}],"wp:term":[{"taxonomy":"category","embeddable":true,"href":"https:\/\/www.europesays.com\/es\/wp-json\/wp\/v2\/categories?post=630941"},{"taxonomy":"post_tag","embeddable":true,"href":"https:\/\/www.europesays.com\/es\/wp-json\/wp\/v2\/tags?post=630941"}],"curies":[{"name":"wp","href":"https:\/\/api.w.org\/{rel}","templated":true}]}}