{"id":63095,"date":"2025-08-21T19:17:15","date_gmt":"2025-08-21T19:17:15","guid":{"rendered":"https:\/\/www.europesays.com\/es\/63095\/"},"modified":"2025-08-21T19:17:15","modified_gmt":"2025-08-21T19:17:15","slug":"bade-explica-los-motivos-de-su-fichaje-por-el-bayer-leverkusen","status":"publish","type":"post","link":"https:\/\/www.europesays.com\/es\/63095\/","title":{"rendered":"Bad\u00e9 explica los motivos de su fichaje por el Bayer Leverkusen"},"content":{"rendered":"<p class=\"parrafo\">Es oficial. Desde la sobremesa de este jueves, <strong>Lo\u00efc Bad\u00e9 es nuevo jugador del Bayer Leverkusen<\/strong>. El central franc\u00e9s <a href=\"https:\/\/www.estadiodeportivo.com\/futbol\/sevilla-fc\/bade-despide-del-sevilla-con-una-promesa-facil-20250820-508539.html\" target=\"_blank\" class=\"intext-link\" rel=\"nofollow noopener\">se march\u00f3 con emoci\u00f3n<\/a> del Sevilla FC este pasado mi\u00e9rcoles y, tras viajar a tierras germanas para pasar las preceptivas pruebas m\u00e9dicas, ha firmado su contrato un contrato hasta el 30 de junio de 2030 como \u00faltimo tr\u00e1mite a una operaci\u00f3n m\u00e1s que necesaria para las deterioradas arcas del Ram\u00f3n S\u00e1nchez-Pizju\u00e1n, donde trabajan ya para aprovechar ese margen liberado en pos de poder inscribir alg\u00fan jugador m\u00e1s &#8211;<a href=\"https:\/\/www.estadiodeportivo.com\/futbol\/sevilla-fc\/luz-las-inscripciones-del-sevilla-proximo-fichaje-tiene-nombre-20250819-508415.html\" target=\"_blank\" class=\"intext-link\" rel=\"nofollow noopener\">Rub\u00e9n Vargas es el claro favorito<\/a>; Gabriel Suazo, el siguiente- para el choque del pr\u00f3ximo lunes ante el Getafe CF. <\/p>\n<p class=\"parrafo\"><a href=\"https:\/\/www.estadiodeportivo.com\/futbol\/sevilla-fc\/venta-bade-muy-muy-cerca-20250812-507557.html\" target=\"_blank\" class=\"intext-link\" rel=\"nofollow noopener\">El pasado 12 de agosto<\/a>, <strong>ESTADIO Deportivo<\/strong> informaba que la salida de Bad\u00e9 rumbo a Leverkusen se encontraba muy pr\u00f3xima de cerrarse despu\u00e9s de los significativos avances en las conversaciones entre clubes una vez que los germanos subieron su oferta para satisfacer las pretensiones de los nervionenses, plantados en <strong>30 millones de euros de fijo m\u00e1s diversas variables que podr\u00edan llegar a elevar el montante final hasta rondar los 35 millones<\/strong>. <\/p>\n<p><img decoding=\"async\" src=\"https:\/\/www.europesays.com\/es\/wp-content\/uploads\/2025\/08\/c40d5538-22df-45af-b459-e1958639a819_800x450.jpeg\" loading=\"lazy\"\/><\/p>\n<p class=\"parrafo\">\u00abEl Sevilla FC y el Bayer Leverkusen han alcanzado un acuerdo para el traspaso del defensa galo Lo\u00efc Bad\u00e9. El franc\u00e9s pone fin as\u00ed a su gran etapa en la entidad hispalense desde su llegada en el mercado invernal de la temporada 22\/23, en la que <strong>logr\u00f3 conquistar el t\u00edtulo de la UEFA Europa League<\/strong> de esa campa\u00f1a en Budapuest y se convirti\u00f3 en poco tiempo en un referente en el vestuario blanquirrojo\u00bb, explica el club blanquirrojo en un comunicado en el que ha querido \u00abagradecer el compromiso de Bad\u00e9 durante estos a\u00f1os en el club y desearle la mejor de las suertes en esta nueva etapa profesional\u00bb. <\/p>\n<p><a class=\"elementos-rel-t2\" href=\"https:\/\/www.estadiodeportivo.com\/futbol\/sevilla-fc\/bade-despide-del-sevilla-con-una-promesa-facil-20250820-508539.html\" title=\"Bad\u00e9 se despide del Sevilla con una promesa: &quot;No es f\u00e1cil&quot;\" rel=\"nofollow noopener\" target=\"_blank\">Bad\u00e9 se despide del Sevilla con una promesa: \u00abNo es f\u00e1cil\u00bb<img decoding=\"async\" src=\"https:\/\/www.europesays.com\/es\/wp-content\/uploads\/2025\/08\/8013ffe2-5a20-44f2-a52b-6876e14aa3d8_320x180.jpeg\" alt=\"Bad\u00e9 se despide del Sevilla con una promesa: &quot;No es f\u00e1cil&quot;\"\/><\/a><a class=\"elementos-rel-t2\" href=\"https:\/\/www.estadiodeportivo.com\/futbol\/sevilla-fc\/bade-emocionado-despide-sus-companeros-entrenamiento-del-sevilla-20250819-508452.html\" title=\"Bad\u00e9, emocionado, se despide de sus compa\u00f1eros en el entrenamiento del Sevilla\" rel=\"nofollow noopener\" target=\"_blank\">Bad\u00e9, emocionado, se despide de sus compa\u00f1eros en el entrenamiento del Sevilla<img decoding=\"async\" src=\"https:\/\/www.europesays.com\/es\/wp-content\/uploads\/2025\/08\/2dd86f09-be8e-4e4b-aba3-895ad29e93fc_320x180.jpeg\" alt=\"Bad\u00e9, emocionado, se despide de sus compa\u00f1eros en el entrenamiento del Sevilla\"\/><\/a><a class=\"elementos-rel-t2\" href=\"https:\/\/www.estadiodeportivo.com\/futbol\/sevilla-fc\/bade-prepara-las-maletas-para-adios-inminente-del-sevilla-20250819-508394.html\" title=\"Bad\u00e9 prepara las maletas para su adi\u00f3s inminente del Sevilla\" rel=\"nofollow noopener\" target=\"_blank\">Bad\u00e9 prepara las maletas para su adi\u00f3s inminente del Sevilla<img decoding=\"async\" src=\"https:\/\/www.europesays.com\/es\/wp-content\/uploads\/2025\/08\/7860b085-01ce-4d94-b7c5-d83f176f7918_320x180.jpeg\" alt=\"Bad\u00e9 prepara las maletas para su adi\u00f3s inminente del Sevilla\"\/><\/a><\/p>\n<p class=\"parrafo\">\u00abLo\u00efc Bad\u00e9 ha defendido la camiseta sevillista en <strong>93 partidos oficiales<\/strong>, repartidos entre LaLiga (79), UEFA Champions League (2), UEFA Europa League (6), UEFA Supercopa de Europa (1) y Copa del Rey (5). Adem\u00e1s, <strong>ha anotado tres goles<\/strong>, destacando sobre ellos el conseguido en los cuartos de final de la Europa League ante el Manchester United en el Ram\u00f3n S\u00e1nchez-Pizju\u00e1n en la 22\/23. En su periplo como sevillista, Bad\u00e9 ha alcanzado la internacionalidad absoluta con Francia, disputando un encuentro en la Liga de las Naciones de la UEFA 2025, obteniendo la medalla de plata en los Juegos Ol\u00edmpicos de Par\u00eds 2024 y disputando el Europeo sub 21 en 2023&#8243;, recuerda desde Nervi\u00f3n sobre su legado. <\/p>\n<p><img decoding=\"async\" src=\"https:\/\/www.europesays.com\/es\/wp-content\/uploads\/2025\/08\/879f4277-3bf6-4cea-bd56-fdb53bb8647b_800x450.jpeg\" loading=\"lazy\"\/>Bad\u00e9 lucir\u00e1 el &#8216;5&#8217; en el Bayer Leverkusen <\/p>\n<p class=\"parrafo\">\u00ab<strong>Con Lo\u00efc Bad\u00e9 hemos incorporado a un defensa central todav\u00eda joven, pero ya con mucha experiencia<\/strong>\u00ab, ha explicado el director general deportivo del Bayer Leverkusen, Simon Rolfes. \u00abEn LaLiga, estaba acostumbrado a enfrentarse a delanteros de talla mundial. Lo\u00efc es un jugador <strong>f\u00edsicamente contundente e inteligente en el juego<\/strong><strong>, un refuerzo absoluto para nuestra l\u00ednea defensiva<\/strong>. Con esta configuraci\u00f3n en defensa, somos competitivos al m\u00e1s alto nivel\u00bb, ha a\u00f1adido el dirigente germano. <\/p>\n<p class=\"parrafo\">Bad\u00e9, que ha posado con sus nuevos colores y llevar\u00e1 el dorsal n\u00famero 5 tambi\u00e9n ha pronunciado sus primeras palabras con su nuevo club: \u00ab<strong>La Bundesliga y el f\u00fatbol alem\u00e1n me atraen mucho. En los \u00faltimos a\u00f1os, el Bayer Leverkusen ha ganado gran reconocimiento internacional. <\/strong>He visto muchos partidos por televisi\u00f3n, sobre todo los internacionales. El estadio y los aficionados de Leverkusen me parecieron espectaculares. Ser\u00e1 muy divertido luchar por ganar t\u00edtulos con el Bayer 04 en este entorno\u00bb. El galo hab\u00eda rechazado varias propuestas, especialmente una del Aston Villa en enero, y hab\u00eda sido tanteado por numerosos clubes, principalmente de la Premier League. Por ser a\u00f1o de Mundial, no ten\u00eda claro salir de un Sevilla FC en el que era titular indiscutible y siempre dej\u00f3 claro que, si se iba, era porque el club lo necesitaba y s\u00f3lo ser\u00eda a un destino que le resultase atractivo. <\/p>\n<p><img decoding=\"async\" src=\"https:\/\/www.europesays.com\/es\/wp-content\/uploads\/2025\/08\/4b41101d-25e9-45e8-ae29-fd95638b40d8_800x1000.jpeg\" loading=\"lazy\"\/><\/p>\n","protected":false},"excerpt":{"rendered":"Es oficial. Desde la sobremesa de este jueves, Lo\u00efc Bad\u00e9 es nuevo jugador del Bayer Leverkusen. El central&hellip;\n","protected":false},"author":2,"featured_media":63096,"comment_status":"","ping_status":"","sticky":false,"template":"","format":"standard","meta":{"footnotes":""},"categories":[5],"tags":[10083,17,18,4526,25,24,284,13,14,285,282,1698,11,19,20,8703,9,10,15,16,1945,2993,23,12,21,22],"class_list":{"0":"post-63095","1":"post","2":"type-post","3":"status-publish","4":"format-standard","5":"has-post-thumbnail","7":"category-titulares","8":"tag-bayer-leverkusen","9":"tag-breaking-news","10":"tag-breakingnews","11":"tag-bundesliga","12":"tag-es","13":"tag-espana","14":"tag-estadio-deportivo","15":"tag-featured-news","16":"tag-featurednews","17":"tag-fichajes","18":"tag-futbol","19":"tag-futbol-internacional","20":"tag-headlines","21":"tag-latest-news","22":"tag-latestnews","23":"tag-loic-bade","24":"tag-news","25":"tag-noticias","26":"tag-noticias-destacadas","27":"tag-noticiasdestacadas","28":"tag-primera-division","29":"tag-sevilla-futbol-club","30":"tag-spain","31":"tag-titulares","32":"tag-ultimas-noticias","33":"tag-ultimasnoticias"},"share_on_mastodon":{"url":"","error":""},"_links":{"self":[{"href":"https:\/\/www.europesays.com\/es\/wp-json\/wp\/v2\/posts\/63095","targetHints":{"allow":["GET"]}}],"collection":[{"href":"https:\/\/www.europesays.com\/es\/wp-json\/wp\/v2\/posts"}],"about":[{"href":"https:\/\/www.europesays.com\/es\/wp-json\/wp\/v2\/types\/post"}],"author":[{"embeddable":true,"href":"https:\/\/www.europesays.com\/es\/wp-json\/wp\/v2\/users\/2"}],"replies":[{"embeddable":true,"href":"https:\/\/www.europesays.com\/es\/wp-json\/wp\/v2\/comments?post=63095"}],"version-history":[{"count":0,"href":"https:\/\/www.europesays.com\/es\/wp-json\/wp\/v2\/posts\/63095\/revisions"}],"wp:featuredmedia":[{"embeddable":true,"href":"https:\/\/www.europesays.com\/es\/wp-json\/wp\/v2\/media\/63096"}],"wp:attachment":[{"href":"https:\/\/www.europesays.com\/es\/wp-json\/wp\/v2\/media?parent=63095"}],"wp:term":[{"taxonomy":"category","embeddable":true,"href":"https:\/\/www.europesays.com\/es\/wp-json\/wp\/v2\/categories?post=63095"},{"taxonomy":"post_tag","embeddable":true,"href":"https:\/\/www.europesays.com\/es\/wp-json\/wp\/v2\/tags?post=63095"}],"curies":[{"name":"wp","href":"https:\/\/api.w.org\/{rel}","templated":true}]}}