{"id":630980,"date":"2026-06-28T21:08:10","date_gmt":"2026-06-28T21:08:10","guid":{"rendered":"https:\/\/www.europesays.com\/es\/630980\/"},"modified":"2026-06-28T21:08:10","modified_gmt":"2026-06-28T21:08:10","slug":"asi-es-el-nuevo-diseno-del-pasaporte-de-eeuu-con-la-imagen-de-donald-trump-bienvenido-pero-se-bueno","status":"publish","type":"post","link":"https:\/\/www.europesays.com\/es\/630980\/","title":{"rendered":"As\u00ed es el nuevo dise\u00f1o del pasaporte de EEUU, con la imagen de Donald Trump: \u00abBienvenido, pero s\u00e9 bueno\u00bb"},"content":{"rendered":"<p class=\"c-paragraph\">El presidente <a href=\"https:\/\/www.20minutos.es\/tags\/personas\/donald-trump.html\" title=\"Donald Trump\" rel=\"nofollow noopener\" target=\"_blank\">Donald Trump<\/a> ha presentado el dise\u00f1o del nuevo pasaporte estadounidense conmemorativo del <b>250 aniversario de la independencia estadounidense<\/b>, y que incluye una imagen de \u00e9l mismo.<\/p>\n<p class=\"c-paragraph\">En la contraportada aparece una imagen de Trump con semblante serio, junto con un texto de la Declaraci\u00f3n de Independencia, convirti\u00e9ndose as\u00ed en el <b>primer presidente estadounidense<\/b> en ejercicio en aparecer en el interior de un pasaporte del pa\u00eds.<\/p>\n<p class=\"c-paragraph\">Trump revel\u00f3 el dise\u00f1o actualizado el viernes en una publicaci\u00f3n en su cuenta Truth Social, donde comparti\u00f3 una imagen del pasaporte y declar\u00f3: \u00abEl nuevo pasaporte de los Estados Unidos, que dice: <b>&#8216;\u00a1Bienvenidos, pero p\u00f3rtate bien!'\u00bb.<\/b><\/p>\n<p class=\"c-paragraph\">La cuenta de la Casa Blanca public\u00f3 simult\u00e1neamente la misma imagen, denomin\u00e1ndola <b>\u00abPasaporte Patriota\u00bb.<\/b><\/p>\n<p class=\"c-paragraph\">Este dise\u00f1o difiere de un concepto anterior anunciado por el Departamento de Estado en abril y presenta un retrato de Trump inclinado sobre<b> el escritorio Resolute, <\/b>en el Despacho Oval, con los pu\u00f1os cerrados y una expresi\u00f3n intensa.<\/p>\n<p class=\"c-paragraph\">La imagen est\u00e1 basada en un retrato oficial tomado por el fot\u00f3grafo de la Casa Blanca <b>Daniel Torok<\/b>, que se exhibe en la exposici\u00f3n Los presidentes de Estados Unidos\u00a0del Instituto Smithsonian.<\/p>\n<p class=\"c-paragraph\">El dise\u00f1o tambi\u00e9n incorpora varios elementos patri\u00f3ticos, como la firma de Trump, la marca &#8216;250&#8217; en dorado y <b>un fondo con la bandera estadounidense m\u00e1s v\u00edvida.<\/b><\/p>\n<p class=\"c-paragraph\">Seg\u00fan informaron las autoridades, el documento conmemorativo solo estar\u00e1 disponible mediante cita previa en persona en la Agencia de Pasaportes de Washington<b> a partir del 6 de julio y solo hasta agotar existencias.<\/b><\/p>\n","protected":false},"excerpt":{"rendered":"El presidente Donald Trump ha presentado el dise\u00f1o del nuevo pasaporte estadounidense conmemorativo del 250 aniversario de la&hellip;\n","protected":false},"author":2,"featured_media":630981,"comment_status":"","ping_status":"","sticky":false,"template":"","format":"standard","meta":{"footnotes":""},"categories":[42],"tags":[8722,17,18,234,25,13,14,11,61,62,63,64,19,20,9,10,15,16,524,55453,12,21,22,65,66,67],"class_list":["post-630980","post","type-post","status-publish","format-standard","has-post-thumbnail","category-internacional","tag-asi","tag-breaking-news","tag-breakingnews","tag-diseno","tag-es","tag-featured-news","tag-featurednews","tag-headlines","tag-internacional","tag-international","tag-international-news","tag-internationalnews","tag-latest-news","tag-latestnews","tag-news","tag-noticias","tag-noticias-destacadas","tag-noticiasdestacadas","tag-nuevo","tag-pasaporte","tag-titulares","tag-ultimas-noticias","tag-ultimasnoticias","tag-world","tag-world-news","tag-worldnews"],"share_on_mastodon":{"url":"https:\/\/pubeurope.com\/@es\/116829782637391450","error":""},"_links":{"self":[{"href":"https:\/\/www.europesays.com\/es\/wp-json\/wp\/v2\/posts\/630980","targetHints":{"allow":["GET"]}}],"collection":[{"href":"https:\/\/www.europesays.com\/es\/wp-json\/wp\/v2\/posts"}],"about":[{"href":"https:\/\/www.europesays.com\/es\/wp-json\/wp\/v2\/types\/post"}],"author":[{"embeddable":true,"href":"https:\/\/www.europesays.com\/es\/wp-json\/wp\/v2\/users\/2"}],"replies":[{"embeddable":true,"href":"https:\/\/www.europesays.com\/es\/wp-json\/wp\/v2\/comments?post=630980"}],"version-history":[{"count":0,"href":"https:\/\/www.europesays.com\/es\/wp-json\/wp\/v2\/posts\/630980\/revisions"}],"wp:featuredmedia":[{"embeddable":true,"href":"https:\/\/www.europesays.com\/es\/wp-json\/wp\/v2\/media\/630981"}],"wp:attachment":[{"href":"https:\/\/www.europesays.com\/es\/wp-json\/wp\/v2\/media?parent=630980"}],"wp:term":[{"taxonomy":"category","embeddable":true,"href":"https:\/\/www.europesays.com\/es\/wp-json\/wp\/v2\/categories?post=630980"},{"taxonomy":"post_tag","embeddable":true,"href":"https:\/\/www.europesays.com\/es\/wp-json\/wp\/v2\/tags?post=630980"}],"curies":[{"name":"wp","href":"https:\/\/api.w.org\/{rel}","templated":true}]}}