{"id":631148,"date":"2026-06-28T23:29:38","date_gmt":"2026-06-28T23:29:38","guid":{"rendered":"https:\/\/www.europesays.com\/es\/631148\/"},"modified":"2026-06-28T23:29:38","modified_gmt":"2026-06-28T23:29:38","slug":"testigo-del-atropello-en-navarreria-mi-hermano-se-ha-metido-debajo-del-camion-pero-las-tres-personas-estaban-totalmente-atrapadas","status":"publish","type":"post","link":"https:\/\/www.europesays.com\/es\/631148\/","title":{"rendered":"Testigo del atropello en Navarrer\u00eda: \u00abMi hermano se ha metido debajo del cami\u00f3n pero las tres personas estaban totalmente atrapadas\u00bb"},"content":{"rendered":"<p>    <a href=\"https:\/\/www.noticiasdenavarra.com\/fotos\/pamplona\/2026\/06\/28\/fotos-navarreria-personas-arrolladas-camion-pamplona-11259591.html\" rel=\"nofollow noopener\" target=\"_blank\"><\/p>\n<p>    <img loading=\"lazy\" decoding=\"async\" class=\"lazy-place\" src=\"data:image\/svg+xml,%3Csvg xmlns=&quot;http:\/\/www.w3.org\/2000\/svg&quot; viewBox=&quot;0 0 1200 675&quot;%3E%3C\/svg%3E\" height=\"675\" width=\"1200\" alt=\"\" style=\"width:100%; height:auto; max-width:100%;\"\/><\/p>\n<p>    <\/a><br \/>\n    <a href=\"https:\/\/www.noticiasdenavarra.com\/fotos\/pamplona\/2026\/06\/28\/fotos-navarreria-personas-arrolladas-camion-pamplona-11259591.html\" class=\"article-photo__multimedia\" rel=\"nofollow noopener\" target=\"_blank\"><\/p>\n<p>        60<br \/>\n    <\/a><\/p>\n<p class=\"article-photo__footer\">\n        Fotos de la zona de Navarrer\u00eda en la que varias personas han sido arrolladas por un cami\u00f3n\n            <\/p>\n<p class=\"article-body__text article-body__text--entry article-body__text-middle\">\n        \u00abEst\u00e1bamos en la calle, junto al Mes\u00f3n de Navarrer\u00eda, con mucha gente en la calle y m\u00fasica y de repente hemos escuchado un estruendo y una estampida de gente. <strong>Entonces hemos visto el cami\u00f3n parado y que hab\u00eda sangre en la pared<\/strong>. Hemos subido corriendo y mi hermano se ha metido debajo del cami\u00f3n para tratar de ayudar a la gente que hubiera. Ha visto a dos mujeres y una tercera persona, pero era imposible desatraparlas, estaban totalmente atrapadas\u00bb, <a href=\"https:\/\/www.noticiasdenavarra.com\/sucesos\/2026\/06\/28\/atropelladas-camion-navarreria-fallecida-cuatro-heridas-dos-graves-11259475.html\" title=\"narraba esta tarde Olatz desde la plaza de Navarrer\u00eda\" class=\"link copy\" rel=\"nofollow noopener\" target=\"_blank\">narraba esta tarde Olatz desde la plaza de Navarrer\u00eda<\/a>, afectada por lo ocurrido y por haber sido testigo de semejante siniestro, en el que una persona ha fallecido y cuatro mujeres han resultado heridas de diversa consideraci\u00f3n.\n<\/p>\n<p>            <a href=\"https:\/\/www.noticiasdenavarra.com\/sucesos\/2026\/06\/28\/bernardo-joven-presencio-atropello-camion-navarreria-11259957.html\" title=\"Bernardo, joven que presenci\u00f3 el atropello mortal de Navarrer\u00eda: &quot;El cami\u00f3n ha ido sin frenos, directo contra la pared&quot;\" class=\"new__media\" rel=\"nofollow noopener\" target=\"_blank\"><\/p>\n<p>                <img alt=\"Bernardo, joven que presenci\u00f3 el atropello mortal de Navarrer\u00eda: &quot;El cami\u00f3n ha ido sin frenos, directo contra la pared&quot;\" data-src=\"https:\/\/www.europesays.com\/es\/wp-content\/uploads\/2026\/06\/1782689378_888_1187778c-6f64-424d-bd70-b08aa59e08d2_16-9-aspect-ratio_default_0_x975y1274.jpg\" class=\"lozad\"\/><\/p>\n<p>        <\/a><\/p>\n<p>        <a href=\"https:\/\/www.noticiasdenavarra.com\/sucesos\/2026\/06\/28\/bernardo-joven-presencio-atropello-camion-navarreria-11259957.html\" title=\"Bernardo, joven que presenci\u00f3 el atropello mortal de Navarrer\u00eda: &quot;El cami\u00f3n ha ido sin frenos, directo contra la pared&quot;\" class=\"new__headline\" rel=\"nofollow noopener\" target=\"_blank\"><br \/>\n            Bernardo, joven que presenci\u00f3 el atropello mortal de Navarrer\u00eda: \u00abEl cami\u00f3n ha ido sin frenos, directo contra la pared\u00bb<br \/>\n        <\/a><\/p>\n<p class=\"article-body__text \">\n        \u00abHemos visto todo,<strong> hemos tratado de ayudar y de meternos debajo del cami\u00f3n<\/strong>, y de organizar todo para que las ambulancias pudieran llegar cuanto antes, pero la verdad, aunque la gente se ha portado muy bien, es que ha sido una tragedia y muy duro de ver\u00bb, a\u00f1ad\u00eda.<\/p>\n","protected":false},"excerpt":{"rendered":"60 Fotos de la zona de Navarrer\u00eda en la que varias personas han sido arrolladas por un cami\u00f3n&hellip;\n","protected":false},"author":2,"featured_media":631149,"comment_status":"","ping_status":"","sticky":false,"template":"","format":"standard","meta":{"footnotes":""},"categories":[5],"tags":[17,18,41318,11384,25,24,13,14,11,37,19,20,49407,117067,9,10,15,16,23,4798,12,21,22],"class_list":["post-631148","post","type-post","status-publish","format-standard","has-post-thumbnail","category-titulares","tag-breaking-news","tag-breakingnews","tag-camion","tag-debajo","tag-es","tag-espana","tag-featured-news","tag-featurednews","tag-headlines","tag-hermano","tag-latest-news","tag-latestnews","tag-metido","tag-navarreria","tag-news","tag-noticias","tag-noticias-destacadas","tag-noticiasdestacadas","tag-spain","tag-testigo","tag-titulares","tag-ultimas-noticias","tag-ultimasnoticias"],"share_on_mastodon":{"url":"https:\/\/pubeurope.com\/@es\/116830336598417286","error":""},"_links":{"self":[{"href":"https:\/\/www.europesays.com\/es\/wp-json\/wp\/v2\/posts\/631148","targetHints":{"allow":["GET"]}}],"collection":[{"href":"https:\/\/www.europesays.com\/es\/wp-json\/wp\/v2\/posts"}],"about":[{"href":"https:\/\/www.europesays.com\/es\/wp-json\/wp\/v2\/types\/post"}],"author":[{"embeddable":true,"href":"https:\/\/www.europesays.com\/es\/wp-json\/wp\/v2\/users\/2"}],"replies":[{"embeddable":true,"href":"https:\/\/www.europesays.com\/es\/wp-json\/wp\/v2\/comments?post=631148"}],"version-history":[{"count":0,"href":"https:\/\/www.europesays.com\/es\/wp-json\/wp\/v2\/posts\/631148\/revisions"}],"wp:featuredmedia":[{"embeddable":true,"href":"https:\/\/www.europesays.com\/es\/wp-json\/wp\/v2\/media\/631149"}],"wp:attachment":[{"href":"https:\/\/www.europesays.com\/es\/wp-json\/wp\/v2\/media?parent=631148"}],"wp:term":[{"taxonomy":"category","embeddable":true,"href":"https:\/\/www.europesays.com\/es\/wp-json\/wp\/v2\/categories?post=631148"},{"taxonomy":"post_tag","embeddable":true,"href":"https:\/\/www.europesays.com\/es\/wp-json\/wp\/v2\/tags?post=631148"}],"curies":[{"name":"wp","href":"https:\/\/api.w.org\/{rel}","templated":true}]}}