{"id":631248,"date":"2026-06-29T00:59:25","date_gmt":"2026-06-29T00:59:25","guid":{"rendered":"https:\/\/www.europesays.com\/es\/631248\/"},"modified":"2026-06-29T00:59:25","modified_gmt":"2026-06-29T00:59:25","slug":"apple-es-el-canario-en-la-mina-la-era-de-los-gadgets-baratos-se-ha-acabado-por-el-disparado-coste-de-las-memorias-para-ia","status":"publish","type":"post","link":"https:\/\/www.europesays.com\/es\/631248\/","title":{"rendered":"Apple es el canario en la mina: la era de los &#8216;gadgets&#8217; baratos se ha acabado por el disparado coste de las memorias para IA"},"content":{"rendered":"<p class=\"paragraph\" id=\"paragraph_1\">Durante las dos \u00faltimas d\u00e9cadas, los consumidores de electr\u00f3nica y telefon\u00eda se hab\u00edan acostumbrado a una m\u00e1xima inquebrantable: el paso del tiempo abarataba la tecnolog\u00eda. Esa \u00e9poca ha acabado y estamos ya ante <strong>un completo cambio de paradigma.<\/strong><\/p>\n<p class=\"paragraph\" id=\"paragraph_2\">A finales de 2025 comenzaba <a data-forcefollow=\"false\" data-sponsored=\"false\" href=\"https:\/\/www.elespanol.com\/elandroidelibre\/noticias-y-novedades\/20251204\/quieres-comprar-ordenador-hazlo-no-solo-memoria-precios-graficas-cpus-disparan-ia\/1003744042855_0.html?utm_cmp_rs=linksinline\" rel=\"nofollow noopener\" target=\"_blank\">la escasez de memorias debido a la demanda de la IA<\/a> y eran muchas las voces que vaticinaban precios disparados. Pero no ha sido hasta esta semana cuando todo ha explotado con un gran canario en la mina: <strong>Apple<\/strong>.<\/p>\n<p class=\"paragraph\" id=\"paragraph_3\">La compa\u00f1\u00eda de Cupertino ha realizado <strong>una fuerte <\/strong><a data-forcefollow=\"false\" data-sponsored=\"false\" href=\"https:\/\/www.elespanol.com\/omicrono\/tecnologia\/20260625\/subida-precios-apple-productos-ahora-cuestan-euros-solo-salvan\/1003744300131_0.html?utm_cmp_rs=linksinline\" rel=\"nofollow noopener\" target=\"_blank\"><strong>subida de precio en la mayor\u00eda de dispositivos<\/strong><\/a> \u2014hasta un 30% en algunos casos\u2014 pocos d\u00edas despu\u00e9s de que Tim Cook, todav\u00eda CEO de la empresa, advirtiese de la cercan\u00eda de <a data-forcefollow=\"false\" data-sponsored=\"false\" href=\"https:\/\/www.elespanol.com\/omicrono\/hardware\/20260618\/oficial-tim-cook-confirma-dispositivos-apple-ordenadores-iphones-van-subir-precio-ano\/1003744290566_0.html?utm_cmp_rs=linksinline\" rel=\"nofollow noopener\" target=\"_blank\">la pol\u00e9mica medida.<\/a><\/p>\n<p><img loading=\"lazy\" decoding=\"async\" alt=\"Apple Store de La Ca\u00f1ada\" height=\"240\" src=\"https:\/\/www.europesays.com\/es\/wp-content\/uploads\/2026\/06\/h:240&#038;h=PBjrT7wA.jpeg\" width=\"320\" data-lazy-status=\"processed\" data-lazy-info=\"remove loading item 1\"\/><\/p>\n<p class=\"paragraph\" id=\"paragraph_4\">Los Mac de sobremesa son los m\u00e1s afectados, pero no se escapan del ajuste de precios otras categor\u00edas de producto como los port\u00e1tiles, iPad e incluso HomePods o Apple TV. <strong>S\u00f3lo se salvan los iPhone, <\/strong>pero todas las miradas est\u00e1n puestas en la presentaci\u00f3n de septiembre, cuando se espera que lleguen los nuevos modelos premium.<\/p>\n<p class=\"paragraph\" id=\"paragraph_5\">Seg\u00fan explica el analista de Counterpoint Neil Shah, \u00abApple ha logrado resistir y contener esta inflaci\u00f3n durante al menos dos trimestres para proteger a su base de usuarios, pero <strong>la situaci\u00f3n ha superado el punto de no retorno <\/strong>en el que la compa\u00f1\u00eda ya no pod\u00eda seguir absorbiendo este incremento de costes\u00bb.<\/p>\n<p class=\"paragraph\" id=\"paragraph_6\">Durante este tiempo Apple ha sorprendido lanzando nuevos productos como <a data-forcefollow=\"false\" data-sponsored=\"false\" href=\"https:\/\/www.elespanol.com\/omicrono\/analisis-prueba-productos\/20260310\/dias-usando-macbook-neo-portatil-eur-apple-golpe-maestro-satisfacer-gran-publico\/1003744163133_0.html?utm_cmp_rs=linksinline\" rel=\"nofollow noopener\" target=\"_blank\"><strong>el MacBook Neo,<\/strong><\/a> un port\u00e1til de bajo coste y alto rendimiento que ha triunfado en ventas. Sin embargo, ni el Neo ha escapado a la subida de precios.<\/p>\n<p><img decoding=\"async\" alt=\"MacBook Neo\" data-imgm=\"true\" height=\"576\" loading=\"lazy\"  src=\"https:\/\/www.europesays.com\/es\/wp-content\/uploads\/2026\/06\/h:576&#038;h=Gr-Bi_o0.jpeg\"  width=\"1024\"\/><\/p>\n<p>                                                            MacBook Neo<\/p>\n<p>                    Chema Flores<\/p>\n<p>                    Omicrono\n            <\/p>\n<p class=\"paragraph\" id=\"paragraph_7\">\u00abHemos llegado a un punto en el que necesitamos <strong>empezar a subir los precios. <\/strong>Nunca hab\u00edamos visto un aumento tan grande y tan r\u00e1pido en el precio de un componente\u00bb, dec\u00eda el comunicado de Apple, una afirmaci\u00f3n tan rotunda, cruda y realista que hasta el propio Elon Musk \u2014quien no es precisamente de la cuerda de Cook\u2014 le daba la raz\u00f3n en X: \u00abes el mayor salto de precios en cualquier cosa que haya visto yo tambi\u00e9n\u00bb.<\/p>\n<p class=\"paragraph\" id=\"paragraph_8\">Lo cierto es que Apple no ha sido la \u00fanica \u2014ni ser\u00e1 la \u00faltima\u2014 en estar afectada por la crisis de precio de las memorias que est\u00e1n disparadas por la demanda de uso en sistemas de inteligencia artificial. Esta semana Microsoft tambi\u00e9n ha anunciado <strong>una subida de precio de la consola Xbox<\/strong>, y <a data-forcefollow=\"false\" data-sponsored=\"false\" href=\"https:\/\/vandal.elespanol.com\/noticia\/1350791167\/oficial-xbox-series-tendra-una-nueva-subida-de-precio-en-estados-unidos\/?utm_cmp_rs=linksinline\" target=\"_blank\" rel=\"nofollow noopener\">ha retirado el modelo con m\u00e1s almacenamiento. <\/a>Se trata del segundo ajuste de precio que realiza en este a\u00f1o, algo inaudito en el sector.<\/p>\n<p class=\"paragraph\" id=\"paragraph_9\">El comunicado de Xbox se\u00f1ala que \u00ablos precios del almacenamiento y la memoria de las consolas han aumentado m\u00e1s de 2,5 veces y prevemos que se dupliquen de nuevo para el oto\u00f1o de 2027. Toda la industria de la electr\u00f3nica de consumo est\u00e1 lidiando con la actual crisis de componentes, <strong>pero las consolas se ven especialmente afectadas\u00bb. <\/strong>Precisamente, la esperada consola de Valve se ha anunciado el precio esta semana y ha sido mucho m\u00e1s alto de lo esperado, <a data-forcefollow=\"false\" data-sponsored=\"false\" href=\"https:\/\/vandal.elespanol.com\/noticia\/1350791046\/valve-rompe-las-normas-el-precio-de-steam-machine-supera-los-1000-euros-en-espana\/?utm_cmp_rs=linksinline\" target=\"_blank\" rel=\"nofollow noopener\">rompiendo la barrera de los 1.000 euros<\/a> sin incluir mando.<\/p>\n<p>Apple y el efecto llamada<\/p>\n<p class=\"paragraph\" id=\"paragraph_10\">La contenci\u00f3n de precios de Apple durante este a\u00f1o ha hecho que otros muchos fabricantes hayan aguantado, lo que buenamente han podido, para no subir precios y ajustar en otras capacidades de sus productos para compensar la subida del coste de las memorias. Sin embargo, seg\u00fan explican fuentes del mercado a EL ESPA\u00d1OL &#8211; Omicrono, la medida tomada por Apple devendr\u00e1 en <strong>un efecto llamada de otras marcas.<\/strong><\/p>\n<p><img decoding=\"async\" alt=\"Fotomontaje con Tim Cook a la izquierda.\" height=\"240\" loading=\"lazy\" width=\"320\" data-lazy-status=\"processed\" id=\"da4096bb43\" src=\"https:\/\/www.elespanol.com\/omicrono\/tecnologia\/20260628\/apple-canario-mina-gadgets-baratos-acabado-disparado-coste-memorias-ia\/[\" https:=\"\" data-lazy-info=\"changed src\"\/><\/p>\n<p class=\"paragraph\" id=\"paragraph_11\">Del mismo modo que la compa\u00f1\u00eda de California marca tendencia en sus productos, funcionalidades, dise\u00f1o o productos, su estrategia tambi\u00e9n <strong>ser\u00e1 replicada previsiblemente por la competencia.<\/strong><\/p>\n<p class=\"paragraph\" id=\"paragraph_12\">Lo cierto es que durante esta mitad del a\u00f1o ya se han visto casos en telefon\u00eda m\u00f3vil donde se pod\u00eda observar el impacto de la subida de <strong>precios con modelos de gama media <\/strong>en horquillas de precio que hasta el a\u00f1o pasado eran propias de la gama alta.<\/p>\n<p class=\"paragraph\" id=\"paragraph_13\">Sin embargo, la advertencia m\u00e1s contundente sobre esta nueva realidad ha venido de <strong>Nothing.<\/strong><\/p>\n<p class=\"paragraph\" id=\"paragraph_14\">La joven compa\u00f1\u00eda con sede en Londres se caracteriza por una transparencia absoluta con su comunidad de usuarios y a principios de a\u00f1o comunic\u00f3 que este a\u00f1o <a data-forcefollow=\"false\" data-sponsored=\"false\" href=\"https:\/\/www.elespanol.com\/elandroidelibre\/noticias-y-novedades\/20260129\/nothing-cambia-siempre-ceo-confirma-adios-modelo-movil-reventara\/1003744108933_0.html?utm_cmp_rs=linksinline\" rel=\"nofollow noopener\" target=\"_blank\">no habr\u00eda sustituto del Phone 3<\/a>, su tel\u00e9fono de gama alta, ya que esperar\u00eda a un verdadero salto en experiencia. De esta forma ahorraba el incremento de costes que dif\u00edcilmente iba a poder amortiguar. Sin embargo, en los \u00faltimos d\u00edas \u2014antes de que hablase Tim Cook\u2014 fue mucho m\u00e1s contundente de boca de su CEO, Carl Pei: <strong>\u00abel mejor momento para comprar un m\u00f3vil fue ayer, y el segundo, hoy\u00bb.<\/strong><\/p>\n<p><img decoding=\"async\" alt=\"Nothing Phone (3)\" data-imgm=\"true\" height=\"576\" loading=\"lazy\"  src=\"https:\/\/www.europesays.com\/es\/wp-content\/uploads\/2026\/06\/h:576&#038;h=dizHz3Ci.jpeg\"  width=\"1024\"\/><\/p>\n<p>                                                            Nothing Phone (3)<\/p>\n<p>                    Chema Flores<\/p>\n<p>                    Omicrono\n            <\/p>\n<p class=\"paragraph\" id=\"paragraph_15\">De hecho, en tel\u00e9fonos m\u00f3viles recientes como <a data-forcefollow=\"false\" data-sponsored=\"false\" href=\"https:\/\/www.elespanol.com\/omicrono\/analisis-prueba-productos\/20260327\/movil-europeo-desafia-statu-quo-ataca-gama-alta-eur-usando-experiencia-diseno-unicos\/1003744173646_0.html?utm_cmp_rs=linksinline\" rel=\"nofollow noopener\" target=\"_blank\">el Phone (4a) Pro<\/a>, el m\u00f3dulo de memoria ya supera el coste de elementos tan importantes como el procesador principal, las c\u00e1maras o la pantalla, convirti\u00e9ndose <strong>en la pieza m\u00e1s cara de todo el ensamblaje.<\/strong><\/p>\n<p class=\"paragraph\" id=\"paragraph_16\">A los pocos d\u00edas ha vuelto a cancelar un esperado modelo, \u00abdebido al precio de las memorias hemos decidido no lanzar un nuevo tel\u00e9fono CMF este a\u00f1o\u00bb, explicaba Akis Evangelidis, cofundador de la empresa. Y es que a pesar de estar trabajando en el nuevo dispositivo, Evangelidis confes\u00f3 que <strong>\u00abcon los precios de la memoria donde est\u00e1n en este momento, no podemos construir un tel\u00e9fono que se sienta como un avance genuino a un precio que tenga sentido para CMF\u00bb.<\/strong><\/p>\n<p class=\"paragraph\" id=\"paragraph_17\">Mantener su filosof\u00eda de ofrecer grandes especificaciones a precios ajustados (<a data-forcefollow=\"false\" data-sponsored=\"false\" href=\"https:\/\/www.elespanol.com\/elandroidelibre\/moviles-android\/analisis\/20250501\/movil-barato-nothing-va-reventar-gama-media-necesitas-diseno-unico-euros\/1003743733165_0.html?utm_cmp_rs=linksinline\" rel=\"nofollow noopener\" target=\"_blank\">el modelo de 2025 costaba solo 249 euros en Espa\u00f1a<\/a>) podr\u00eda poner en riesgo su ventaja competitiva o derivar en la venta de un producto que no alcance los est\u00e1ndares deseados. En mercados de gran volumen como la India, esto ya <strong>se traduce en incrementos del 25%<\/strong><\/p>\n<p class=\"paragraph\" id=\"paragraph_18\">La situaci\u00f3n es cada vez m\u00e1s insostenible para las compa\u00f1\u00edas de menor tama\u00f1o y que no cuentan con los m\u00e1rgenes de Apple, con lo que \u00abes de esperar <strong>un continuado aumento de precios<\/strong> en productos de electr\u00f3nica de consumo\u00bb, advierte un analista a este peri\u00f3dico.<\/p>\n<p>Sin previsi\u00f3n de final<\/p>\n<p class=\"paragraph\" id=\"paragraph_19\">El crecimiento sin precedentes de la IA ha cambiado por completo la cadena de suministro de los semiconductores, impulsando una demanda insaciable de chips de memoria (DRAM y NAND) y procesadores que no puede ser igualada por la actual capacidad de producci\u00f3n. Y es que los centros de datos y los servidores especializados en esta tecnolog\u00eda est\u00e1n absorbiendo pr\u00e1cticamente toda <a data-forcefollow=\"false\" data-sponsored=\"false\" href=\"https:\/\/www.elespanol.com\/elandroidelibre\/moviles-android\/20260612\/carl-pei-ceo-nothing-precio-moviles-mejor-momento-comprar-ayer-segundo-hoy\/1003744283490_0.html?utm_cmp_rs=linksinline\" rel=\"nofollow noopener\" target=\"_blank\"><strong>la producci\u00f3n mundial disponible.<\/strong><\/a><\/p>\n<p class=\"paragraph\" id=\"paragraph_20\">Estas grandes corporaciones gestoras de centros de datos cuentan con presupuestos sumamente elevados y compran masivamente las obleas de silicio con mucha antelaci\u00f3n, pagando tarifas mucho m\u00e1s altas,<strong> sellando acuerdos a largo plazo <\/strong>y desplazando a las marcas de consumo tradicional.<\/p>\n<p class=\"paragraph\" id=\"paragraph_21\">As\u00ed por ejemplo, fabricantes de memorias como Micron han priorizado en los \u00faltimos meses los pedidos de fabricantes de chips de IA como Nvidia lo que les ha ayudado a obtener beneficios r\u00e9cord, pero ha dejado poca oferta para los fabricantes de productos electr\u00f3nicos que se han visto <strong>obligados a aumentar los precios.<\/strong><\/p>\n<p class=\"paragraph\" id=\"paragraph_22\">Es este pacto el que deja a las marcas de tel\u00e9fonos y ordenadores en una posici\u00f3n de clara desventaja competitiva a la hora de negociar los costes de sus cadenas de suministro. Sin embargo, <strong>lo peor est\u00e1 por llegar.<\/strong><\/p>\n<p><img decoding=\"async\" alt=\"El presidente de Micron, Sanjay Mehrotra, mostrando un chip.\" data-imgm=\"true\" height=\"960\" loading=\"lazy\"  src=\"https:\/\/www.europesays.com\/es\/wp-content\/uploads\/2026\/06\/h:960&#038;h=B7Tn67fm.jpeg\"  width=\"1706\"\/><\/p>\n<p>                                                            El presidente de Micron, Sanjay Mehrotra, mostrando un chip.<\/p>\n<p>                    Reuters<\/p>\n<p class=\"paragraph\" id=\"paragraph_23\">Y es que a diferencia de las roturas de stock producidas en pandemia, aqu\u00ed los precios no se encuentran en un bache temporal y los analistas coinciden en que este encarecimiento <strong>no se detendr\u00e1 a corto plazo.<\/strong><\/p>\n<p class=\"paragraph\" id=\"paragraph_24\">Desde Counterpoint aseguran que la situaci\u00f3n de suministro y priorizaci\u00f3n de la inteligencia artificial no mejorar\u00e1, como m\u00ednimo, durante los pr\u00f3ximos dos a\u00f1os y Microsoft aseveraba que se multiplicar\u00e1 de nuevo por dos para el oto\u00f1o del pr\u00f3ximo a\u00f1o 2027. Por su parte el CEO de Nothing proyecta que los precios medios de venta de los smartphones seguir\u00e1n una l\u00ednea de crecimiento constante que<strong> durar\u00e1 al menos hasta 2029.<\/strong><\/p>\n<p class=\"paragraph\" id=\"paragraph_25\">Esta inflaci\u00f3n galopante obligar\u00e1 a todas las compa\u00f1\u00edas \u2014y usuarios\u2014 a cambiar de estrategia y a entrar en un terreno desconocido donde igual termina la din\u00e1mica de lanzar <strong>un tel\u00e9fono por gama cada a\u00f1o<\/strong>, se acaban los grandes cat\u00e1logos de productos y se reduzcan dr\u00e1sticamente las ofertas.<\/p>\n<p class=\"paragraph\" id=\"paragraph_26\">La tendencia del mercado virar\u00e1 de forma forzosa hacia <strong>la creaci\u00f3n de dispositivos puramente premium,<\/strong> a\u00f1adiendo caracter\u00edsticas como paneles OLED o sistemas de IA mucho m\u00e1s rentables, en un intento de salvar las cuentas financieras compensando con valor la inevitable ca\u00edda en el n\u00famero de unidades vendidas.<\/p>\n<p class=\"paragraph\" id=\"paragraph_27\">En definitiva, el boom de la inteligencia artificial est\u00e1 devorando silenciosamente los cimientos de los a\u00f1os de la tecnolog\u00eda barata, con lo que si se encuentra en la necesidad imperiosa de renovar un port\u00e1til, un tel\u00e9fono o comprar una consola, el consejo es un\u00e1nime: aplazar la decisi\u00f3n de compra no le asegurar\u00e1 una oferta futura, <strong>sino la certeza de pagar mucho m\u00e1s.<\/strong><\/p>\n","protected":false},"excerpt":{"rendered":"Durante las dos \u00faltimas d\u00e9cadas, los consumidores de electr\u00f3nica y telefon\u00eda se hab\u00edan acostumbrado a una m\u00e1xima inquebrantable:&hellip;\n","protected":false},"author":2,"featured_media":631249,"comment_status":"","ping_status":"","sticky":false,"template":"","format":"standard","meta":{"footnotes":""},"categories":[80],"tags":[82,95,94,25,24,3826,16093,16683,8038,23,120,106462],"class_list":["post-631248","post","type-post","status-publish","format-standard","has-post-thumbnail","category-economia","tag-business","tag-economia","tag-economy","tag-es","tag-espana","tag-gadgets","tag-hardware","tag-memorias","tag-precios","tag-spain","tag-tecnologia","tag-tecnologia-newsletter-destacada"],"share_on_mastodon":{"url":"https:\/\/pubeurope.com\/@es\/116830690992455147","error":""},"_links":{"self":[{"href":"https:\/\/www.europesays.com\/es\/wp-json\/wp\/v2\/posts\/631248","targetHints":{"allow":["GET"]}}],"collection":[{"href":"https:\/\/www.europesays.com\/es\/wp-json\/wp\/v2\/posts"}],"about":[{"href":"https:\/\/www.europesays.com\/es\/wp-json\/wp\/v2\/types\/post"}],"author":[{"embeddable":true,"href":"https:\/\/www.europesays.com\/es\/wp-json\/wp\/v2\/users\/2"}],"replies":[{"embeddable":true,"href":"https:\/\/www.europesays.com\/es\/wp-json\/wp\/v2\/comments?post=631248"}],"version-history":[{"count":0,"href":"https:\/\/www.europesays.com\/es\/wp-json\/wp\/v2\/posts\/631248\/revisions"}],"wp:featuredmedia":[{"embeddable":true,"href":"https:\/\/www.europesays.com\/es\/wp-json\/wp\/v2\/media\/631249"}],"wp:attachment":[{"href":"https:\/\/www.europesays.com\/es\/wp-json\/wp\/v2\/media?parent=631248"}],"wp:term":[{"taxonomy":"category","embeddable":true,"href":"https:\/\/www.europesays.com\/es\/wp-json\/wp\/v2\/categories?post=631248"},{"taxonomy":"post_tag","embeddable":true,"href":"https:\/\/www.europesays.com\/es\/wp-json\/wp\/v2\/tags?post=631248"}],"curies":[{"name":"wp","href":"https:\/\/api.w.org\/{rel}","templated":true}]}}