{"id":631312,"date":"2026-06-29T02:17:15","date_gmt":"2026-06-29T02:17:15","guid":{"rendered":"https:\/\/www.europesays.com\/es\/631312\/"},"modified":"2026-06-29T02:17:15","modified_gmt":"2026-06-29T02:17:15","slug":"maria-corina-machado-anuncia-que-regresara-a-venezuela-para-acompanar-a-afectados-por-terremotos","status":"publish","type":"post","link":"https:\/\/www.europesays.com\/es\/631312\/","title":{"rendered":"Mar\u00eda Corina Machado anuncia que regresar\u00e1 a Venezuela para acompa\u00f1ar a afectados por terremotos"},"content":{"rendered":"<p class=\"article-body__paragraph\">La l\u00edder opositora venezolana <b>Mar\u00eda Corina Machado<\/b> anunci\u00f3 que regresar\u00e1 a <b>Venezuela<\/b> para acompa\u00f1ar a los afectados por los terremotos que golpearon al pa\u00eds el pasado <b>24 de junio<\/b>.<\/p>\n<p class=\"article-body__paragraph\">El anuncio se produce en medio de la emergencia humanitaria provocada por los sismos, que han dejado miles de damnificados, personas fallecidas, heridos y severos da\u00f1os en distintas zonas del pa\u00eds, especialmente en sectores costeros y urbanos.<\/p>\n<p class=\"article-body__paragraph\">Machado, quien se ha mantenido fuera de Venezuela durante los \u00faltimos meses, afirm\u00f3 que su retorno busca estar junto a los afectados y colaborar en las labores de apoyo a las familias damnificadas.<\/p>\n<p class=\"article-body__paragraph\">La dirigente opositora ya hab\u00eda difundido un mensaje dirigido a los venezolanos dentro y fuera del pa\u00eds, en el que llam\u00f3 a actuar de manera organizada para canalizar ayuda a quienes resultaron afectados por la cat\u00e1strofe.<\/p>\n<p><img alt=\"\" class=\"global-image\" decoding=\"async\"  src=\"https:\/\/www.europesays.com\/es\/wp-content\/uploads\/2026\/06\/Y3UTWLESZ5GXJOMXSTFIXJZ7ZQ.jpeg\"  fetchpriority=\"low\" loading=\"lazy\"\/>Mar\u00eda Corina Machado anuncia que regresar\u00e1 a Venezuela para acompa\u00f1ar a afectados por terremotos. En la imegen, edificio afectado por terremotos en Venezuela. <\/p>\n<p class=\"article-body__paragraph\">\u201cVenezuela nos necesita a todos. Tenemos que ayudar, acompa\u00f1ar y consolar\u201d, se\u00f1al\u00f3 Machado en un mensaje difundido a trav\u00e9s de sus redes sociales.<\/p>\n<p class=\"article-body__paragraph\">En esa l\u00ednea, convoc\u00f3 a activar redes ciudadanas, comandos y nodos de organizaci\u00f3n para reunir y distribuir insumos de forma segura y eficiente, poniendo especial atenci\u00f3n en adultos mayores, ni\u00f1os y personas que se encuentran solas tras la emergencia.<\/p>\n<p class=\"article-body__paragraph\">\u201cTenemos que aportar los insumos m\u00e1s necesarios, ayudar a distribuirlos de manera segura y eficiente, acompa\u00f1ar y consolar a aquellos que est\u00e1n solos\u201d, sostuvo.<\/p>\n<p class=\"article-body__paragraph\">La l\u00edder opositora tambi\u00e9n expres\u00f3 solidaridad con las familias que han perdido seres queridos o que mantienen personas desaparecidas tras los terremotos.<\/p>\n<p><img alt=\"\" class=\"global-image\" decoding=\"async\"  src=\"https:\/\/www.europesays.com\/es\/wp-content\/uploads\/2026\/06\/HIYIX2LIY5DFFNOGGU7VWRABME.jpg\"  fetchpriority=\"low\" loading=\"lazy\"\/>Mar\u00eda Corina Machado anuncia que regresar\u00e1 a Venezuela para acompa\u00f1ar a afectados por terremotos X @MinSeguridad_Ar <\/p>\n<p class=\"article-body__paragraph\">Desde distintos sectores pol\u00edticos, sociales y humanitarios se han impulsado campa\u00f1as de recolecci\u00f3n de insumos, centros de acopio y llamados a la comunidad internacional para asistir a Venezuela en medio de la tragedia.<\/p>\n<p class=\"article-body__paragraph\">El regreso anunciado por Machado ocurre en un contexto marcado por la magnitud de la cat\u00e1strofe y por el despliegue de equipos nacionales e internacionales de rescate, adem\u00e1s de voluntarios y organizaciones civiles que buscan apoyar a los damnificados.<\/p>\n<p class=\"article-body__paragraph\">\u201cEstamos juntos, no est\u00e1s solo. Avanzamos como lo hemos hecho siempre, de la mano de Dios. Y muy, muy pronto nos abrazamos en Venezuela\u201d, expres\u00f3 Machado.<\/p>\n<p><img alt=\"\" class=\"global-image\" decoding=\"async\"  src=\"https:\/\/www.europesays.com\/es\/wp-content\/uploads\/2026\/06\/LM2NVZJI7NAGBEDVYN2X4QH63Y.jpeg\"  fetchpriority=\"low\" loading=\"lazy\"\/>Mar\u00eda Corina Machado anuncia que regresar\u00e1 a Venezuela para acompa\u00f1ar a afectados por terremotos <\/p>\n","protected":false},"excerpt":{"rendered":"La l\u00edder opositora venezolana Mar\u00eda Corina Machado anunci\u00f3 que regresar\u00e1 a Venezuela para acompa\u00f1ar a los afectados por&hellip;\n","protected":false},"author":2,"featured_media":631313,"comment_status":"","ping_status":"","sticky":false,"template":"","format":"standard","meta":{"footnotes":""},"categories":[42],"tags":[17,18,10177,13,14,11,61,62,63,64,19,20,4371,9,10,15,16,8983,12,13077,21,22,1192,65,66,67],"class_list":["post-631312","post","type-post","status-publish","format-standard","has-post-thumbnail","category-internacional","tag-breaking-news","tag-breakingnews","tag-catastrofe","tag-featured-news","tag-featurednews","tag-headlines","tag-internacional","tag-international","tag-international-news","tag-internationalnews","tag-latest-news","tag-latestnews","tag-maria-corina-machado","tag-news","tag-noticias","tag-noticias-destacadas","tag-noticiasdestacadas","tag-terremotos","tag-titulares","tag-tragedia","tag-ultimas-noticias","tag-ultimasnoticias","tag-venezuela","tag-world","tag-world-news","tag-worldnews"],"share_on_mastodon":{"url":"https:\/\/pubeurope.com\/@es\/116830998271052094","error":""},"_links":{"self":[{"href":"https:\/\/www.europesays.com\/es\/wp-json\/wp\/v2\/posts\/631312","targetHints":{"allow":["GET"]}}],"collection":[{"href":"https:\/\/www.europesays.com\/es\/wp-json\/wp\/v2\/posts"}],"about":[{"href":"https:\/\/www.europesays.com\/es\/wp-json\/wp\/v2\/types\/post"}],"author":[{"embeddable":true,"href":"https:\/\/www.europesays.com\/es\/wp-json\/wp\/v2\/users\/2"}],"replies":[{"embeddable":true,"href":"https:\/\/www.europesays.com\/es\/wp-json\/wp\/v2\/comments?post=631312"}],"version-history":[{"count":0,"href":"https:\/\/www.europesays.com\/es\/wp-json\/wp\/v2\/posts\/631312\/revisions"}],"wp:featuredmedia":[{"embeddable":true,"href":"https:\/\/www.europesays.com\/es\/wp-json\/wp\/v2\/media\/631313"}],"wp:attachment":[{"href":"https:\/\/www.europesays.com\/es\/wp-json\/wp\/v2\/media?parent=631312"}],"wp:term":[{"taxonomy":"category","embeddable":true,"href":"https:\/\/www.europesays.com\/es\/wp-json\/wp\/v2\/categories?post=631312"},{"taxonomy":"post_tag","embeddable":true,"href":"https:\/\/www.europesays.com\/es\/wp-json\/wp\/v2\/tags?post=631312"}],"curies":[{"name":"wp","href":"https:\/\/api.w.org\/{rel}","templated":true}]}}