{"id":631420,"date":"2026-06-29T04:08:14","date_gmt":"2026-06-29T04:08:14","guid":{"rendered":"https:\/\/www.europesays.com\/es\/631420\/"},"modified":"2026-06-29T04:08:14","modified_gmt":"2026-06-29T04:08:14","slug":"minutos-para-anxo-y-antanon-en-el-estreno-de-espana-sub-19-la-voz-de-galicia","status":"publish","type":"post","link":"https:\/\/www.europesays.com\/es\/631420\/","title":{"rendered":"Minutos para Anxo y Anta\u00f1\u00f3n en el estreno de Espa\u00f1a sub-19 &#8211; La Voz de Galicia"},"content":{"rendered":"<ol>\n<li><a href=\"https:\/\/news.google.com\/rss\/articles\/CBMiwgFBVV95cUxPTExCN1c2YkhqQ0JaVUppamhDdHMyWXM1OEdCU1UydXhpazZoQ0JNb05jT2taQ3ZCLU5UTDNwMHZwbVNuSjBBYW5DSWhZYmZIZ01maUZzNXFSN213cVMxaU1PNEJaam9IeU4tZUxQd2x4VlBZRmM4ODlFUloyaUV2UHgzUThZMUNQT0pDNDlIQXpqYTlpWWdFUDFJSnVlMVpZbVZBVlJIQzd0SF9ZSkRqY2ZnMUNFbGd4MGdoOXFtWkt6UdIB3gFBVV95cUxNUHJrM29EV2p4eWpPRkVWWnh6Yy1HOGRYOUpzRUNJcmdod1dlSkFtWmxIbHFYMUc4TTNZWnN6YmJ4d3NXeGlJWGhSN2NhRDhGTDRnTDRSQnNsbjF6enJvUnRHOTd1NVZ3YWN3LUwwSkh5bUdXekdyVzdJMHRhM0NqSXI2T2NyWXdHTk14YUVVWW51ZXB6M0tobmFrN2hwR3Z2aDBoTndveEZsZlpBNUswWUV4SS1pMm9JWXgyMmJNTnhSendWeWNNTFY4UmpyZHhIdnpmZDBTNzc5MVZCdHc?oc=5\" target=\"_blank\" rel=\"nofollow noopener\">Minutos para Anxo y Anta\u00f1\u00f3n en el estreno de Espa\u00f1a sub-19<\/a>&nbsp;&nbsp;La Voz de Galicia<\/li>\n<li><a href=\"https:\/\/news.google.com\/rss\/articles\/CBMic0FVX3lxTE1lWkJWcjhyWUN0NUk0LXFqMlpIemx3czZjcTJsZVd2eHV3MWtBMGp0bWo1ajZLTThRU0Etb0ZNaFo5aWwxc2V4dWpVMmg1ODdQbmZHemltdGtMd1lONWRpLUtyUjlRUG1ldkhiUHQ2TFNrZTQ?oc=5\" target=\"_blank\" rel=\"nofollow noopener\">\u00a1Consulta el DOSIER del Europeo sub-19!<\/a>&nbsp;&nbsp;RFEF<\/li>\n<li><a href=\"https:\/\/news.google.com\/rss\/articles\/CBMisAFBVV95cUxNei1zeEc2LUVubVpBMi0zd3ZYSjY4WTE4UFlJc0E4bWVVZTJfeURBbGN5bjM1RU9jWTl0dUV6cERSTmJySDF3N0NZZWxLb2tsVlo4QkwwUndBUnFhZUJYMTdCVXdtbnVJOWMxeW8tbDV4MEhWeU5ZYV84cUdTdl8yX0xtcGJVN0hQdm5oS0RXSkJkT1RSUXN1d2xBaDlWX2JKM1dfWEFEQmtudWtfTlV5adIBxAFBVV95cUxNbm9MeGdsdVhkTGtralhrZjdtWVVLM1NFRC00VXJoYkk2UFA2SE1WUUxuSG9YSG51YnFDSHZsM0F6Q0x4cXF2b29yaElpaEFwNmtXYjBvUnBmNTZ6MlpreEN5WkFNUUJqTWtQYmJ3MmJ5cmRHUzlyRFh3LW45a2tvTTFWXzBjSFVFblVBa3pUVFhfQ1o2TVRPY3dMTklQTkNEQ3MyeE9aX1NsUWFFTHk3akJTUjlKbXJrb3F3bS1ka29GbHBQ?oc=5\" target=\"_blank\" rel=\"nofollow noopener\">Gales 0 &#8211; Espa\u00f1a 7: resumen, resultado y goles<\/a>&nbsp;&nbsp;Diario AS<\/li>\n<li><a href=\"https:\/\/news.google.com\/rss\/articles\/CBMiyAFBVV95cUxPSTh4aTZhd2Zpblc1em1abHdZMEdGS1p4U3ZkMWpDR0RVS2ZDZ0RnWjh5STlTUGpWZVMwNnFMb3FYQ1o3RmhhOVMyM01wcWNVWmc1cmVUTHVlTXEzblAya2dqSmhxTHhtMk90WWd3U3RKLXpQdHJLRGE3WDJ0em16M205eFFXSDBEZ3Z1R29NQ1FucmJaY2JfSElpam5ERWI4UUxCN3psVGpjb0tOUVdkbng3SHlyNXNVc2d4bjNvWXVSbEJwamNqbQ?oc=5\" target=\"_blank\" rel=\"nofollow noopener\">Jornada 1 del Europeo sub-19 2026: goleada de Espa\u00f1a y triunfo de Alemania<\/a>&nbsp;&nbsp;UEFA.com<\/li>\n<li><a href=\"https:\/\/news.google.com\/rss\/articles\/CBMigwFBVV95cUxQQXZBUUNtVEcyYUI5R1dBeW9PUHJoVzJwS0RaZ0xDN0ZCeDAxWGp3ZnRiVWNrX3otZktRcjEwbEJzZUdMbm94dkpzUk0zRWhBZ3ROUUVleWprdGJCNnJGS2FsU1gyc3ZCd2NOdy1qc0E2UGVGN0VHSktWRmJxd1dwUUlxd9IBgwFBVV95cUxPSHV3U3p1VFp4UEpOQnZIOWFLaHR3NF9XSDdyVjNPcTh5WHdTdXlSUktNU0pqVmg4VzFaSWFqWDNBNXlpeWpQclRCTkFEQmx3YWVUcDlDZE9IYlZURHdLdlNXeG9Bd0dlQ2VJVkNnVlBYTG9uTnZmVTM2TVNQMXVacENYVQ?oc=5\" target=\"_blank\" rel=\"nofollow noopener\">Gales &#8211; Espa\u00f1a sub 19 en directo | Resumen, resultado y goles del debut de la sub 19 en el Europeo<\/a>&nbsp;&nbsp;MARCA<\/li>\n<\/ol>\n","protected":false},"excerpt":{"rendered":"Minutos para Anxo y Anta\u00f1\u00f3n en el estreno de Espa\u00f1a sub-19&nbsp;&nbsp;La Voz de Galicia \u00a1Consulta el DOSIER del&hellip;\n","protected":false},"author":2,"featured_media":631421,"comment_status":"","ping_status":"","sticky":false,"template":"","format":"standard","meta":{"footnotes":""},"categories":[93],"tags":[38498,290,168,25,24,23,167],"class_list":["post-631420","post","type-post","status-publish","format-standard","has-post-thumbnail","category-deportes","tag-cantera-celta","tag-celta","tag-deportes","tag-es","tag-espana","tag-spain","tag-sports"],"share_on_mastodon":{"url":"https:\/\/pubeurope.com\/@es\/116831434766764181","error":""},"_links":{"self":[{"href":"https:\/\/www.europesays.com\/es\/wp-json\/wp\/v2\/posts\/631420","targetHints":{"allow":["GET"]}}],"collection":[{"href":"https:\/\/www.europesays.com\/es\/wp-json\/wp\/v2\/posts"}],"about":[{"href":"https:\/\/www.europesays.com\/es\/wp-json\/wp\/v2\/types\/post"}],"author":[{"embeddable":true,"href":"https:\/\/www.europesays.com\/es\/wp-json\/wp\/v2\/users\/2"}],"replies":[{"embeddable":true,"href":"https:\/\/www.europesays.com\/es\/wp-json\/wp\/v2\/comments?post=631420"}],"version-history":[{"count":0,"href":"https:\/\/www.europesays.com\/es\/wp-json\/wp\/v2\/posts\/631420\/revisions"}],"wp:featuredmedia":[{"embeddable":true,"href":"https:\/\/www.europesays.com\/es\/wp-json\/wp\/v2\/media\/631421"}],"wp:attachment":[{"href":"https:\/\/www.europesays.com\/es\/wp-json\/wp\/v2\/media?parent=631420"}],"wp:term":[{"taxonomy":"category","embeddable":true,"href":"https:\/\/www.europesays.com\/es\/wp-json\/wp\/v2\/categories?post=631420"},{"taxonomy":"post_tag","embeddable":true,"href":"https:\/\/www.europesays.com\/es\/wp-json\/wp\/v2\/tags?post=631420"}],"curies":[{"name":"wp","href":"https:\/\/api.w.org\/{rel}","templated":true}]}}