{"id":631460,"date":"2026-06-29T04:38:34","date_gmt":"2026-06-29T04:38:34","guid":{"rendered":"https:\/\/www.europesays.com\/es\/631460\/"},"modified":"2026-06-29T04:38:34","modified_gmt":"2026-06-29T04:38:34","slug":"descubren-a-un-ciberdepredador-sexual-pederasta-con-20-victimas-de-8-a-16-anos","status":"publish","type":"post","link":"https:\/\/www.europesays.com\/es\/631460\/","title":{"rendered":"Descubren a un &#8216;ciberdepredador&#8217; sexual pederasta con 20 v\u00edctimas de 8 a 16 a\u00f1os"},"content":{"rendered":"<p style=\"\">La Guardia Civil ha detenido en Alicante a un ciberdeprededador sexual en serie al que se le imputan 36 delitos contra la libertad sexual a ni\u00f1as y adolescentes por hacer &#8216;grooming&#8217;, es decir, hacerse pasar por menor de edad para ganarse la confianza de otros  &#8230; menores y que les enviasen im\u00e1genes \u00edntimas. Se investiga en el caso al menos una veintena de v\u00edctimas de entre ocho y 16 a\u00f1os de edad.<\/p>\n<p class=\"v-d-p\" style=\"\">Los agentes encargados de esta operaci\u00f3n, de nombre &#8216;Achillea&#8217;, han conseguido identificar esa cifra de objetivos especialmente vulnerables, por todo el territorio nacional y en distintos puntos del extranjero.<\/p>\n<p class=\"v-d-p\" style=\"\">La investigaci\u00f3n comenz\u00f3 gracias a la denuncia de una residente en la isla de Gran Canaria, interpuesta ante la Guardia Civil en 2024. Durante las primeras actuaciones, se realiz\u00f3 el registro del domicilio del acusado, donde se intervino una gran cantidad de dispositivos de almacenamiento con capacidad para almacenar 18.000 Gigabytes.<\/p>\n<p class=\"v-d-p\" style=\"\">El Equipo de Polic\u00eda Judicial de la Guardia Civil en Santa Mar\u00eda de Gu\u00eda inici\u00f3 el an\u00e1lisis de los m\u00e1s de 200 dispositivos de datos intervenidos, entre tel\u00e9fonos m\u00f3viles, discos duros externos, ordenadores y pen drives, donde hallaron una gran cantidad de archivos de v\u00eddeo e im\u00e1genes ped\u00f3filas.<\/p>\n<p class=\"v-d-p\" style=\"\">El delincuente sexual en serie utilizaba t\u00e9cnicas de &#8216;grooming&#8217; donde combinaba el enga\u00f1o y manipulaci\u00f3n emocional para conseguir la explotaci\u00f3n sexual infantil.<\/p>\n<p class=\"v-d-p\" style=\"\">Seg\u00fan las investigaciones, se dedic\u00f3 a contactar durante m\u00e1s de una d\u00e9cada con las v\u00edctimas por aplicaciones de mensajer\u00eda y redes sociales. Se hac\u00eda pasar por un menor de edad llamado Juan para ganarse la confianza de las v\u00edctimas. Despu\u00e9s de un tiempo manipul\u00e1ndolas emocionalmente, llegando incluso a hacerse \u00abnovio\u00bb de alguna de ellas, consigui\u00f3 que las menores se grabaran o fotografiaran realizando actos de car\u00e1cter sexual y que le enviaran los archivos.<\/p>\n<p class=\"v-d-p\" style=\"\">El acusado guard\u00f3 esos archivos ped\u00f3filos para su propio consumo sexual, con una extensa colecci\u00f3n privada. Como resultado de las investigaciones, se ha conseguido detener al autor, una persona natural de Alicante. La Secci\u00f3n Civil y de Instrucci\u00f3n del Tribunal de Instancia de Santa Mar\u00eda de Gu\u00eda ha decretado su ingreso en prisi\u00f3n, comunicada y sin fianza.<\/p>\n","protected":false},"excerpt":{"rendered":"La Guardia Civil ha detenido en Alicante a un ciberdeprededador sexual en serie al que se le imputan&hellip;\n","protected":false},"author":2,"featured_media":631461,"comment_status":"","ping_status":"","sticky":false,"template":"","format":"standard","meta":{"footnotes":""},"categories":[5],"tags":[988,17,18,117029,5213,1387,25,24,13,14,11,19,20,9,10,15,16,2799,64386,9129,23,12,21,22,431],"class_list":["post-631460","post","type-post","status-publish","format-standard","has-post-thumbnail","category-titulares","tag-anos","tag-breaking-news","tag-breakingnews","tag-ciberdepredador","tag-descubren","tag-edad","tag-es","tag-espana","tag-featured-news","tag-featurednews","tag-headlines","tag-latest-news","tag-latestnews","tag-news","tag-noticias","tag-noticias-destacadas","tag-noticiasdestacadas","tag-ocho","tag-pederasta","tag-sexual","tag-spain","tag-titulares","tag-ultimas-noticias","tag-ultimasnoticias","tag-victimas"],"share_on_mastodon":{"url":"https:\/\/pubeurope.com\/@es\/116831551811813239","error":""},"_links":{"self":[{"href":"https:\/\/www.europesays.com\/es\/wp-json\/wp\/v2\/posts\/631460","targetHints":{"allow":["GET"]}}],"collection":[{"href":"https:\/\/www.europesays.com\/es\/wp-json\/wp\/v2\/posts"}],"about":[{"href":"https:\/\/www.europesays.com\/es\/wp-json\/wp\/v2\/types\/post"}],"author":[{"embeddable":true,"href":"https:\/\/www.europesays.com\/es\/wp-json\/wp\/v2\/users\/2"}],"replies":[{"embeddable":true,"href":"https:\/\/www.europesays.com\/es\/wp-json\/wp\/v2\/comments?post=631460"}],"version-history":[{"count":0,"href":"https:\/\/www.europesays.com\/es\/wp-json\/wp\/v2\/posts\/631460\/revisions"}],"wp:featuredmedia":[{"embeddable":true,"href":"https:\/\/www.europesays.com\/es\/wp-json\/wp\/v2\/media\/631461"}],"wp:attachment":[{"href":"https:\/\/www.europesays.com\/es\/wp-json\/wp\/v2\/media?parent=631460"}],"wp:term":[{"taxonomy":"category","embeddable":true,"href":"https:\/\/www.europesays.com\/es\/wp-json\/wp\/v2\/categories?post=631460"},{"taxonomy":"post_tag","embeddable":true,"href":"https:\/\/www.europesays.com\/es\/wp-json\/wp\/v2\/tags?post=631460"}],"curies":[{"name":"wp","href":"https:\/\/api.w.org\/{rel}","templated":true}]}}