{"id":631491,"date":"2026-06-29T05:11:30","date_gmt":"2026-06-29T05:11:30","guid":{"rendered":"https:\/\/www.europesays.com\/es\/631491\/"},"modified":"2026-06-29T05:11:30","modified_gmt":"2026-06-29T05:11:30","slug":"el-valencia-como-el-unicaja-desmembrado-por-el-exito","status":"publish","type":"post","link":"https:\/\/www.europesays.com\/es\/631491\/","title":{"rendered":"El Valencia, como el Unicaja, desmembrado por el \u00e9xito"},"content":{"rendered":"<p style=\"\">Lo sufri\u00f3 el Unicaja y ahora le est\u00e1 pasando al Valencia Basket. Los aficionados malague\u00f1os recordar\u00e1n aquellos d\u00edas traum\u00e1ticos del final de la temporada pasada  &#8230; cuando las noticias de las salidas de los mejores jugadores del equipo se iban sucediendo. El adi\u00f3s de Tyson Carter, Kameron Taylor, Dylan Osetkowski, Mario Saint-Sup\u00e9ry y Yankuma Sima supuso el fin de un equipo campe\u00f3n. Ahora el Valencia lo sufre en sus carnes y ni su enorme potencial econ\u00f3mico lo est\u00e1 pudiendo evitar. <\/p>\n<p class=\"v-d-p\" style=\"\">S\u00f3lo unos d\u00edas despu\u00e9s de firmar la que posiblemente es la mejor temporada de su historia (campe\u00f3n de la Supercopa, Final Four de la Euroliga y campe\u00f3n de la Liga ACB), el Valencia ha perdido a jugadores como Jean Montero, Brancou Badio, Sergio De Larrea, Braxton Key o Isaac Nogu\u00e9s. Montero jugar\u00e1 en el Olympiacos, actual campe\u00f3n de Europa, el Panathinaikos ha pagado m\u00e1s de un mill\u00f3n de euros por Badio. Key se marcha al Fenerbah\u00e7e. De Larrea pone rumbo a la NBA para jugar en los Dallas Mavericks y Nogu\u00e9s no cumplir\u00e1 el a\u00f1o de contrato que le queda para jugar y ganar m\u00e1s dinero en la NCAA. A estos nombres se unen los de Darius Thompson y Xabi L\u00f3pez Arostegui, que no siguen por decisi\u00f3n t\u00e9cnica. <\/p>\n<p class=\"v-a-t\">\nEn el mercado europeo del baloncesto se est\u00e1 movimiendo m\u00e1s dinero que nunca y se pagan salarios muy altos ante la escasez de jugadores\n<\/p>\n<p class=\"v-d-p\" style=\"\">Pese a contar con 35 millones de euros de presupuesto, que ser\u00e1n 38 la campa\u00f1a que viene, el Valencia no ha podido retener un equipo plagado de talento. Si lacampa\u00f1a pasada el equipo presidido por el due\u00f1o de Mercadona, Juan Roig, se llevaba a golpe de talonario a jugadores como Kameron Taylor y Sima, ahora lo sufre en sus carnes. Curiosamente, entre los pocos jugadores que ha logrado retener esta el ex alero del Unicaja, al que ha tenido que aumentarle considerablemente el sueldo para que siga. <\/p>\n<p class=\"v-d-p\" style=\"\">Lo que le est\u00e1 pasando al Valencia da una idea de la complejidad del mercado del baloncesto europeo en la actualidad, en el que se est\u00e1 moviendo m\u00e1s dinero que nunca, los presupuestos de los equipos no paran de crecer y surgen clubes con una capacidad econ\u00f3mica que les permite competir con otros te\u00f3ricamente m\u00e1s fuertes. Por eso, fichajes como el que ha hecho el Unicaja con Cameron Hunt, se pueden consideran hasta baratos aunque haya tenido que pagar su cl\u00e1usula de rescisi\u00f3n.<\/p>\n","protected":false},"excerpt":{"rendered":"Lo sufri\u00f3 el Unicaja y ahora le est\u00e1 pasando al Valencia Basket. Los aficionados malague\u00f1os recordar\u00e1n aquellos d\u00edas&hellip;\n","protected":false},"author":2,"featured_media":631492,"comment_status":"","ping_status":"","sticky":false,"template":"","format":"standard","meta":{"footnotes":""},"categories":[269],"tags":[299,298,168,117124,25,24,4518,23,167,2246,235],"class_list":["post-631491","post","type-post","status-publish","format-standard","has-post-thumbnail","category-baloncesto","tag-baloncesto","tag-basketball","tag-deportes","tag-desmembrado","tag-es","tag-espana","tag-exito","tag-spain","tag-sports","tag-unicaja","tag-valencia"],"share_on_mastodon":{"url":"https:\/\/pubeurope.com\/@es\/116831681640341048","error":""},"_links":{"self":[{"href":"https:\/\/www.europesays.com\/es\/wp-json\/wp\/v2\/posts\/631491","targetHints":{"allow":["GET"]}}],"collection":[{"href":"https:\/\/www.europesays.com\/es\/wp-json\/wp\/v2\/posts"}],"about":[{"href":"https:\/\/www.europesays.com\/es\/wp-json\/wp\/v2\/types\/post"}],"author":[{"embeddable":true,"href":"https:\/\/www.europesays.com\/es\/wp-json\/wp\/v2\/users\/2"}],"replies":[{"embeddable":true,"href":"https:\/\/www.europesays.com\/es\/wp-json\/wp\/v2\/comments?post=631491"}],"version-history":[{"count":0,"href":"https:\/\/www.europesays.com\/es\/wp-json\/wp\/v2\/posts\/631491\/revisions"}],"wp:featuredmedia":[{"embeddable":true,"href":"https:\/\/www.europesays.com\/es\/wp-json\/wp\/v2\/media\/631492"}],"wp:attachment":[{"href":"https:\/\/www.europesays.com\/es\/wp-json\/wp\/v2\/media?parent=631491"}],"wp:term":[{"taxonomy":"category","embeddable":true,"href":"https:\/\/www.europesays.com\/es\/wp-json\/wp\/v2\/categories?post=631491"},{"taxonomy":"post_tag","embeddable":true,"href":"https:\/\/www.europesays.com\/es\/wp-json\/wp\/v2\/tags?post=631491"}],"curies":[{"name":"wp","href":"https:\/\/api.w.org\/{rel}","templated":true}]}}