{"id":631584,"date":"2026-06-29T06:33:21","date_gmt":"2026-06-29T06:33:21","guid":{"rendered":"https:\/\/www.europesays.com\/es\/631584\/"},"modified":"2026-06-29T06:33:21","modified_gmt":"2026-06-29T06:33:21","slug":"putin-dice-que-rusia-ha-tomado-liman-y-avanza-en-direccion-a-sloviansk-pero-admite-que-sufren-falta-de-suministro-de-combustible","status":"publish","type":"post","link":"https:\/\/www.europesays.com\/es\/631584\/","title":{"rendered":"Putin dice que Rusia ha tomado Lim\u00e1n y avanza en direcci\u00f3n a Sloviansk pero admite que sufren falta de suministro de combustible"},"content":{"rendered":"<p class=\"c-paragraph\">El presidente de Rusia, <a href=\"https:\/\/www.20minutos.es\/tags\/personas\/putin.html\" title=\"Putin\" rel=\"nofollow noopener\" target=\"_blank\">Vladimir Putin<\/a>, asegur\u00f3 este domingo que las tropas rusas pr\u00e1cticamente han tomado la ciudad ucraniana de Lim\u00e1n y se acercan al basti\u00f3n de Sloviansk,<b> ambos en la regi\u00f3n de Donetsk.<\/b><\/p>\n<p class=\"c-paragraph\">\u201cKrasni Lim\u00e1n es uno de los mayores patios de maniobra de la antigua Uni\u00f3n Sovi\u00e9tica y un centro log\u00edstico vital. <b>Solo quedan 149 edificios por liberar de un total de 11.000&#8243;, <\/b>declar\u00f3 el mandatario en una entrevista con el presentador P\u00e1vel Zarubin.<\/p>\n<p class=\"c-paragraph\">Por otro lado, el l\u00edder ruso ha reconocido este domingo que <b>falta suministro de combustible<\/b> en Rusia y ha anunciado en consecuencia una serie de medidas. La falta de combustible se debe a los ataques de drones ucranianos contra la industria petrolera rusa en represalia por la ofensiva militar de Mosc\u00fa.<\/p>\n<p class=\"c-paragraph\">\u00abHay colas en las gasolineras y los tipos de gasolina que se necesitan no siempre est\u00e1n disponibles\u00bb, ha afirmado Putin durante<b> una reuni\u00f3n del Consejo de Ministros.<\/b><\/p>\n<p class=\"c-paragraph\">El mandatario ruso ha revelado adem\u00e1s que \u00abse est\u00e1 estudiando la posibilidad de <b>prohibir totalmente la exportaci\u00f3n de di\u00e9sel<\/b>\u00ab, seg\u00fan informan medios rusos.<\/p>\n<p class=\"c-paragraph\">Putin ha explicado que \u00ablas refiner\u00edas m\u00e1s grandes est\u00e1n fncionando a m\u00e1xima capacidad\u00bb y se est\u00e1 sondeando a las peque\u00f1as y medianas empresas. \u00abSe han reducido los periodos de mantenimiento de rutina y se han aplazado los mantenimientos programados. Para julio se estima que la producci\u00f3n de combustibles primarios<b> superar\u00e1 la de junio<\/b>\u00ab, ha apuntado el mandatario ruso.<\/p>\n<p class=\"c-paragraph\">Asimismo ha informado de que las reservas de combustible acumuladas han sido ya inyectadas al mercado dom\u00e9stico, pero, incluso con esta medida, las reservas de gasolina rusas se sit\u00faan en los<b> 1,7 millones de toneladas, <\/b>casi la misma cantidad que en la misma fecha de 2025. \u00abHay una ligera bajada de solo el 4%\u00bb, ha apuntado Putin.<\/p>\n<p class=\"c-paragraph\">\u00abEvidentemente somos conscientes de los problemas que tienen los <b>productores agr\u00edcolas y las granjas durante el verano<\/b>. Se est\u00e1 haciendo todo lo posible para garantizar que las empresas agr\u00edcolas tengan el suministro de combustible previsto porque la cosecha depende de ello\u00bb, ha argumentado.<\/p>\n<p class=\"c-paragraph\">Este mismo domingo Putin ha participado en el<b> 23\u00ba Congreso del partido Rusia Unida<\/b>, previo a las elecciones legislativas previstas para el 20 de septiembre. Putin ha asegurado que en las listas de septiembre \u00abhabr\u00e1 mucha gente joven\u00bb, miembros de \u00abuna generaci\u00f3n que definir\u00e1 el futuro\u00bb.<\/p>\n<p class=\"c-paragraph\">\u00abQuiero aprovechar esta oportunidad para <b>saludar a nuestros compa\u00f1eros m\u00e1s j\u00f3venes<\/b> por el D\u00eda de la Juventud que se celebr\u00f3 ayer (s\u00e1bado). Estoy convencido de que lo har\u00e1n admirablemente en la campa\u00f1a electoral y en su futuro trabajo\u00bb, ha a\u00f1adido.<\/p>\n","protected":false},"excerpt":{"rendered":"El presidente de Rusia, Vladimir Putin, asegur\u00f3 este domingo que las tropas rusas pr\u00e1cticamente han tomado la ciudad&hellip;\n","protected":false},"author":2,"featured_media":631585,"comment_status":"","ping_status":"","sticky":false,"template":"","format":"standard","meta":{"footnotes":""},"categories":[42],"tags":[17,18,6727,13,14,1080,11,61,62,63,64,19,20,9,10,15,16,10981,2074,1614,12,21,22,65,66,67],"class_list":["post-631584","post","type-post","status-publish","format-standard","has-post-thumbnail","category-internacional","tag-breaking-news","tag-breakingnews","tag-dice","tag-featured-news","tag-featurednews","tag-ha","tag-headlines","tag-internacional","tag-international","tag-international-news","tag-internationalnews","tag-latest-news","tag-latestnews","tag-news","tag-noticias","tag-noticias-destacadas","tag-noticiasdestacadas","tag-putin","tag-que","tag-rusia","tag-titulares","tag-ultimas-noticias","tag-ultimasnoticias","tag-world","tag-world-news","tag-worldnews"],"share_on_mastodon":{"url":"https:\/\/pubeurope.com\/@es\/116832004652091276","error":""},"_links":{"self":[{"href":"https:\/\/www.europesays.com\/es\/wp-json\/wp\/v2\/posts\/631584","targetHints":{"allow":["GET"]}}],"collection":[{"href":"https:\/\/www.europesays.com\/es\/wp-json\/wp\/v2\/posts"}],"about":[{"href":"https:\/\/www.europesays.com\/es\/wp-json\/wp\/v2\/types\/post"}],"author":[{"embeddable":true,"href":"https:\/\/www.europesays.com\/es\/wp-json\/wp\/v2\/users\/2"}],"replies":[{"embeddable":true,"href":"https:\/\/www.europesays.com\/es\/wp-json\/wp\/v2\/comments?post=631584"}],"version-history":[{"count":0,"href":"https:\/\/www.europesays.com\/es\/wp-json\/wp\/v2\/posts\/631584\/revisions"}],"wp:featuredmedia":[{"embeddable":true,"href":"https:\/\/www.europesays.com\/es\/wp-json\/wp\/v2\/media\/631585"}],"wp:attachment":[{"href":"https:\/\/www.europesays.com\/es\/wp-json\/wp\/v2\/media?parent=631584"}],"wp:term":[{"taxonomy":"category","embeddable":true,"href":"https:\/\/www.europesays.com\/es\/wp-json\/wp\/v2\/categories?post=631584"},{"taxonomy":"post_tag","embeddable":true,"href":"https:\/\/www.europesays.com\/es\/wp-json\/wp\/v2\/tags?post=631584"}],"curies":[{"name":"wp","href":"https:\/\/api.w.org\/{rel}","templated":true}]}}