{"id":63163,"date":"2025-08-21T19:56:10","date_gmt":"2025-08-21T19:56:10","guid":{"rendered":"https:\/\/www.europesays.com\/es\/63163\/"},"modified":"2025-08-21T19:56:10","modified_gmt":"2025-08-21T19:56:10","slug":"violencia-en-argentina-golpea-de-nuevo-al-futbol-en-sudamerica","status":"publish","type":"post","link":"https:\/\/www.europesays.com\/es\/63163\/","title":{"rendered":"Violencia en Argentina golpea de nuevo al f\u00fatbol en Sudam\u00e9rica"},"content":{"rendered":"<p>    <img src=\"https:\/\/www.europesays.com\/es\/wp-content\/uploads\/2025\/08\/724m6g3-item01-ipad-89873284.jpg\" width=\"1024\" height=\"682\" alt=\"\" loading=\"eager\" decoding=\"sync\" fetchpriority=\"high\"\/><\/p>\n<p>            afp_tickers        <\/p>\n<p>        Este contenido fue publicado en    <\/p>\n<p>        21 agosto 2025 &#8211; 21:26\n<\/p>\n<p>El f\u00fatbol sudamericano enfrenta este jueves un nuevo esc\u00e1ndalo de violencia en las gradas, tras los feroces enfrentamientos entre hinchas argentinos y chilenos el mi\u00e9rcoles en Avellaneda, sur de Buenos Aires, que dejaron m\u00e1s de cien personas detenidas y 19 heridos, tres de ellos de gravedad.<\/p>\n<p>Los embates de la batalla campal en las gradas del Estadio Libertadores de Am\u00e9rica, sede del partido de octavos de final de la Copa Sudamericana entre Independiente de Avellaneda y Universidad de Chile, trascendieron el mundo de la pelota.<\/p>\n<p>El ministro del Interior chileno, \u00c1lvaro Elizalde, arrib\u00f3 a Buenos Aires por orden del presidente de ese pa\u00eds, Gabriel Boric, para acompa\u00f1ar a los heridos -algunos de arma blanca, seg\u00fan testigos- y supervisar el trato a los arrestados.<\/p>\n<p>El viceministro de Interior argentino, Lisandro Catal\u00e1n, escribi\u00f3 en X tras recibir a Elizalde que el gobierno nacional dispuso la \u00abidentificaci\u00f3n de los responsables, los pedidos de expulsi\u00f3n y la aplicaci\u00f3n del derecho de admisi\u00f3n de por vida en los estadios de Argentina\u00bb.<\/p>\n<p>La Canciller\u00eda de Chile precis\u00f3 que 19 ciudadanos de su pa\u00eds estaban hospitalizados y 101 detenidos. Seis menores fueron liberados. La prensa local indica que tres chilenos est\u00e1n heridos de gravedad.<\/p>\n<p>Todos presentan traumatismo de cr\u00e1neo, uno de ellos herido tras arrojarse al vac\u00edo desde la tribuna cuando fue acorralado por hinchas locales. Si bien evolucion\u00f3 en forma favorable tras ser operado, su estado sigue siendo grave, precisaron autoridades sanitarias.<\/p>\n<p>\u00abMuy lamentable. Hace algunos a\u00f1os que no jugamos estas instancias de Copa internacional y hoy no nos sentimos identificados en absoluto con el trato al hincha\u00bb, dijo a la AFP Facundo Manent, un hincha de Independiente de 29 a\u00f1os.<\/p>\n<p>\u00abDesde que comenz\u00f3 el partido la parcialidad chilena estuvo tirando todo lo que te imagines, piedras, butacas, orina, caca\u2026 No hubo vallado\u00bb, a\u00f1adi\u00f3, al lamentar que la polic\u00eda demor\u00f3 casi una hora en actuar.<\/p>\n<p>\u2013 Sanciones severas \u2013<\/p>\n<p>La justicia de Argentina todav\u00eda no brinda informaci\u00f3n sobre los detenidos, que est\u00e1n incomunicados.<\/p>\n<p>A las puertas de una de las comisar\u00edas adonde est\u00e1 alojada la mayor\u00eda de los chilenos arrestados, familiares y amigos esperan novedades.\u00a0<\/p>\n<p>\u00abNo saben organizar un partido de esta convocatoria, se sabe que se lanzan cosas de lado a lado\u00bb, dijo el chileno V\u00edctor Cepeda a la AFP mientras aguardaba frente a la sede policial por dos amigos detenidos con quienes viaj\u00f3 desde Santiago para asistir al partido.<\/p>\n<p>\u00abVamos a proteger los derechos de nuestros ciudadanos sin perjuicio de las responsabilidades que pueda establecer la justicia\u00bb, escribi\u00f3 Boric en X, donde denunci\u00f3 el \u00abinaceptable linchamiento de chilenos\u00bb.<\/p>\n<p>Parcialidades de ambos equipos se enfrentaron en las gradas del hogar de los Diablos Rojos, en Avellaneda, con golpes de palos y pu\u00f1os en una feroz pelea.<\/p>\n<p>\u00abNo hay muertos de milagro\u00bb, asegur\u00f3 Michael Clark, presidente de la U, tras visitar a los hospitalizados.<\/p>\n<p>El presidente de la FIFA, Gianni Infantino, exigi\u00f3 \u00absanciones ejemplificadoras\u00bb y la Conmebol prometi\u00f3 que actuar\u00e1 \u00abcon la mayor firmeza\u00bb.<\/p>\n<p>Sin embargo, primero deber\u00e1 \u00abrecopilar la informaci\u00f3n de los hechos ocurridos dentro y fuera del estadio\u00bb, dijo a la AFP una fuente del organismo del f\u00fatbol sudamericano bajo reserva.<\/p>\n<p>\u2013 \u00abViolencia inusitada\u00bb \u2013<\/p>\n<p>El caos inici\u00f3 cuando seguidores del equipo chileno arrojaron palos, botellasy butacas desde la tribuna popular superior, donde estaban instalados, a la parte inferior, en la que se encontraban hinchas de Independiente, constat\u00f3 un periodista de la AFP.<\/p>\n<p>\u00abSacaban los artefactos del ba\u00f1o y los arrojaban a la tribuna, una violencia inusitada. Las prevenciones que se hab\u00edan tomado eran las l\u00f3gicas\u00bb, acus\u00f3 N\u00e9stor Grindetti, presidente del Rey de Copas argentino.<\/p>\n<p>La Fiscal\u00eda de Buenos Aires anunci\u00f3 el jueves el comienzo de las investigaciones.<\/p>\n<p>\u00abSe hizo una inspecci\u00f3n visual del lugar donde acontecieron los hechos y se solicitaron los informes a los organismos de seguridad correspondientes, as\u00ed como tambi\u00e9n las c\u00e1maras de seguridad del estadio\u00bb, sostuvo la fuente del club argentino a la AFP.<\/p>\n<p>Ariel Alarc\u00f3n, de la Polic\u00eda de Investigaci\u00f3n de Chile, afirm\u00f3 a periodistas a las afueras del ministerio p\u00fablico que la liberaci\u00f3n o eventual imputaci\u00f3n depender\u00e1 de los delitos por los cuales los detenidos sean se\u00f1alados.<\/p>\n<p>Los incidentes ocurrieron cuando el partido iba 1-1. El \u00e1rbitro suspendi\u00f3 el juego en el arranque de la segunda parte, a los 48 minutos, y la Conmebol lo cancel\u00f3 despu\u00e9s. En la ida los chilenos hab\u00edan ganado 1-0.\u00a0<\/p>\n<p>La Conmebol e Independiente han sido se\u00f1alados de fallar en la organizaci\u00f3n del encuentro.<\/p>\n<p>La Asociaci\u00f3n Nacional de F\u00fatbol Profesional (ANFP) chilena critic\u00f3 al club argentino por su \u00abpasividad\u00bb para controlar la violencia.<\/p>\n<p>El ministro de Seguridad de la provincia de Buenos Aires, Javier Alonso, acus\u00f3 en tanto a la Conmebol de dilatar la suspensi\u00f3n del partido \u00abcuando era claro que hab\u00eda una actitud muy hostil\u00bb.<\/p>\n<p>De su lado, el Ministerio de Seguridad nacional le reproch\u00f3 \u00abfallas graves\u00bb.<\/p>\n<p>Al menos 650 polic\u00edas y efectivos de seguridad privada estaban asignados al operativo.<\/p>\n<p>bur-sa\/lm\/ma<\/p>\n","protected":false},"excerpt":{"rendered":"afp_tickers Este contenido fue publicado en 21 agosto 2025 &#8211; 21:26 El f\u00fatbol sudamericano enfrenta este jueves un&hellip;\n","protected":false},"author":2,"featured_media":63164,"comment_status":"","ping_status":"","sticky":false,"template":"","format":"standard","meta":{"footnotes":""},"categories":[93],"tags":[168,25,24,281,23,3020,167,90],"class_list":{"0":"post-63163","1":"post","2":"type-post","3":"status-publish","4":"format-standard","5":"has-post-thumbnail","7":"category-deportes","8":"tag-deportes","9":"tag-es","10":"tag-espana","11":"tag-soccer","12":"tag-spain","13":"tag-sport","14":"tag-sports","15":"tag-ticker"},"share_on_mastodon":{"url":"","error":""},"_links":{"self":[{"href":"https:\/\/www.europesays.com\/es\/wp-json\/wp\/v2\/posts\/63163","targetHints":{"allow":["GET"]}}],"collection":[{"href":"https:\/\/www.europesays.com\/es\/wp-json\/wp\/v2\/posts"}],"about":[{"href":"https:\/\/www.europesays.com\/es\/wp-json\/wp\/v2\/types\/post"}],"author":[{"embeddable":true,"href":"https:\/\/www.europesays.com\/es\/wp-json\/wp\/v2\/users\/2"}],"replies":[{"embeddable":true,"href":"https:\/\/www.europesays.com\/es\/wp-json\/wp\/v2\/comments?post=63163"}],"version-history":[{"count":0,"href":"https:\/\/www.europesays.com\/es\/wp-json\/wp\/v2\/posts\/63163\/revisions"}],"wp:featuredmedia":[{"embeddable":true,"href":"https:\/\/www.europesays.com\/es\/wp-json\/wp\/v2\/media\/63164"}],"wp:attachment":[{"href":"https:\/\/www.europesays.com\/es\/wp-json\/wp\/v2\/media?parent=63163"}],"wp:term":[{"taxonomy":"category","embeddable":true,"href":"https:\/\/www.europesays.com\/es\/wp-json\/wp\/v2\/categories?post=63163"},{"taxonomy":"post_tag","embeddable":true,"href":"https:\/\/www.europesays.com\/es\/wp-json\/wp\/v2\/tags?post=63163"}],"curies":[{"name":"wp","href":"https:\/\/api.w.org\/{rel}","templated":true}]}}