{"id":631882,"date":"2026-06-29T10:17:33","date_gmt":"2026-06-29T10:17:33","guid":{"rendered":"https:\/\/www.europesays.com\/es\/631882\/"},"modified":"2026-06-29T10:17:33","modified_gmt":"2026-06-29T10:17:33","slug":"el-nuevo-campus-artistico-de-la-escuela-de-arte-en-aviles-estara-listo-para-el-curso-2027-2028","status":"publish","type":"post","link":"https:\/\/www.europesays.com\/es\/631882\/","title":{"rendered":"El nuevo campus art\u00edstico de la Escuela de Arte en Avil\u00e9s estar\u00e1 listo para el curso 2027-2028"},"content":{"rendered":"<p class=\"ft-text ft-helper-closenews\">Las obras de la segunda fase de la <strong>Escuela Superior de Arte del Principado de Asturias<\/strong> van tomando forma en la <strong>calle Estibadores<\/strong>, en el <strong>pol\u00edgono del Pepa<\/strong>. Ya se ha levantado la primera planta del edificio que albergar\u00e1 los estudios de <strong>Dise\u00f1o<\/strong>, los de <strong>Dise\u00f1o del Producto<\/strong> y <strong>Dise\u00f1o Gr\u00e1fico<\/strong> que actualmente se prestan en el <strong>palacio de Camposagrado<\/strong>. El director de la <strong>ESAPA<\/strong>, <strong>C\u00e9sar Men\u00e9ndez<\/strong>, confirma que las obras \u201cvan en plazo\u201d, es decir, que prev\u00e9n finalizar los trabajos en junio de 2027 con el fin de contar con el esperado <strong>campus art\u00edstico de Avil\u00e9s<\/strong> al inicio del curso 2027-2028.<\/p>\n<p class=\"ft-text\">\u201cUna vez que pusieron los cimientos observo que el avance es muy r\u00e1pido, est\u00e1n empezando a subir en altura y casi cada d\u00eda la superficie construida es mayor. La sensaci\u00f3n es que va todo bien, no veo ni hay percepci\u00f3n de problemas, da la sensaci\u00f3n de que la obra va en camino y est\u00e1 todo en plazo\u201d, se\u00f1al\u00f3. La UTE que ejecuta los trabajos, formada por las firmas <strong>Esfer<\/strong> y <strong>Turing,<\/strong> prev\u00e9 dar un gran salto este verano para que en oto\u00f1o ya sea visible la estructura final del edificio. Es decir, se podr\u00e1 observar la forma del nuevo emplazamiento no as\u00ed, sus acabados, que ser\u00e1n de acero corten y similares a los de la nave actual, la que acoge los estudios de <strong>Restauraci\u00f3n y Conservaci\u00f3n<\/strong>.<\/p>\n<p class=\"ft-text\">La construcci\u00f3n de toda la estructura del edificio ser\u00e1 la base para acometer las obras interiores en el nuevo edificio, es decir, las labores de electricidad, fontaner\u00eda as\u00ed como la separaci\u00f3n de espacios, definici\u00f3n de aulas y salas. Eso se desarrollar\u00e1 durante el pr\u00f3ximo oto\u00f1o y marcar\u00e1 el principio del fin de unos trabajos que ahora son una realidad pero han coleado no pocos a\u00f1os.<\/p>\n<p class=\"ft-text\">\u201cConf\u00edamos en poder empezar las clases en el curso 2027-2028 si todo va bien y el edificio cumple los requisitos para impartir clase. Esa fecha ya est\u00e1 cerca y ya ayuda a empezar a planificar y analizar la distribuci\u00f3n de los espacios de una manera m\u00e1s real, m\u00e1s palpable\u201d, se\u00f1al\u00f3 el director de la <strong>ESAPA<\/strong>, a pie de obra. \u201cEstamos muy ilusionados, ver que la obra avanza y se acerca a la ansiada sede unificada, eso da mucha alegr\u00eda y motivaci\u00f3n para el pr\u00f3ximo curso\u201d, a\u00f1adi\u00f3.<\/p>\n<p>Alquiler anual<\/p>\n<p class=\"ft-text\">Una vez realizado ese traslado, el <strong>palacio de Camposagrado<\/strong> mantendr\u00e1 un uso educativo ya que la <strong>Universidad Nebrija<\/strong> tiene previsto instalarse en ese inmueble para seguir adelante con sus planes en la ciudad. Es m\u00e1s, abonar\u00e1 un alquiler anual por su utilizaci\u00f3n que ser\u00e1 del 6% del valor de tasaci\u00f3n del inmueble, del que se podr\u00e1n \u00abdescontar\u00bb las inversiones que efect\u00fae la instituci\u00f3n acad\u00e9mica para mejorar el inmueble, que dispondr\u00e1 de 13 aulas.<\/p>\n<p class=\"ft-text\"><strong>Men\u00e9ndez<\/strong> defiende que la uni\u00f3n de los estudios en un mismo campus art\u00edsticos y no separados en dos sedes como hasta ahora \u201cdar\u00e1 un gran salto cualitativo para el alumnado\u201d. \u201cSiempre estuvimos unidos, las dos partes, pero f\u00edsicamente es una avance, tendremos mejores instalaciones, talleres m\u00e1s grandes y todo mucho m\u00e1s orientado a los estudios superiores de dise\u00f1o, de conservaci\u00f3n y restauraci\u00f3n, es un logro para subir en calidad de estos estudios\u201d, destac\u00f3.<\/p>\n<p>Sal\u00f3n de actos para 170 personas<\/p>\n<p class=\"ft-text\">El director de la <strong>ESAPA<\/strong> se refiri\u00f3 adem\u00e1s a los nuevos espacios que contar\u00e1 el nuevo edificio una vez terminado. Habl\u00f3 de la sala de exposiciones y del sal\u00f3n de actos que tendr\u00e1 capacidad para 170 personas. \u201cEn la planta baja estar\u00e1n los nuevos talleres de dise\u00f1o, vamos a contar con alg\u00fan aula polivalente o alg\u00fan aula grande tambi\u00e9n\u201d, detall\u00f3 <strong>Men\u00e9ndez<\/strong> que ve cada vez m\u00e1s cerca el d\u00eda del encuentro entre las \u00e1reas de <strong>Dise\u00f1o<\/strong>, <strong>Restauraci\u00f3n y Conservaci\u00f3n<\/strong>, algo so\u00f1ado desde que la <strong>Escuela Superior de Arte del Principado de Asturias<\/strong> abriera sus puertas en <strong>Avil\u00e9s<\/strong> hace un cuarto de siglo.<\/p>\n<p class=\"ft-text\">Y es que en un primer momento, el centro ya estaba dividido en dos. Con la sede de <strong>Restauraci\u00f3n y Conservaci\u00f3n<\/strong> en el antiguo <strong>instituto de Valliniello<\/strong> y con <strong>Dise\u00f1o<\/strong> en la <strong>ESAPA<\/strong> en Camposagrado. Una vez construida la primera fase de la <strong>Escuela de Arte<\/strong> en la <strong>calle Estibadores<\/strong> a finales de la pasada d\u00e9cada, <strong>Dise\u00f1o<\/strong> se mantuvo en Camposagrado y desde entonces el centro ha reclamado el deseado campus art\u00edstico que dar\u00e1 vida a la <strong>calle Estibadores del Pepa<\/strong>. Otra cuesti\u00f3n es la pasarela de acceso a ese centro de estudios, de la que a\u00fan nadie sabe nada pero \u201cs\u00ed es necesaria\u201d, remarc\u00f3 el director de la <strong>ESAPA<\/strong>.<\/p>\n<p data-close=\"closedContent\" class=\"subscribeHideForDisplay\">Suscr\u00edbete para seguir leyendo<\/p>\n","protected":false},"excerpt":{"rendered":"Las obras de la segunda fase de la Escuela Superior de Arte del Principado de Asturias van tomando&hellip;\n","protected":false},"author":2,"featured_media":631883,"comment_status":"","ping_status":"","sticky":false,"template":"","format":"standard","meta":{"footnotes":""},"categories":[173],"tags":[229,233,14626,231,230,13849,2741,232,234,146,147,25,117166,9076,24,117164,524,474,18807,3802,23,117165],"class_list":["post-631882","post","type-post","status-publish","format-standard","has-post-thumbnail","category-arte-y-diseno","tag-arte","tag-arte-y-diseno","tag-artistico","tag-arts","tag-arts-and-design","tag-aviles","tag-campus","tag-design","tag-diseno","tag-entertainment","tag-entretenimiento","tag-es","tag-esapa","tag-escuela","tag-espana","tag-estibadores","tag-nuevo","tag-obras","tag-principado","tag-restauracion","tag-spain","tag-universidad-nebrija"],"share_on_mastodon":{"url":"https:\/\/pubeurope.com\/@es\/116832884972449097","error":""},"_links":{"self":[{"href":"https:\/\/www.europesays.com\/es\/wp-json\/wp\/v2\/posts\/631882","targetHints":{"allow":["GET"]}}],"collection":[{"href":"https:\/\/www.europesays.com\/es\/wp-json\/wp\/v2\/posts"}],"about":[{"href":"https:\/\/www.europesays.com\/es\/wp-json\/wp\/v2\/types\/post"}],"author":[{"embeddable":true,"href":"https:\/\/www.europesays.com\/es\/wp-json\/wp\/v2\/users\/2"}],"replies":[{"embeddable":true,"href":"https:\/\/www.europesays.com\/es\/wp-json\/wp\/v2\/comments?post=631882"}],"version-history":[{"count":0,"href":"https:\/\/www.europesays.com\/es\/wp-json\/wp\/v2\/posts\/631882\/revisions"}],"wp:featuredmedia":[{"embeddable":true,"href":"https:\/\/www.europesays.com\/es\/wp-json\/wp\/v2\/media\/631883"}],"wp:attachment":[{"href":"https:\/\/www.europesays.com\/es\/wp-json\/wp\/v2\/media?parent=631882"}],"wp:term":[{"taxonomy":"category","embeddable":true,"href":"https:\/\/www.europesays.com\/es\/wp-json\/wp\/v2\/categories?post=631882"},{"taxonomy":"post_tag","embeddable":true,"href":"https:\/\/www.europesays.com\/es\/wp-json\/wp\/v2\/tags?post=631882"}],"curies":[{"name":"wp","href":"https:\/\/api.w.org\/{rel}","templated":true}]}}