{"id":631929,"date":"2026-06-29T10:49:14","date_gmt":"2026-06-29T10:49:14","guid":{"rendered":"https:\/\/www.europesays.com\/es\/631929\/"},"modified":"2026-06-29T10:49:14","modified_gmt":"2026-06-29T10:49:14","slug":"kevin-warsh-debuta-en-sintra-quien-es-el-nuevo-presidente-de-la-reserva-federal-y-que-puede-significar-para-la-economia-mundial","status":"publish","type":"post","link":"https:\/\/www.europesays.com\/es\/631929\/","title":{"rendered":"Kevin Warsh debuta en Sintra: qui\u00e9n es el nuevo presidente de la Reserva Federal y qu\u00e9 puede significar para la econom\u00eda mundial"},"content":{"rendered":"<p>El peque\u00f1o municipio portugu\u00e9s de Sintra vuelve a convertirse esta semana en el centro neur\u00e1lgico de la econom\u00eda mundial. El foro anual organizado por el Banco Central Europeo re\u00fane, como cada verano, a los principales responsables de la pol\u00edtica monetaria internacional, pero en esta edici\u00f3n todas las miradas se dirigen hacia un protagonista concreto: Kevin Warsh, el nuevo presidente de la Reserva Federal estadounidense, que afronta en Portugal su primer gran examen internacional.<\/p>\n<p>La cita, inaugurada por Christine Lagarde, re\u00fane a gobernadores y economistas en un momento especialmente delicado. La inflaci\u00f3n parece haber abandonado los m\u00e1ximos hist\u00f3ricos alcanzados tras la pandemia y las crisis geopol\u00edticas posteriores, pero persisten las dudas sobre el crecimiento, la productividad y la estabilidad financiera. En ese contexto, el debut de Warsh ofrece tambi\u00e9n una oportunidad para comprender qui\u00e9n es el hombre que dirige hoy la instituci\u00f3n monetaria m\u00e1s influyente del planeta.<\/p>\n<p>Del mundo financiero a la presidencia de la Fed<\/p>\n<p>Kevin Warsh no es un desconocido para los mercados ni para los bancos centrales. Nacido en Albany, Nueva York, en abril de 1970, pertenece a una generaci\u00f3n de responsables econ\u00f3micos formados en algunas de las instituciones acad\u00e9micas m\u00e1s prestigiosas de Estados Unidos. Estudi\u00f3 en la Stanford University y posteriormente obtuvo el t\u00edtulo de Derecho en la Harvard Law School.<\/p>\n<blockquote><p>\nKevin Warsh regresa a la Reserva Federal quince a\u00f1os despu\u00e9s de abandonar el organismo durante la crisis financiera. Su debut en Sintra marcar\u00e1 el tono de la relaci\u00f3n entre la Fed, la Casa Blanca y los mercados globales\n<\/p><\/blockquote>\n<p>Su carrera profesional comenz\u00f3 en el sector privado, donde trabaj\u00f3 durante siete a\u00f1os en Morgan Stanley, llegando a ocupar puestos de responsabilidad ejecutiva. Posteriormente dio el salto a la Administraci\u00f3n estadounidense, incorpor\u00e1ndose al equipo econ\u00f3mico del presidente George W. Bush como asesor especial para pol\u00edtica econ\u00f3mica y secretario ejecutivo del Consejo Econ\u00f3mico Nacional.<\/p>\n<p><a target=\"_blank\" href=\"https:\/\/www.mundiario.com\/ads\/20260318160831379167\" rel=\"nofollow noopener\"> <img decoding=\"async\" src=\"https:\/\/www.europesays.com\/es\/wp-content\/uploads\/2026\/06\/1782730154_242_2026031816055573760.gif\" alt=\"Publicidad 379167\" width=\"300\" height=\"600\" loading=\"lazy\"\/> <\/a><\/p>\n<p>Su primera etapa en la Reserva Federal comenz\u00f3 en 2006, cuando fue nombrado gobernador del banco central estadounidense. Desde esa posici\u00f3n vivi\u00f3 en primera l\u00ednea la gran crisis financiera internacional de 2008, una experiencia que marc\u00f3 profundamente su visi\u00f3n sobre la estabilidad financiera, la regulaci\u00f3n bancaria y el papel de los bancos centrales.<\/p>\n<p>Tras abandonar la Fed en 2011, Warsh regres\u00f3 al \u00e1mbito acad\u00e9mico como profesor en Stanford y desarroll\u00f3 actividades en el sector privado y en centros de pensamiento econ\u00f3mico, consolidando una reputaci\u00f3n de economista pragm\u00e1tico, conservador en lo fiscal y partidario de preservar la credibilidad institucional de los bancos centrales.<\/p>\n<p>Un presidente de la Fed bajo presi\u00f3n pol\u00edtica<\/p>\n<p>La llegada de Warsh a la presidencia de la Reserva Federal se produce en un contexto particularmente complejo. El regreso de Donald Trump a la Casa Blanca ha reabierto el debate sobre el grado de independencia que deben mantener los bancos centrales frente a los gobiernos.<\/p>\n<p>Antes de asumir el cargo, Warsh se hab\u00eda mostrado favorable a una pol\u00edtica monetaria m\u00e1s flexible y a una eventual reducci\u00f3n de los tipos de inter\u00e9s. Sin embargo, en su primera reuni\u00f3n al frente de la Reserva Federal opt\u00f3 por mantener los tipos sin cambios, enviando un mensaje que los mercados interpretaron como una declaraci\u00f3n de independencia institucional.<\/p>\n<p>Ese equilibrio entre sensibilidad pol\u00edtica y autonom\u00eda t\u00e9cnica ser\u00e1 uno de los grandes asuntos que sobrevuelen las conversaciones de Sintra. La historia econ\u00f3mica reciente demuestra que la credibilidad de los bancos centrales constituye uno de los activos m\u00e1s valiosos para mantener la estabilidad financiera y controlar las expectativas de inflaci\u00f3n.<\/p>\n<p>Inflaci\u00f3n, productividad y regulaci\u00f3n<\/p>\n<p>El foro organizado por el BCE abordar\u00e1 tres grandes cuestiones que definir\u00e1n buena parte de la econom\u00eda internacional durante los pr\u00f3ximos a\u00f1os.<\/p>\n<p>La primera es la evoluci\u00f3n de la inflaci\u00f3n. Aunque los principales indicadores han moderado sus niveles respecto a los m\u00e1ximos registrados tras la pandemia, persisten incertidumbres derivadas de los conflictos geopol\u00edticos, las tensiones energ\u00e9ticas y la fragmentaci\u00f3n comercial global.<\/p>\n<p>La segunda cuesti\u00f3n afecta a la productividad y la innovaci\u00f3n. La irrupci\u00f3n de la inteligencia artificial, la automatizaci\u00f3n y la reorganizaci\u00f3n industrial han abierto un intenso debate sobre c\u00f3mo acelerar el crecimiento potencial de las econom\u00edas desarrolladas sin generar nuevas desigualdades.<\/p>\n<p>El tercer gran asunto ser\u00e1 la regulaci\u00f3n financiera. Tras m\u00e1s de una d\u00e9cada de endurecimiento normativo posterior a la crisis de 2008, algunos responsables econ\u00f3micos defienden una simplificaci\u00f3n del marco regulatorio para facilitar la competitividad y la financiaci\u00f3n empresarial, mientras otros advierten de los riesgos de una relajaci\u00f3n prematura.<\/p>\n<p>M\u00e1s all\u00e1 de Sintra<\/p>\n<p>El estreno internacional de Kevin Warsh no resolver\u00e1 por s\u00ed solo los dilemas econ\u00f3micos de esta d\u00e9cada, pero s\u00ed permitir\u00e1 observar cu\u00e1l ser\u00e1 el estilo del nuevo presidente de la Reserva Federal. Su trayectoria sugiere un perfil poco proclive a los gestos grandilocuentes y m\u00e1s orientado a la construcci\u00f3n de consensos institucionales.<\/p>\n<p>En una econom\u00eda mundial caracterizada por la incertidumbre permanente, los bancos centrales han pasado de ser organismos discretos y eminentemente t\u00e9cnicos a convertirse en actores centrales del debate pol\u00edtico y econ\u00f3mico. La intervenci\u00f3n de Warsh en Sintra servir\u00e1, probablemente, para anticipar si la Reserva Federal de la nueva era apostar\u00e1 por la continuidad prudente o por una reinterpretaci\u00f3n m\u00e1s ambiciosa de su papel en la econom\u00eda global. @mundiario<\/p>\n","protected":false},"excerpt":{"rendered":"El peque\u00f1o municipio portugu\u00e9s de Sintra vuelve a convertirse esta semana en el centro neur\u00e1lgico de la econom\u00eda&hellip;\n","protected":false},"author":2,"featured_media":631930,"comment_status":"","ping_status":"","sticky":false,"template":"","format":"standard","meta":{"footnotes":""},"categories":[80],"tags":[82,95,94,4331,25,24,939,14940,1843,117170,23],"class_list":["post-631929","post","type-post","status-publish","format-standard","has-post-thumbnail","category-economia","tag-business","tag-economia","tag-economy","tag-ee-uu","tag-es","tag-espana","tag-fed","tag-kevin-warsh","tag-reserva-federal","tag-sintra","tag-spain"],"share_on_mastodon":{"url":"https:\/\/pubeurope.com\/@es\/116833011524578086","error":""},"_links":{"self":[{"href":"https:\/\/www.europesays.com\/es\/wp-json\/wp\/v2\/posts\/631929","targetHints":{"allow":["GET"]}}],"collection":[{"href":"https:\/\/www.europesays.com\/es\/wp-json\/wp\/v2\/posts"}],"about":[{"href":"https:\/\/www.europesays.com\/es\/wp-json\/wp\/v2\/types\/post"}],"author":[{"embeddable":true,"href":"https:\/\/www.europesays.com\/es\/wp-json\/wp\/v2\/users\/2"}],"replies":[{"embeddable":true,"href":"https:\/\/www.europesays.com\/es\/wp-json\/wp\/v2\/comments?post=631929"}],"version-history":[{"count":0,"href":"https:\/\/www.europesays.com\/es\/wp-json\/wp\/v2\/posts\/631929\/revisions"}],"wp:featuredmedia":[{"embeddable":true,"href":"https:\/\/www.europesays.com\/es\/wp-json\/wp\/v2\/media\/631930"}],"wp:attachment":[{"href":"https:\/\/www.europesays.com\/es\/wp-json\/wp\/v2\/media?parent=631929"}],"wp:term":[{"taxonomy":"category","embeddable":true,"href":"https:\/\/www.europesays.com\/es\/wp-json\/wp\/v2\/categories?post=631929"},{"taxonomy":"post_tag","embeddable":true,"href":"https:\/\/www.europesays.com\/es\/wp-json\/wp\/v2\/tags?post=631929"}],"curies":[{"name":"wp","href":"https:\/\/api.w.org\/{rel}","templated":true}]}}