{"id":631976,"date":"2026-06-29T11:25:14","date_gmt":"2026-06-29T11:25:14","guid":{"rendered":"https:\/\/www.europesays.com\/es\/631976\/"},"modified":"2026-06-29T11:25:14","modified_gmt":"2026-06-29T11:25:14","slug":"la-fifa-destaca-a-laporte-como-el-tercer-mejor-jugador-del-mundial-en-defensa","status":"publish","type":"post","link":"https:\/\/www.europesays.com\/es\/631976\/","title":{"rendered":"La FIFA destaca a Laporte como el tercer mejor jugador del Mundial en defensa"},"content":{"rendered":"<p style=\"\">Aymeric Laporte est\u00e1 siendo el tercer mejor jugador del Mundial en tareas defensivas, seg\u00fan la FIFA. El m\u00e1ximo organismo del Mundial ha elaborado un ranking  &#8230; de las mejores actuaciones de los futbolistas a nivel individual durante la fase de grupos y el centra de La Roja se encuentra en el &#8216;top 3&#8217; de su clasificaci\u00f3n.<\/p>\n<p class=\"v-d-p\" style=\"\">El de Aegen obtiene una calificaci\u00f3n de 7,24 puntos tras las primeras tres jornadas. Solo le superan el canadiense Derek Cornelius (7,3) y su compa\u00f1ero Rodri (7,29). En la lista, adem\u00e1s de los defensas, tambi\u00e9n aparecen centrocampistas con perfil defensivo como el jugador del Manchester City o Casemiro.<\/p>\n<p class=\"v-d-p\" style=\"\">Llama la atenci\u00f3n que en el ranking de los mejores jugadores en ataque no gana Leo Messi, pichichi del torneo. Tampoco Kylian Mbapp\u00e9, Erling Haaland o Vinicius, jugadores muy destacados del torneo. El que se impone por encima de todos ellos es el alem\u00e1n Deniz Undav, futbolista del Stuttgart de 29 a\u00f1os. Lleva 3 goles y dos asistencias en este Mundial.<\/p>\n","protected":false},"excerpt":{"rendered":"Aymeric Laporte est\u00e1 siendo el tercer mejor jugador del Mundial en tareas defensivas, seg\u00fan la FIFA. El m\u00e1ximo&hellip;\n","protected":false},"author":2,"featured_media":631977,"comment_status":"","ping_status":"","sticky":false,"template":"","format":"standard","meta":{"footnotes":""},"categories":[268],"tags":[1616,168,1072,25,24,14013,280,282,378,2179,1684,1070,281,23,167,619],"class_list":["post-631976","post","type-post","status-publish","format-standard","has-post-thumbnail","category-futbol","tag-defensa","tag-deportes","tag-destaca","tag-es","tag-espana","tag-fifa","tag-football","tag-futbol","tag-jugador","tag-laporte","tag-mejor","tag-mundial","tag-soccer","tag-spain","tag-sports","tag-tercer"],"share_on_mastodon":{"url":"https:\/\/pubeurope.com\/@es\/116833152196726620","error":""},"_links":{"self":[{"href":"https:\/\/www.europesays.com\/es\/wp-json\/wp\/v2\/posts\/631976","targetHints":{"allow":["GET"]}}],"collection":[{"href":"https:\/\/www.europesays.com\/es\/wp-json\/wp\/v2\/posts"}],"about":[{"href":"https:\/\/www.europesays.com\/es\/wp-json\/wp\/v2\/types\/post"}],"author":[{"embeddable":true,"href":"https:\/\/www.europesays.com\/es\/wp-json\/wp\/v2\/users\/2"}],"replies":[{"embeddable":true,"href":"https:\/\/www.europesays.com\/es\/wp-json\/wp\/v2\/comments?post=631976"}],"version-history":[{"count":0,"href":"https:\/\/www.europesays.com\/es\/wp-json\/wp\/v2\/posts\/631976\/revisions"}],"wp:featuredmedia":[{"embeddable":true,"href":"https:\/\/www.europesays.com\/es\/wp-json\/wp\/v2\/media\/631977"}],"wp:attachment":[{"href":"https:\/\/www.europesays.com\/es\/wp-json\/wp\/v2\/media?parent=631976"}],"wp:term":[{"taxonomy":"category","embeddable":true,"href":"https:\/\/www.europesays.com\/es\/wp-json\/wp\/v2\/categories?post=631976"},{"taxonomy":"post_tag","embeddable":true,"href":"https:\/\/www.europesays.com\/es\/wp-json\/wp\/v2\/tags?post=631976"}],"curies":[{"name":"wp","href":"https:\/\/api.w.org\/{rel}","templated":true}]}}