{"id":632070,"date":"2026-06-29T12:34:14","date_gmt":"2026-06-29T12:34:14","guid":{"rendered":"https:\/\/www.europesays.com\/es\/632070\/"},"modified":"2026-06-29T12:34:14","modified_gmt":"2026-06-29T12:34:14","slug":"el-sabadell-muy-enfadado-con-el-real-zaragoza-por-el-caso-diego-fuoli-he-hablado-con-lalo-y-le-he-dicho-que-no-me-ha-gustado-nada","status":"publish","type":"post","link":"https:\/\/www.europesays.com\/es\/632070\/","title":{"rendered":"El Sabadell, muy enfadado con el Real Zaragoza por el caso Diego Fuoli: \u00abHe hablado con Lalo y le he dicho que no me ha gustado nada\u00bb"},"content":{"rendered":"<p class=\"ft-text ft-helper-closenews\">El Real Zaragoza no ceja en su empe\u00f1o. Quiere que Diego Fuoli sea su portero y ni la resistencia del Sabadell parece que le vaya a frenar. Eso s\u00ed, la insistencia del club aragon\u00e9s, sobre todo mientras los catalanes todav\u00eda se estaban jugando el ascenso, no est\u00e1 gustando nada en el actual equipo del arquero. \u00ab<strong>He hablado con Lalo Arantegui, no lo voy a esconder. Le he hecho saber en primera persona que no me ha gustado nada\u00bb<\/strong>, ha explicado Lucas Viale, el director deportivo del Sabadell, en rueda de prensa.<\/p>\n<p class=\"ft-text\"><strong>\u00abNo nos ha sentado bien la situaci\u00f3n de que lleven hablando 3 meses de un jugador con contrato en vigor. Cre oque en sitauciones de m\u00e1xima exigencia y en la que nos est\u00e1bamos jugando mucho han estado aparaciendo art\u00edculos sobre Diego Fuoli cada semana desde Zaragoza<\/strong>\u00ab, apunt\u00f3 el director deportivo, que se\u00f1al\u00f3 que, tras el ascenso, el arquero tiene contrato con ellos hasta junio de 2028. A pesar del inter\u00e9s blanquillo, el Sabadell se mantiene firme en su postura. \u00abE<strong>n este momento nosotros no contemplamos otra cosa que contin\u00fae aqu\u00ed<\/strong>\u00ab, remarc\u00f3 Lucas Viale. <\/p>\n<p class=\"ft-text\">Algo que no va a cambiar la hoja de ruta del Real Zaragoza. Como apunt\u00f3 este diario, la apuesta de los blanquillos es firme y est\u00e1 dispuesto<strong> a ofrecer a Fuoli un contrato de cuatro temporadas. El entorno de Fuoli conoce desde hace mucho tiempo la oferta con la que el Zaragoza <\/strong>estar\u00eda convencido de atraer al arquero aragon\u00e9s. Pero, por el momento, el Sabadell no est\u00e1 dispuesto a ceder y se mantiene inflexible en su postura de no abrirle la puerta de salida a su portero titular.\u00a0<\/p>\n<p data-close=\"closedContent\" class=\"subscribeHideForDisplay\">Suscr\u00edbete para seguir leyendo<\/p>\n","protected":false},"excerpt":{"rendered":"El Real Zaragoza no ceja en su empe\u00f1o. Quiere que Diego Fuoli sea su portero y ni la&hellip;\n","protected":false},"author":2,"featured_media":632071,"comment_status":"","ping_status":"","sticky":false,"template":"","format":"standard","meta":{"footnotes":""},"categories":[268],"tags":[6985,168,15165,25,24,280,282,798,799,1457,281,23,167,491],"class_list":["post-632070","post","type-post","status-publish","format-standard","has-post-thumbnail","category-futbol","tag-caso","tag-deportes","tag-enfadado","tag-es","tag-espana","tag-football","tag-futbol","tag-real","tag-real-zaragoza","tag-sabadell","tag-soccer","tag-spain","tag-sports","tag-zaragoza"],"share_on_mastodon":{"url":"https:\/\/pubeurope.com\/@es\/116833423867770326","error":""},"_links":{"self":[{"href":"https:\/\/www.europesays.com\/es\/wp-json\/wp\/v2\/posts\/632070","targetHints":{"allow":["GET"]}}],"collection":[{"href":"https:\/\/www.europesays.com\/es\/wp-json\/wp\/v2\/posts"}],"about":[{"href":"https:\/\/www.europesays.com\/es\/wp-json\/wp\/v2\/types\/post"}],"author":[{"embeddable":true,"href":"https:\/\/www.europesays.com\/es\/wp-json\/wp\/v2\/users\/2"}],"replies":[{"embeddable":true,"href":"https:\/\/www.europesays.com\/es\/wp-json\/wp\/v2\/comments?post=632070"}],"version-history":[{"count":0,"href":"https:\/\/www.europesays.com\/es\/wp-json\/wp\/v2\/posts\/632070\/revisions"}],"wp:featuredmedia":[{"embeddable":true,"href":"https:\/\/www.europesays.com\/es\/wp-json\/wp\/v2\/media\/632071"}],"wp:attachment":[{"href":"https:\/\/www.europesays.com\/es\/wp-json\/wp\/v2\/media?parent=632070"}],"wp:term":[{"taxonomy":"category","embeddable":true,"href":"https:\/\/www.europesays.com\/es\/wp-json\/wp\/v2\/categories?post=632070"},{"taxonomy":"post_tag","embeddable":true,"href":"https:\/\/www.europesays.com\/es\/wp-json\/wp\/v2\/tags?post=632070"}],"curies":[{"name":"wp","href":"https:\/\/api.w.org\/{rel}","templated":true}]}}