{"id":632241,"date":"2026-06-29T14:44:16","date_gmt":"2026-06-29T14:44:16","guid":{"rendered":"https:\/\/www.europesays.com\/es\/632241\/"},"modified":"2026-06-29T14:44:16","modified_gmt":"2026-06-29T14:44:16","slug":"un-tiroteo-deja-un-muerto-en-una-de-las-fan-zone-del-mundial","status":"publish","type":"post","link":"https:\/\/www.europesays.com\/es\/632241\/","title":{"rendered":"Un tiroteo deja un muerto en una de las &#8216;fan zone&#8217; del Mundial"},"content":{"rendered":"<p style=\"\">Una persona ha muerto y otra result\u00f3 gravemente herida este domingo durante un tiroteo en un popular lugar de ocio de San Jos\u00e9, California, que ha servido en la \u00faltimas semanas como <a href=\"https:\/\/www.abc.es\/deportes\/futbol\/mundial\/juega-espana-proximo-partido-dia-hora-rival-20260629151728-nt.html\" target=\"_self\" data-voc-vtm-id=\"in-text-traffic\" title=\"&#039;fan zone&#039; del Mundial\" rel=\"nofollow noopener\">&#8216;fan zone&#8217; del Mundial<\/a>, seg\u00fan inform\u00f3 la polic\u00eda de la localidad.<\/p>\n<p style=\"\">En  &#8230; el momento del tiroteo no se estaban proyectando partidos del torneo, ya que el \u00fanico encuentro del d\u00eda, <a href=\"https:\/\/www.abc.es\/deportes\/futbol\/mundial\/goles-decimoctavo-dia-mundial-2026-20260629143602-nt.html\" target=\"_self\" data-voc-vtm-id=\"in-text-traffic\" title=\"el Canad\u00e1-Sud\u00e1frica\" rel=\"nofollow noopener\">el Canad\u00e1-Sud\u00e1frica<\/a>, hab\u00eda terminado alrededor de las 14:00 hora local (21:00 GMT).<\/p>\n<p class=\"v-d-p\" style=\"\">\u00abSe declar\u00f3 el fallecimiento de una v\u00edctima en el lugar de los hechos. La segunda v\u00edctima fue trasladada a un hospital local con heridas que pon\u00edan en peligro su vida\u00bb, comunic\u00f3 la polic\u00eda de San Jos\u00e9 en una publicaci\u00f3n en la plataforma X.<\/p>\n<ul class=\"v-cmp-rld__u\">\n<li class=\"v-cmp-rld__l\">\n<p><a class=\"v-a-lnk\" href=\"http:\/\/www.abc.es\/deportes\/futbol\/mundial\/juega-espana-proximo-partido-dia-hora-rival-20260629151728-nt.html#vtm_modulosEngag=noticiasrelacionadas-cmp-uno:deportes:noticia:1\" title=\"Espa\u00f1a - Austria: cu\u00e1ndo es el partido y a qu\u00e9 hora juega la selecci\u00f3n\" data-voc-vtm-id=\"in-text-traffic\" rel=\"nofollow noopener\" target=\"_blank\"><br \/>\n<img decoding=\"async\" loading=\"lazy\" src=\"https:\/\/www.europesays.com\/es\/wp-content\/uploads\/2026\/06\/ABC-1200x840-cuando-kJnC-U30466748927qHE-366x256@diario_abc.jpg\" class=\"v-a-img\" width=\"258\" height=\"180\" alt=\"Espa\u00f1a - Austria: cu\u00e1ndo es el partido y a qu\u00e9 hora juega la selecci\u00f3n\"\/><br \/>\n<\/a><\/p>\n<\/li>\n<\/ul>\n<p class=\"v-d-p\" style=\"\">\u00abEste incidente se est\u00e1 investigando como un homicidio. Varias calles adyacentes a la zona permanecen cerradas\u00bb.<\/p>\n<p class=\"v-d-p\" style=\"\">El suceso tuvo lugar en San Pedro Square, uno de los diversos puntos del \u00c1rea de la Bah\u00eda de San Francisco donde se han congregado grandes multitudes para disfrutar de animados eventos de visionado de partidos del Mundial en pantallas gigantes.<\/p>\n<p class=\"v-d-p\" style=\"\">El \u00c1rea de la Bah\u00eda ha albergado cinco partidos de la Copa del Mundo hasta la fecha; el \u00faltimo de ellos fue un encuentro de eliminaci\u00f3n directa disputado el mi\u00e9rcoles entre <a href=\"https:\/\/www.abc.es\/deportes\/futbol\/mundial\/duelo-sudamerica-europa-ajustado-nunca-20260628175916-nt.html\" target=\"_self\" data-voc-vtm-id=\"in-text-traffic\" title=\"Bosnia y Estados Unidos\" rel=\"nofollow noopener\">Bosnia y Estados Unidos<\/a>, uno de los pa\u00edses coanfitriones.<\/p>\n<p class=\"v-d-p\" style=\"\">Un periodista de Reuters presente en el lugar observ\u00f3 un fuerte despliegue policial, numerosos veh\u00edculos de las fuerzas de seguridad y a una persona en una camilla \u2014parcialmente cubierta por una s\u00e1bana blanca\u2014 siendo evacuada r\u00e1pidamente de la zona por personal uniformado.<\/p>\n<p class=\"v-d-p\" style=\"\">La escena fue acordonada y la mayor\u00eda de los bares de la zona cerraron tras el incidente.<\/p>\n<p class=\"v-d-p\" style=\"\">Una guardia de seguridad, que prefiri\u00f3 mantener el anonimato por no estar autorizada para hablar con los medios, relat\u00f3 que vio a la persona herida en estado de gran angustia.<\/p>\n<p class=\"v-d-p\" style=\"\">\u00abLa persona a\u00fan se quejaba y gem\u00eda. Hab\u00eda sangre alrededor de su cuello y en la parte superior de la espalda\u00bb, dijo. \u00abLa polic\u00eda estaba hablando con el personal de seguridad y con un par de testigos\u00bb.<\/p>\n","protected":false},"excerpt":{"rendered":"Una persona ha muerto y otra result\u00f3 gravemente herida este domingo durante un tiroteo en un popular lugar&hellip;\n","protected":false},"author":2,"featured_media":632242,"comment_status":"","ping_status":"","sticky":false,"template":"","format":"standard","meta":{"footnotes":""},"categories":[42],"tags":[17,18,51,8470,13,14,11,61,62,63,64,19,20,5555,1070,9,10,15,16,6773,12,21,22,65,66,67,26289],"class_list":["post-632241","post","type-post","status-publish","format-standard","has-post-thumbnail","category-internacional","tag-breaking-news","tag-breakingnews","tag-deja","tag-fan","tag-featured-news","tag-featurednews","tag-headlines","tag-internacional","tag-international","tag-international-news","tag-internationalnews","tag-latest-news","tag-latestnews","tag-muerto","tag-mundial","tag-news","tag-noticias","tag-noticias-destacadas","tag-noticiasdestacadas","tag-tiroteo","tag-titulares","tag-ultimas-noticias","tag-ultimasnoticias","tag-world","tag-world-news","tag-worldnews","tag-zone"],"share_on_mastodon":{"url":"https:\/\/pubeurope.com\/@es\/116833935880365060","error":""},"_links":{"self":[{"href":"https:\/\/www.europesays.com\/es\/wp-json\/wp\/v2\/posts\/632241","targetHints":{"allow":["GET"]}}],"collection":[{"href":"https:\/\/www.europesays.com\/es\/wp-json\/wp\/v2\/posts"}],"about":[{"href":"https:\/\/www.europesays.com\/es\/wp-json\/wp\/v2\/types\/post"}],"author":[{"embeddable":true,"href":"https:\/\/www.europesays.com\/es\/wp-json\/wp\/v2\/users\/2"}],"replies":[{"embeddable":true,"href":"https:\/\/www.europesays.com\/es\/wp-json\/wp\/v2\/comments?post=632241"}],"version-history":[{"count":0,"href":"https:\/\/www.europesays.com\/es\/wp-json\/wp\/v2\/posts\/632241\/revisions"}],"wp:featuredmedia":[{"embeddable":true,"href":"https:\/\/www.europesays.com\/es\/wp-json\/wp\/v2\/media\/632242"}],"wp:attachment":[{"href":"https:\/\/www.europesays.com\/es\/wp-json\/wp\/v2\/media?parent=632241"}],"wp:term":[{"taxonomy":"category","embeddable":true,"href":"https:\/\/www.europesays.com\/es\/wp-json\/wp\/v2\/categories?post=632241"},{"taxonomy":"post_tag","embeddable":true,"href":"https:\/\/www.europesays.com\/es\/wp-json\/wp\/v2\/tags?post=632241"}],"curies":[{"name":"wp","href":"https:\/\/api.w.org\/{rel}","templated":true}]}}