{"id":632262,"date":"2026-06-29T15:01:20","date_gmt":"2026-06-29T15:01:20","guid":{"rendered":"https:\/\/www.europesays.com\/es\/632262\/"},"modified":"2026-06-29T15:01:20","modified_gmt":"2026-06-29T15:01:20","slug":"werwulf-la-nueva-pelicula-de-terror-de-robert-eggers-nosferatu-presenta-su-trailer-oficial","status":"publish","type":"post","link":"https:\/\/www.europesays.com\/es\/632262\/","title":{"rendered":"Werwulf, la nueva pel\u00edcula de terror de Robert Eggers (Nosferatu), presenta su tr\u00e1iler oficial"},"content":{"rendered":"<p class=\"c-paragraph\">Tras conquistar a la cr\u00edtica con <b>Nosferatu<\/b>, el aclamado cineasta <a href=\"https:\/\/www.hobbyconsolas.com\/listas\/talentos-precoces-terror-grandes-directores-estrenaron-genero-siendo-jovenes-1454900\" title=\"Los talentos m\u00e1s precoces: grandes directores del cine de terror que se estrenaron siendo j\u00f3venes\" rel=\"nofollow noopener\" target=\"_blank\">Robert Eggers<\/a> regresa a los cines estas navidades con su nueva <b>pel\u00edcula<\/b>, <a href=\"https:\/\/www.hobbyconsolas.com\/hobbycine\/robert-eggers-finaliza-rodaje-werwulf-su-nueva-pelicula-terror-con-hombres-lobo-tras-nosferatu_6925465_0.html\" title=\"Robert Eggers finaliza el rodaje de Werwulf, su nueva pel\u00edcula de terror con hombres lobo tras Nosferatu\" rel=\"nofollow noopener\" target=\"_blank\">Werwulf<\/a>, donde seguir\u00e1 sacando partido al g\u00e9nero de <a href=\"https:\/\/www.hobbyconsolas.com\/listas\/10-peliculas-miedo-rodaje-aun-terrorifico-1333344\" title=\"10 pel\u00edculas de miedo que tuvieron un rodaje a\u00fan m\u00e1s terror\u00edfico\" rel=\"nofollow noopener\" target=\"_blank\">terror<\/a>.<\/p>\n<p class=\"c-paragraph\">La cinta abordar\u00e1 el mito de los hombres lobo a trav\u00e9s de una trama ubicada en la Inglaterra del siglo XIII. Una ambientaci\u00f3n que se ver\u00e1 tambi\u00e9n reflejada en los di\u00e1logos, interpretados en Middle English, es decir, que los personajes hablar\u00e1n en el idioma tal cual se hablaba en aquella \u00e9poca.<\/p>\n<p class=\"c-paragraph\">Para seguir abriendo boca, Focus Features ha presentado el <b>tr\u00e1iler oficial de Werwulf<\/b>, el cual puedes echar un ojo a trav\u00e9s del v\u00eddeo que te dejamos a continuaci\u00f3n.<\/p>\n<p>Qu\u00e9 podemos esperar en Werwulf, la prometedora cinta de terror de Robert Eggers<\/p>\n<p class=\"c-paragraph\">Bajo un guion coescrito por el propio Eggers junto a Sj\u00f3n Sigurdsson, la trama de la pel\u00edcula sigue la historia de un agricultor atrapado en una antigua maldici\u00f3n conocida como licantrop\u00eda, que lo convierte en un sanguinario hombre lobo.<\/p>\n<p class=\"c-paragraph\">El director deja a un lado los clich\u00e9s del g\u00e9nero para enfocarse en el folclore original de la \u00e9poca, mostrando \u00ab<b>una historia estremecedora sobre la devoci\u00f3n, la condenaci\u00f3n y el demonio interior<\/b>\u00ab, seg\u00fan detalla su propia sinopsis.<\/p>\n<p class=\"c-paragraph\">Los protagonistas de\u00a0<a href=\"https:\/\/www.hobbyconsolas.com\/reviews\/critica-nosferatu-robert-eggers-vende-alma-hacer-pelicula-otro-tiempo-1428721\" title=\"Cr\u00edtica de Nosferatu: Robert Eggers vende su alma para hacer una pel\u00edcula de otro tiempo\" rel=\"nofollow noopener\" target=\"_blank\">Nosferatu<\/a>, <b>Aaron Taylor-Johnson<\/b>, <b>Lily-Rose Depp<\/b> y <b>Willem Dafoe<\/b>, regresan a lo nuevo de Robert Eggens al frente del elenco. Junto a ellos se encuentran tambi\u00e9n <b>Bodhi Rae Breathnach<\/b> (<a href=\"https:\/\/www.hobbyconsolas.com\/hobbycine\/critica-shelter-protector-statham-tiene-problemas-para-brillar-un-relato-plumbeo_6949320_0.html\" title=\"Cr\u00edtica de Shelter: El protector - Statham tiene problemas para brillar en un relato pl\u00fambeo\" rel=\"nofollow noopener\" target=\"_blank\">Shelter: El protector<\/a>), <b>Ralph Ineson<\/b> (<a href=\"https:\/\/www.hobbyconsolas.com\/reviews\/critica-4-fantasticos-primeros-pasos-aventura-retrofuturista-muy-bien-ambientada-1474273\" title=\"Cr\u00edtica de Los 4 Fant\u00e1sticos: Primeros pasos, una aventura retrofuturista muy bien ambientada\" rel=\"nofollow noopener\" target=\"_blank\">Los 4 Fant\u00e1sticos: Primeros pasos<\/a>), <b>Valeriia Karaman<\/b> (<a href=\"https:\/\/www.hobbyconsolas.com\/reviews\/critica-faro-nueva-pelicula-robert-eggers-bruja-557967\" title=\"Cr\u00edtica de El faro, la magn\u00edfica pel\u00edcula de Robert Eggers (La bruja)\" rel=\"nofollow noopener\" target=\"_blank\">El faro<\/a>) y <b>Jack Morris<\/b> (<a href=\"https:\/\/www.hobbyconsolas.com\/reviews\/critica-estragos-havoc-nueva-pieza-accion-gareth-evans-tom-hardy-cabeza-1457294\" title=\"Cr\u00edtica de Estragos (Havoc), la nueva pieza de acci\u00f3n de Gareth Evans con Tom Hardy a la cabeza\" rel=\"nofollow noopener\" target=\"_blank\">Estragos<\/a>), entre otros.<\/p>\n<p class=\"c-paragraph\"><b>Werwulf se estrena en las salas de cine en la Navidad de 2026<\/b>. \u00bfQu\u00e9 te ha parecido el tr\u00e1iler de la nueva <a href=\"https:\/\/www.hobbyconsolas.com\/listas\/mejores-peliculas-terror-miedo-historia-1214826\" title=\"Las 33 mejores pel\u00edculas de terror y miedo de la historia del cine\" rel=\"nofollow noopener\" target=\"_blank\">pel\u00edcula<\/a> de terror de Robert Eggers?<\/p>\n","protected":false},"excerpt":{"rendered":"Tras conquistar a la cr\u00edtica con Nosferatu, el aclamado cineasta Robert Eggers regresa a los cines estas navidades&hellip;\n","protected":false},"author":2,"featured_media":632263,"comment_status":"","ping_status":"","sticky":false,"template":"","format":"standard","meta":{"footnotes":""},"categories":[169],"tags":[177,146,147,25,24,176,175,795,1257,12027,23,6667,117213],"class_list":["post-632262","post","type-post","status-publish","format-standard","has-post-thumbnail","category-cine","tag-cine","tag-entertainment","tag-entretenimiento","tag-es","tag-espana","tag-film","tag-movies","tag-nueva","tag-pelicula","tag-robert","tag-spain","tag-terror","tag-werwulf"],"share_on_mastodon":{"url":"https:\/\/pubeurope.com\/@es\/116834001752207449","error":""},"_links":{"self":[{"href":"https:\/\/www.europesays.com\/es\/wp-json\/wp\/v2\/posts\/632262","targetHints":{"allow":["GET"]}}],"collection":[{"href":"https:\/\/www.europesays.com\/es\/wp-json\/wp\/v2\/posts"}],"about":[{"href":"https:\/\/www.europesays.com\/es\/wp-json\/wp\/v2\/types\/post"}],"author":[{"embeddable":true,"href":"https:\/\/www.europesays.com\/es\/wp-json\/wp\/v2\/users\/2"}],"replies":[{"embeddable":true,"href":"https:\/\/www.europesays.com\/es\/wp-json\/wp\/v2\/comments?post=632262"}],"version-history":[{"count":0,"href":"https:\/\/www.europesays.com\/es\/wp-json\/wp\/v2\/posts\/632262\/revisions"}],"wp:featuredmedia":[{"embeddable":true,"href":"https:\/\/www.europesays.com\/es\/wp-json\/wp\/v2\/media\/632263"}],"wp:attachment":[{"href":"https:\/\/www.europesays.com\/es\/wp-json\/wp\/v2\/media?parent=632262"}],"wp:term":[{"taxonomy":"category","embeddable":true,"href":"https:\/\/www.europesays.com\/es\/wp-json\/wp\/v2\/categories?post=632262"},{"taxonomy":"post_tag","embeddable":true,"href":"https:\/\/www.europesays.com\/es\/wp-json\/wp\/v2\/tags?post=632262"}],"curies":[{"name":"wp","href":"https:\/\/api.w.org\/{rel}","templated":true}]}}