{"id":632268,"date":"2026-06-29T15:04:33","date_gmt":"2026-06-29T15:04:33","guid":{"rendered":"https:\/\/www.europesays.com\/es\/632268\/"},"modified":"2026-06-29T15:04:33","modified_gmt":"2026-06-29T15:04:33","slug":"thylane-blondeau-la-nina-conocida-por-ser-la-mas-guapa-del-mundo-se-casa-con-el-nieto-de-jane-birkin-en-paris","status":"publish","type":"post","link":"https:\/\/www.europesays.com\/es\/632268\/","title":{"rendered":"Thylane Blondeau, la ni\u00f1a conocida por ser la m\u00e1s guapa del mundo, se casa con el nieto de Jane Birkin en Par\u00eds"},"content":{"rendered":"<p style=\"\">Ten\u00eda solo seis a\u00f1os cuando alcanz\u00f3 la fama mundial. La revista &#8216;Vogue&#8217; la identific\u00f3 como la ni\u00f1a m\u00e1s guapa del mundo con sus ojos claros y su largo pelo rubio y su foto dio la vuelta al mundo. Por supuesto ten\u00eda padrinos de excepci\u00f3n en  &#8230; el mundillo, era la hija del exjugador de f\u00fatbol <strong>Patrick Blondeau (fallecido en 2016)<\/strong> y la dise\u00f1adora de moda Veronika Loubry, por lo que no le faltaban los contactos. <\/p>\n<p class=\"v-d-p\" style=\"\">Pero quiz\u00e1s ese fue uno de las pocas ocasiones, o de las \u00faltimas, en las que parec\u00eda que gran parte del mundo estaba de acuerdo. S\u00ed era una ni\u00f1a extremadamente guapa. Por lo que el mundo de la moda le abri\u00f3 las puertas y ya en su adolescencia se convirti\u00f3 en un <strong>aut\u00e9ntico \u00eddolo de las redes sociales<\/strong>. De hecho, ahora tiene m\u00e1s de 6 millones de seguidores. <\/p>\n<p class=\"v-d-p\" style=\"\">Thylene ha sabido explotar su fama. Cre\u00f3 su propia firma de ropa cuando ten\u00eda 17 a\u00f1os y ahora est\u00e1 centrada en su expansi\u00f3n al mundo de la belleza. Pero este lunes es noticia por otra cosa, y es que la ni\u00f1a m\u00e1s guapa del mundo se ha hecho mayor y, <strong>con solo 25 a\u00f1os<\/strong>, ha dado el paso y se ha casado. <\/p>\n<ul class=\"v-cmp-rld__u\">\n<li class=\"v-cmp-rld__l\">\n<p class=\"v-a-p-t\">\nSus \u00faltimas palabras en XLSemanal\n<\/p>\n<\/li>\n<\/ul>\n<p class=\"v-d-p\" style=\"\">Concretamente ha pasado por el altar en una ceremonia de lo m\u00e1s discreta en Par\u00eds, celebrado en el ayuntamiento del 16e arrondissement de la ciudad del amor. Y su marido no pasa desapercibido, porque por nombre puede no sonar familiar, pero no es otro que el nieto de Jane Birkin. Se llama <strong>Benjamin Attal<\/strong> y es hijo de Charlotte Gainsbourg, hija a su vez de Jane Birkin y Serge Gainsbourg.<\/p>\n<p class=\"v-d-p\" style=\"\">Es decir, que la ni\u00f1a m\u00e1s guapa del mundo pasa a formar parte de la &#8216;realeza&#8217; francesa gracias al matrimonio. Thylane y Benjamin llegaron a su boda civil juntos, en un veh\u00edculo dif\u00edcil de ignorar, un Porsche 356 que el mismo novio conduc\u00eda, y en el ayuntamiento se encontraban sus familiares m\u00e1s cercanos. La modelo luc\u00eda el pelo en un mo\u00f1o con margaritas sujetas en el recogido y un elegante vestido largo con capa incluida. Su ramo, un discreto pu\u00f1ado de calas blancas.<\/p>\n<p><img decoding=\"async\" loading=\"lazy\" src=\"https:\/\/www.europesays.com\/es\/wp-content\/uploads\/2026\/06\/thylane4-U64848225230SEP-680x476@diario_abc.jpg\" class=\"v-a-img\" width=\"680\" height=\"478\" alt=\"Thylene y Ben Attal.\" data-voc-vtm-id=\"in-text-traffic\"\/><\/p>\n<p>Thylene y Ben Attal.<\/p>\n<p>(RR.SS)<\/p>\n<p class=\"v-d-p\" style=\"\">Entre los presentes los medios franceses han captado a V\u00e9ronika Loubry, la madre de la novia, pero tambi\u00e9n hab\u00eda otros tantos miembros del c\u00edrculo m\u00e1s \u00edntimo de la pareja como son Sandra Sisley y Karine Le Marchand, amistades de la familia. La ocasi\u00f3n sin duda hizo sonre\u00edr a la dise\u00f1adora tras unos meses complicados por la muerte de su pareja, G\u00e9rard Kadoche, productor y empresario franc\u00e9s que falleci\u00f3 hace seis meses cuando ten\u00eda solo 60 a\u00f1os a causa de un c\u00e1ncer de p\u00e1ncreas.<\/p>\n","protected":false},"excerpt":{"rendered":"Ten\u00eda solo seis a\u00f1os cuando alcanz\u00f3 la fama mundial. La revista &#8216;Vogue&#8217; la identific\u00f3 como la ni\u00f1a m\u00e1s&hellip;\n","protected":false},"author":2,"featured_media":632269,"comment_status":"","ping_status":"","sticky":false,"template":"","format":"standard","meta":{"footnotes":""},"categories":[91],"tags":[4420,117215,385,6599,146,147,25,24,39205,1684,3013,1388,4759,23,117214],"class_list":["post-632268","post","type-post","status-publish","format-standard","has-post-thumbnail","category-entretenimiento","tag-amigo","tag-blondeau","tag-casa","tag-conocida","tag-entertainment","tag-entretenimiento","tag-es","tag-espana","tag-guapa","tag-mejor","tag-mundo","tag-nina","tag-paris","tag-spain","tag-thylane"],"share_on_mastodon":{"url":"https:\/\/pubeurope.com\/@es\/116834014373273549","error":""},"_links":{"self":[{"href":"https:\/\/www.europesays.com\/es\/wp-json\/wp\/v2\/posts\/632268","targetHints":{"allow":["GET"]}}],"collection":[{"href":"https:\/\/www.europesays.com\/es\/wp-json\/wp\/v2\/posts"}],"about":[{"href":"https:\/\/www.europesays.com\/es\/wp-json\/wp\/v2\/types\/post"}],"author":[{"embeddable":true,"href":"https:\/\/www.europesays.com\/es\/wp-json\/wp\/v2\/users\/2"}],"replies":[{"embeddable":true,"href":"https:\/\/www.europesays.com\/es\/wp-json\/wp\/v2\/comments?post=632268"}],"version-history":[{"count":0,"href":"https:\/\/www.europesays.com\/es\/wp-json\/wp\/v2\/posts\/632268\/revisions"}],"wp:featuredmedia":[{"embeddable":true,"href":"https:\/\/www.europesays.com\/es\/wp-json\/wp\/v2\/media\/632269"}],"wp:attachment":[{"href":"https:\/\/www.europesays.com\/es\/wp-json\/wp\/v2\/media?parent=632268"}],"wp:term":[{"taxonomy":"category","embeddable":true,"href":"https:\/\/www.europesays.com\/es\/wp-json\/wp\/v2\/categories?post=632268"},{"taxonomy":"post_tag","embeddable":true,"href":"https:\/\/www.europesays.com\/es\/wp-json\/wp\/v2\/tags?post=632268"}],"curies":[{"name":"wp","href":"https:\/\/api.w.org\/{rel}","templated":true}]}}