{"id":632341,"date":"2026-06-29T15:56:15","date_gmt":"2026-06-29T15:56:15","guid":{"rendered":"https:\/\/www.europesays.com\/es\/632341\/"},"modified":"2026-06-29T15:56:15","modified_gmt":"2026-06-29T15:56:15","slug":"francia-se-fija-en-espana-para-adaptar-el-trabajo-a-las-olas-de-calor-ante-el-aumento-de-muertes","status":"publish","type":"post","link":"https:\/\/www.europesays.com\/es\/632341\/","title":{"rendered":"Francia se fija en Espa\u00f1a para adaptar el trabajo a las olas de calor ante el aumento de muertes"},"content":{"rendered":"<p class=\"article-text\">\n        El Gobierno franc\u00e9s va a organizar \u201cun viaje de estudio\u201d a Espa\u00f1a para conocer <a href=\"https:\/\/www.eldiario.es\/economia\/prohibe-trabajar-39-grados-calle-claves-nueva-proteccion-laboral-calor-extremo_1_10196298.html\" data-mrf-recirculation=\"links-noticia\" class=\"link\" rel=\"nofollow noopener\" target=\"_blank\">la normativa laboral espa\u00f1ola ante las olas de calor<\/a>, y en particular de la integraci\u00f3n de esa cuesti\u00f3n en los convenios colectivos. La visita tiene lugar tras la invitaci\u00f3n de la ministra de Trabajo, Yolanda D\u00edaz, indican fuentes de su departamento a elDiario.es.\n    <\/p>\n<p>    <a href=\"https:\/\/www.eldiario.es\/economia\/jornada-intensiva-julio-primera-ola-calor-obliga-replantear-prevencion-frente-verano-trabajo_1_13323151.html\" data-mrf-recirculation=\"saber-mas\" data-dl-event=\"saber-mas\" rel=\"nofollow noopener\" target=\"_blank\"><\/p>\n<p class=\"know-more__title\">\u00bfJornada intensiva desde julio?: la primera ola de calor obliga a replantear la prevenci\u00f3n frente al verano en el trabajo<\/p>\n<p>            <img decoding=\"async\" class=\"lazy\" loading=\"lazy\" data-src=\"https:\/\/static.eldiario.es\/clip\/c21e3d78-831a-4440-b8b8-55b8f984a4ee_16-9-aspect-ratio_default_0.jpg\" src=\"data:image\/svg+xml,%3Csvg xmlns=\" http:=\"\" viewbox=\"0 0 880 495\" alt=\"\u00bfJornada intensiva desde julio?: la primera ola de calor obliga a replantear la prevenci\u00f3n frente al verano en el trabajo\"\/><\/p>\n<p>                        <\/a><\/p>\n<p class=\"article-text\">\n        El ministro franc\u00e9s de Trabajo, Jean-Pierre Farandou, ha explicado este lunes en <a href=\"https:\/\/www.franceinfo.fr\/environnement\/evenements-meteorologiques-extremes\/vagues-de-chaleur-canicules\/canicule-le-ministre-du-travail-jean-pierre-farandou-veut-faire-un-voyage-d-etude-en-espagne-avec-les-partenaires-sociaux_8084624.html\" data-mrf-recirculation=\"links-noticia\" class=\"link\" target=\"_blank\" rel=\"nofollow noopener\">una entrevista a la emisora France Info<\/a> la necesidad de adaptar el trabajo a las altas temperaturas, y ha anunciado este viaje oficial a Espa\u00f1a, que ha puesto como referencia en esta materia.\n    <\/p>\n<p class=\"article-text\">\n        \u201cVamos a realizar un viaje de estudio y voy a proponer a los interlocutores sociales que vayan\u201d, ha afirmado sobre las organizaciones patronales y sindicatos, en una visita de unos \u201cdos o tres d\u00edas\u201d para \u201ccomprender c\u00f3mo se ha adaptado la sociedad espa\u00f1ola al calor\u201d, ha sostenido.\n    <\/p>\n<p class=\"article-text\">\n        La ola de calor que durante m\u00e1s de una semana ha afectado buena parte de Francia, que seg\u00fan su Ministerio de Sanidad ha registrado <a href=\"https:\/\/www.eldiario.es\/internacional\/francia-registra-1-000-muertes-habitual-causa-extremo-calor_1_13339589.html\" data-mrf-recirculation=\"links-noticia\" class=\"link\" rel=\"nofollow noopener\" target=\"_blank\">1.000 muertes m\u00e1s que lo habitual a causa de las altas temperaturas<\/a>. En algunos casos, los fallecidos eran trabajadores.\n    <\/p>\n<p>    Adaptaciones de horarios por las altas temperaturas<\/p>\n<p class=\"article-text\">\n        El ministro ha explicado que \u201chay que ir\u201d a Madrid y \u201centender c\u00f3mo funcionan\u201d las adaptaciones de horario ante las altas temperaturas, que se regulan en varios convenios colectivos, como el de la construcci\u00f3n por ejemplo. <a href=\"https:\/\/www.eldiario.es\/economia\/jornada-intensiva-julio-primera-ola-calor-obliga-replantear-prevencion-frente-verano-trabajo_1_13323151.html\" data-mrf-recirculation=\"links-noticia\" class=\"link\" rel=\"nofollow noopener\" target=\"_blank\">En estas jornadas intensivas veraniegas<\/a>, los trabajadores entran antes y tambi\u00e9n salen antes, con la intenci\u00f3n de evitar la exposici\u00f3n al calor.\n    <\/p>\n<p class=\"article-text\">\n         Jean-Pierre Farandou ha afirmado que en verano, Francia se parece cada vez m\u00e1s a Espa\u00f1a, por lo que su departamento va a estudiar la regulaci\u00f3n y acuerdos suscritos para \u201cinspirarse\u201d en posibles modelos similares, que permitan a los trabajadores empezar y terminar antes su jornada laboral, sin la habitual pausa para comer.\n    <\/p>\n<p class=\"article-text\">\n        Farandou ha emplazado tambi\u00e9n a revisar los calendarios de obras, eventos deportivos y culturales, en un \u201cprofundo trabajo de reflexi\u00f3n\u201d que abordar\u00e1 con los agentes sociales en septiembre.\n    <\/p>\n<p>    Se distancia de los permisos clim\u00e1ticos<\/p>\n<p class=\"article-text\">\n        El ministro franc\u00e9s de Trabajo ha apostado por estas adaptaciones horarias, preferiblemente pactadas por los empresarios y sindicatos en la negociaci\u00f3n colectiva, y se ha desmarcado de las peticiones de regular un permiso laboral clim\u00e1tico \u2013d\u00edas sin trabajar por las altas temperaturas\u2013, una posibilidad legal en Espa\u00f1a y que demandan partidos ecologistas y de izquierdas en Francia.\n    <\/p>\n<p class=\"article-text\">\n        Jean-Pierre Farandou ha recordado que <a href=\"https:\/\/www.eldiario.es\/economia\/trabajo-crea-permiso-pagado-cuatro-dias-catastrofes-climaticas_1_11858154.html\" data-mrf-recirculation=\"links-noticia\" class=\"link\" rel=\"nofollow noopener\" target=\"_blank\">el denominado \u201cpermiso clim\u00e1tico\u201d en Espa\u00f1a se regul\u00f3 tras las inundaciones de la Dana de Valencia<\/a>, no por las olas de calor. Sin embargo, el Ministerio de Yolanda D\u00edaz tambi\u00e9n ha reivindicado en estos d\u00edas de permiso remunerado para las situaciones de calor extremo en las que no sea seguro trabajar (y no sea posible el teletrabajo).\n    <\/p>\n<p class=\"article-text\">\n        La ley en Espa\u00f1a reconoce \u201chasta cuatro d\u00edas por imposibilidad de acceder al centro de trabajo o transitar por las v\u00edas de circulaci\u00f3n necesarias para acudir al mismo, como consecuencia de las recomendaciones, limitaciones o prohibiciones al desplazamiento establecidas por las autoridades competentes, as\u00ed como cuando concurra una situaci\u00f3n de riesgo grave e inminente, incluidas las derivadas de una cat\u00e1strofe o fen\u00f3meno meteorol\u00f3gico adverso\u201d.\n    <\/p>\n<p>    <a href=\"https:\/\/www.eldiario.es\/internacional\/francia-registra-1-000-muertes-habitual-causa-extremo-calor_1_13339589.html\" data-mrf-recirculation=\"saber-mas-abajo\" data-dl-event=\"saber-mas-abajo\" rel=\"nofollow noopener\" target=\"_blank\"><\/p>\n<p class=\"know-more__title\"> Francia registra 1.000 muertes m\u00e1s que lo habitual a causa del extremo calor <\/p>\n<p>            <img decoding=\"async\" class=\"lazy\" loading=\"lazy\" data-src=\"https:\/\/static.eldiario.es\/clip\/d73f3d84-1198-41ab-85b9-923e4b8868de_16-9-aspect-ratio_default_0.jpg\" src=\"data:image\/svg+xml,%3Csvg xmlns=\" http:=\"\" viewbox=\"0 0 880 495\" alt=\"Francia registra 1.000 muertes m\u00e1s que lo habitual a causa del extremo calor\"\/><\/p>\n<p>                        <\/a><\/p>\n<p class=\"article-text\">\n        \u201cNo es una respuesta a la ola de calor\u201d, ha sostenido el ministro franc\u00e9s de Trabajo, que ha insistido en que \u201cno se puede paralizar el pa\u00eds cuando hace calor\u201d.\n    <\/p>\n","protected":false},"excerpt":{"rendered":"El Gobierno franc\u00e9s va a organizar \u201cun viaje de estudio\u201d a Espa\u00f1a para conocer la normativa laboral espa\u00f1ola&hellip;\n","protected":false},"author":2,"featured_media":632342,"comment_status":"","ping_status":"","sticky":false,"template":"","format":"standard","meta":{"footnotes":""},"categories":[8],"tags":[9811,5609,17,18,4922,25,24,13,14,2540,317,11,19,20,4809,9,10,15,16,10544,23,12,2752,21,22],"class_list":["post-632341","post","type-post","status-publish","format-standard","has-post-thumbnail","category-espana","tag-adaptar","tag-aumento","tag-breaking-news","tag-breakingnews","tag-calor","tag-es","tag-espana","tag-featured-news","tag-featurednews","tag-fija","tag-francia","tag-headlines","tag-latest-news","tag-latestnews","tag-muertes","tag-news","tag-noticias","tag-noticias-destacadas","tag-noticiasdestacadas","tag-olas","tag-spain","tag-titulares","tag-trabajo","tag-ultimas-noticias","tag-ultimasnoticias"],"share_on_mastodon":{"url":"https:\/\/pubeurope.com\/@es\/116834217895025848","error":""},"_links":{"self":[{"href":"https:\/\/www.europesays.com\/es\/wp-json\/wp\/v2\/posts\/632341","targetHints":{"allow":["GET"]}}],"collection":[{"href":"https:\/\/www.europesays.com\/es\/wp-json\/wp\/v2\/posts"}],"about":[{"href":"https:\/\/www.europesays.com\/es\/wp-json\/wp\/v2\/types\/post"}],"author":[{"embeddable":true,"href":"https:\/\/www.europesays.com\/es\/wp-json\/wp\/v2\/users\/2"}],"replies":[{"embeddable":true,"href":"https:\/\/www.europesays.com\/es\/wp-json\/wp\/v2\/comments?post=632341"}],"version-history":[{"count":0,"href":"https:\/\/www.europesays.com\/es\/wp-json\/wp\/v2\/posts\/632341\/revisions"}],"wp:featuredmedia":[{"embeddable":true,"href":"https:\/\/www.europesays.com\/es\/wp-json\/wp\/v2\/media\/632342"}],"wp:attachment":[{"href":"https:\/\/www.europesays.com\/es\/wp-json\/wp\/v2\/media?parent=632341"}],"wp:term":[{"taxonomy":"category","embeddable":true,"href":"https:\/\/www.europesays.com\/es\/wp-json\/wp\/v2\/categories?post=632341"},{"taxonomy":"post_tag","embeddable":true,"href":"https:\/\/www.europesays.com\/es\/wp-json\/wp\/v2\/tags?post=632341"}],"curies":[{"name":"wp","href":"https:\/\/api.w.org\/{rel}","templated":true}]}}