{"id":632384,"date":"2026-06-29T16:30:17","date_gmt":"2026-06-29T16:30:17","guid":{"rendered":"https:\/\/www.europesays.com\/es\/632384\/"},"modified":"2026-06-29T16:30:17","modified_gmt":"2026-06-29T16:30:17","slug":"la-declaracion-de-amor-de-pipi-estada-71-anos-a-su-nueva-novia-es-mi-mejor-amiga-hablo-con-ella-practicamente-a-diario-se-ha-convertido-en-una-persona-esencial-en-mi-vida","status":"publish","type":"post","link":"https:\/\/www.europesays.com\/es\/632384\/","title":{"rendered":"La declaraci\u00f3n de amor de Pipi Estada (71 a\u00f1os) a su nueva novia: \u00abEs mi mejor amiga, hablo con ella pr\u00e1cticamente a diario, se ha convertido en una persona esencial en mi vida\u00bb"},"content":{"rendered":"<p class=\"ft-text\"><strong>Jos\u00e9 Manuel Estrada Calzada, m\u00e1s conocido como Pipi Estrada, es uno de los periodistas deportivos m\u00e1s medi\u00e1ticos del pa\u00eds<\/strong>. No obstante, su popularidad no se debe \u00fanicamente a su trayectoria profesional, sino tambi\u00e9n a su vida sentimental, ya que a lo largo de los a\u00f1os ha protagonizado diversas relaciones que han acaparado la atenci\u00f3n de los medios especializados en la prensa del coraz\u00f3n. <\/p>\n<p class=\"ft-text\">A sus 71 a\u00f1os, <strong>el colaborador de &#8216;El Chiringuito&#8217; y &#8216;Radio Marca&#8217; ha vuelto a enamorarse de &#8216;Lolita&#8217;, su nueva pareja<\/strong>. El periodista deportivo acudi\u00f3 a los Premios Sancho Panza, donde recibi\u00f3 el galard\u00f3n de comunicaci\u00f3n y periodismo, juntamente con ella, con quien fue fotografiado d\u00e1ndose un beso, seg\u00fan adelant\u00f3 &#8216;Europa Press&#8217;. <\/p>\n<p class=\"ft-text\">En el discurso que otorg\u00f3 tras recibir la mentada distinci\u00f3n, Estrada se\u00f1al\u00f3 que \u00abtengo personas que se alegran cuando me pasan cosas buenas, como, por ejemplo, mi novia actual, Lolita, que viene de Palma de Mallorca\u00bb. No se qued\u00f3 ah\u00ed, <strong>pues le agradeci\u00f3 por \u00absu generosidad\u00bb y por \u00abcoger tantos aviones para ver este trasto\u00bb<\/strong>. <\/p>\n<p><img decoding=\"async\" src=\"https:\/\/www.europesays.com\/es\/wp-content\/uploads\/2026\/06\/f2f2b4fa-edba-472a-a515-f652728ee3d5_alta-libre-aspect-ratio_default_0_x600y225.jpg\" width=\"1200\" height=\"675\" alt=\"El nuevo amor de Pipi Estrada\" class=\"ft-helper-img-rd\" loading=\"lazy\" fetchpriority=\"auto\"\/><\/p>\n<p class=\"ft-helper-fontColor-quaternary ft-helper-fontSize-body-S ft-helper-spacer-t-xxs\">El nuevo amor de Pipi Estrada  \/ Europa Press<\/p>\n<p>Desde 2025, enamorado de &#8216;Lolita&#8217;<\/p>\n<p class=\"ft-text\"><strong>Su relaci\u00f3n con &#8216;Lolita&#8217; no ha sido fruto de estos \u00faltimos meses<\/strong>, sino que desde finales de 2025 ya la estaba conociendo profundamente, tal como reconoci\u00f3 en el programa &#8216;Fiesta&#8217;, presentado por Emma Garc\u00eda. <\/p>\n<p class=\"ft-text\">\u00abEs mi mejor amiga, hablo con ella pr\u00e1cticamente a diario, se ha convertido en una persona esencial en mi vida. <strong>Es una persona maravillosa que me da paz<\/strong>\u00ab, expres\u00f3 en el formato de Telecinco. <\/p>\n<p><img decoding=\"async\" src=\"https:\/\/www.europesays.com\/es\/wp-content\/uploads\/2026\/06\/92e5a817-2fa9-4ef5-8672-910862cb1480_alta-libre-aspect-ratio_default_0_x600y225.jpg\" width=\"1200\" height=\"675\" alt=\"Pipi Estrada\" class=\"ft-helper-img-rd\" loading=\"lazy\" fetchpriority=\"auto\"\/><\/p>\n<p class=\"ft-helper-fontColor-quaternary ft-helper-fontSize-body-S ft-helper-spacer-t-xxs\">Pipi Estrada  \/ Google<\/p>\n<p class=\"ft-text\">Por otro lado, <strong>quiso dejar claro que no es una persona \u00abconocida\u00bb<\/strong>, pero que le da \u00ablealtad, seguridad y m\u00e1xima confianza\u00bb. Adem\u00e1s, reconoci\u00f3 que \u00abcon todos estos ingredientes soy una persona diferente&#8230; estoy en mi mejor momento, ya que soy otro hombre\u00bb.<\/p>\n<p>Estas han sido algunas de sus parejas&#8230;<\/p>\n<p class=\"ft-text\">La primera pareja que tuvo fue Teresa Viera, madre de sus dos hijos mayores Francisco y Borja, pero poco dur\u00f3 la relaci\u00f3n, pues rompi\u00f3 con ella tras hacerse p\u00fablica su romance con Terelu Campos. \u00ab<strong>Me pod\u00eda haber separado de una forma mucho m\u00e1s elegante y no tan cutre. Se enter\u00f3 por una portada y me despert\u00f3 con ella<\/strong>\u00ab, se\u00f1al\u00f3 en su d\u00eda. <\/p>\n<p><img decoding=\"async\" src=\"https:\/\/www.europesays.com\/es\/wp-content\/uploads\/2026\/06\/e5bfbd2e-5f1f-471d-8810-a27bc9b918a7_alta-libre-aspect-ratio_default_0_x600y225.jpg\" width=\"1200\" height=\"675\" alt=\"Teresa Vera y Pipi Estrada\" class=\"ft-helper-img-rd\" loading=\"lazy\" fetchpriority=\"auto\"\/><\/p>\n<p class=\"ft-helper-fontColor-quaternary ft-helper-fontSize-body-S ft-helper-spacer-t-xxs\">Teresa Vera y Pipi Estrada  \/ Mediaset<\/p>\n<p class=\"ft-text\">La relaci\u00f3n dur\u00f3 tres a\u00f1os, pero fue todo muy intenso, especialmente por los conflictos que vivieron. Actualmente, ella no quiere saber nada del periodista deportivo: \u00abTenemos una relaci\u00f3n correcta, no cordial. Es una persona que ha formado parte de mi pasado.\u00a0<strong>No tengo ning\u00fan sentimiento hac\u00eda \u00e9l<\/strong>\u00ab.<\/p>\n<p class=\"ft-text\">Despu\u00e9s, conoci\u00f3 a Miriam S\u00e1nchez en Telecinco y tuvieron una hija en com\u00fan, Miriam. La ruptura fue p\u00fablica, concretamente en el plat\u00f3 de televisi\u00f3n de &#8216;MyHyV&#8217;. \u00ab<strong>Lo he dejado con Pipi porque no puedo aguantar determinadas situaciones\u00a0en las que parezco la tonta de Espa\u00f1a<\/strong>\u00ab, revel\u00f3.<\/p>\n","protected":false},"excerpt":{"rendered":"Jos\u00e9 Manuel Estrada Calzada, m\u00e1s conocido como Pipi Estrada, es uno de los periodistas deportivos m\u00e1s medi\u00e1ticos del&hellip;\n","protected":false},"author":2,"featured_media":632385,"comment_status":"","ping_status":"","sticky":false,"template":"","format":"standard","meta":{"footnotes":""},"categories":[174],"tags":[81946,1733,255,15091,146,147,25,24,117232,256,2313,110714,23],"class_list":["post-632384","post","type-post","status-publish","format-standard","has-post-thumbnail","category-famosos","tag-81946","tag-amor","tag-celebrities","tag-declaracion","tag-entertainment","tag-entretenimiento","tag-es","tag-espana","tag-estada","tag-famosos","tag-fuera-de-juego","tag-pipi","tag-spain"],"share_on_mastodon":{"url":"https:\/\/pubeurope.com\/@es\/116834352742355076","error":""},"_links":{"self":[{"href":"https:\/\/www.europesays.com\/es\/wp-json\/wp\/v2\/posts\/632384","targetHints":{"allow":["GET"]}}],"collection":[{"href":"https:\/\/www.europesays.com\/es\/wp-json\/wp\/v2\/posts"}],"about":[{"href":"https:\/\/www.europesays.com\/es\/wp-json\/wp\/v2\/types\/post"}],"author":[{"embeddable":true,"href":"https:\/\/www.europesays.com\/es\/wp-json\/wp\/v2\/users\/2"}],"replies":[{"embeddable":true,"href":"https:\/\/www.europesays.com\/es\/wp-json\/wp\/v2\/comments?post=632384"}],"version-history":[{"count":0,"href":"https:\/\/www.europesays.com\/es\/wp-json\/wp\/v2\/posts\/632384\/revisions"}],"wp:featuredmedia":[{"embeddable":true,"href":"https:\/\/www.europesays.com\/es\/wp-json\/wp\/v2\/media\/632385"}],"wp:attachment":[{"href":"https:\/\/www.europesays.com\/es\/wp-json\/wp\/v2\/media?parent=632384"}],"wp:term":[{"taxonomy":"category","embeddable":true,"href":"https:\/\/www.europesays.com\/es\/wp-json\/wp\/v2\/categories?post=632384"},{"taxonomy":"post_tag","embeddable":true,"href":"https:\/\/www.europesays.com\/es\/wp-json\/wp\/v2\/tags?post=632384"}],"curies":[{"name":"wp","href":"https:\/\/api.w.org\/{rel}","templated":true}]}}