{"id":632386,"date":"2026-06-29T16:31:14","date_gmt":"2026-06-29T16:31:14","guid":{"rendered":"https:\/\/www.europesays.com\/es\/632386\/"},"modified":"2026-06-29T16:31:14","modified_gmt":"2026-06-29T16:31:14","slug":"no-hay-armonia-sin-geometria-la-regla-de-los-90-cm-marca-la-rehabilitacion-de-una-casa-en-la-playa-de-los-anos-70-y-vuelve-a-conectarla-con-el-mediterraneo","status":"publish","type":"post","link":"https:\/\/www.europesays.com\/es\/632386\/","title":{"rendered":"No hay armon\u00eda sin geometr\u00eda: la regla de los 90 cm marca la rehabilitaci\u00f3n de una casa en la playa de los a\u00f1os 70 y vuelve a conectarla con el Mediterr\u00e1neo"},"content":{"rendered":"<p><strong>La mejor decisi\u00f3n de esta casa en la playa fue no olvidar la idea con la que naci\u00f3<\/strong><\/p>\n<p>Construir sobre un acantilado frente al <a href=\"https:\/\/www.revistaad.es\/articulos\/una-casa-de-hormigon-frente-al-mediterraneo-inspirada-en-la-formula-1\" rel=\"nofollow noopener\" target=\"_blank\">Mediterr\u00e1neo<\/a> exige aceptar una condici\u00f3n desde el primer boceto: el paisaje siempre tendr\u00e1 la \u00faltima palabra. El arquitecto siciliano Armando Barraja entendi\u00f3 esa idea al dise\u00f1ar esta villa en los a\u00f1os 70. <strong>Su reciente rehabilitaci\u00f3n, realizada por Nicola Spinetto Architectes, parte de una premisa poco habitual: no demostrar todo lo que puede hacerse, sino recordar todo lo que ya funcionaba<\/strong>. M\u00e1s de 50 a\u00f1os despu\u00e9s, <strong>la geometr\u00eda, los materiales y la relaci\u00f3n con el mar siguen demostrando que algunas arquitecturas no necesitan reinventarse para seguir siendo contempor\u00e1neas.<\/strong><\/p>\n<p><img decoding=\"async\" alt=\"Casa de playa en sicilia\" loading=\"lazy\" class=\"ResponsiveImageContainer-dkeESL cQPiWi responsive-image__image\"   src=\"https:\/\/www.europesays.com\/es\/wp-content\/uploads\/2026\/06\/LAU_4757-HDR%20copia.jpg\"\/><\/p>\n<p>Construida sobre un acantilado de la costa siciliana, la villa fue concebida para integrarse en el paisaje sin competir nunca con el Mediterr\u00e1neo.<\/p>\n<p>\u00a9 Laura Crucitti.<strong>La regla de los 90 cent\u00edmetros<\/strong><\/p>\n<p>A primera vista cuesta descubrir qu\u00e9 hace que esta villa resulte tan equilibrada. La respuesta no est\u00e1 en un material concreto ni en un gesto arquitect\u00f3nico llamativo, sino en una regla geom\u00e9trica casi invisible que organiza todo el proyecto. <strong>Cuando Armando Barraja dise\u00f1\u00f3 esta <a href=\"https:\/\/www.revistaad.es\/articulos\/la-reforma-que-devolvio-el-mar-a-esta-casa-de-la-playa-centenaria-trabajamos-para-que-cada-habitacion-tuviera-una-relacion-directa-con-el-exterior\" rel=\"nofollow noopener\" target=\"_blank\">casa en la playa<\/a> en los a\u00f1os 70, utiliz\u00f3 una ret\u00edcula formada por m\u00f3dulos de 90 \u00d7 90 cent\u00edmetros como base para organizar la distribuci\u00f3n de las estancias, definir sus proporciones y adaptar la vivienda al perfil irregular del acantilado.<\/strong> Aunque el visitante nunca llegue a percibirla, est\u00e1 presente en cada recorrido y en la manera en que los espacios se relacionan entre s\u00ed. <strong>Las largas losas horizontales prolongan visualmente la l\u00ednea del horizonte, mientras que el l\u00edmite entre el interior y el exterior se difumina hasta el punto de que la arquitectura parece formar parte del propio paisaje.<\/strong><\/p>\n<p><img decoding=\"async\" alt=\"terrazza sul mare\" loading=\"lazy\" class=\"ResponsiveImageContainer-dkeESL cQPiWi responsive-image__image\"   src=\"https:\/\/www.europesays.com\/es\/wp-content\/uploads\/2026\/06\/LAU_3966-HDR-2%20copia.jpg\"\/><\/p>\n<p>Las aperturas de suelo a techo y la continuidad de los materiales diluyen la frontera entre la casa y el mar.<\/p>\n<p>\u00a9 Laura Crucitti.<img decoding=\"async\" alt=\"Ventanales en dormitorio\" loading=\"lazy\" class=\"ResponsiveImageContainer-dkeESL cQPiWi responsive-image__image\"   src=\"https:\/\/www.europesays.com\/es\/wp-content\/uploads\/2026\/06\/LAU_4377-HDR%20copia.jpg\"\/><\/p>\n<p>La relaci\u00f3n con el paisaje no termina en las terrazas: tambi\u00e9n define la atm\u00f3sfera de los espacios interiores.<\/p>\n<p>\u00a9 Laura Crucitti.<\/p>\n","protected":false},"excerpt":{"rendered":"La mejor decisi\u00f3n de esta casa en la playa fue no olvidar la idea con la que naci\u00f3&hellip;\n","protected":false},"author":2,"featured_media":632387,"comment_status":"","ping_status":"","sticky":false,"template":"","format":"standard","meta":{"footnotes":""},"categories":[173],"tags":[229,233,231,230,1530,232,33065,234,146,147,25,24,23,12443],"class_list":["post-632386","post","type-post","status-publish","format-standard","has-post-thumbnail","category-arte-y-diseno","tag-arte","tag-arte-y-diseno","tag-arts","tag-arts-and-design","tag-casas-ad","tag-design","tag-digital_syndication","tag-diseno","tag-entertainment","tag-entretenimiento","tag-es","tag-espana","tag-spain","tag-splitscreenimageleftfullbleed"],"share_on_mastodon":{"url":"https:\/\/pubeurope.com\/@es\/116834355694569711","error":""},"_links":{"self":[{"href":"https:\/\/www.europesays.com\/es\/wp-json\/wp\/v2\/posts\/632386","targetHints":{"allow":["GET"]}}],"collection":[{"href":"https:\/\/www.europesays.com\/es\/wp-json\/wp\/v2\/posts"}],"about":[{"href":"https:\/\/www.europesays.com\/es\/wp-json\/wp\/v2\/types\/post"}],"author":[{"embeddable":true,"href":"https:\/\/www.europesays.com\/es\/wp-json\/wp\/v2\/users\/2"}],"replies":[{"embeddable":true,"href":"https:\/\/www.europesays.com\/es\/wp-json\/wp\/v2\/comments?post=632386"}],"version-history":[{"count":0,"href":"https:\/\/www.europesays.com\/es\/wp-json\/wp\/v2\/posts\/632386\/revisions"}],"wp:featuredmedia":[{"embeddable":true,"href":"https:\/\/www.europesays.com\/es\/wp-json\/wp\/v2\/media\/632387"}],"wp:attachment":[{"href":"https:\/\/www.europesays.com\/es\/wp-json\/wp\/v2\/media?parent=632386"}],"wp:term":[{"taxonomy":"category","embeddable":true,"href":"https:\/\/www.europesays.com\/es\/wp-json\/wp\/v2\/categories?post=632386"},{"taxonomy":"post_tag","embeddable":true,"href":"https:\/\/www.europesays.com\/es\/wp-json\/wp\/v2\/tags?post=632386"}],"curies":[{"name":"wp","href":"https:\/\/api.w.org\/{rel}","templated":true}]}}