{"id":632538,"date":"2026-06-29T18:22:18","date_gmt":"2026-06-29T18:22:18","guid":{"rendered":"https:\/\/www.europesays.com\/es\/632538\/"},"modified":"2026-06-29T18:22:18","modified_gmt":"2026-06-29T18:22:18","slug":"las-nuevas-normas-para-los-ciclistas-tras-la-actualizacion-del-reglamento-general-de-circulacion","status":"publish","type":"post","link":"https:\/\/www.europesays.com\/es\/632538\/","title":{"rendered":"Las nuevas normas para los ciclistas tras la actualizaci\u00f3n del Reglamento General de Circulaci\u00f3n"},"content":{"rendered":"<p class=\"article-text\">\n        Obligatoriedad de casco en v\u00edas interurbanas, puesta del chaleco reflectante en el caso de los profesionales y distancias m\u00e1s seguras en el caso de adelantamiento de un veh\u00edculo. Esas son algunas de las <strong>novedades<\/strong> impulsadas por la <a href=\"https:\/\/www.eldiario.es\/temas\/dgt\/\" target=\"_blank\" data-mrf-recirculation=\"links-noticia\" class=\"link\" rel=\"nofollow noopener\">Direcci\u00f3n General de Tr\u00e1fico<\/a> (DGT) y aprobadas por el Consejo de Ministros, que ha dado luz verde a la actualizaci\u00f3n del Reglamento General de Circulaci\u00f3n.\u00a0\n    <\/p>\n<p>    <a href=\"https:\/\/www.eldiario.es\/motor\/practica-patinete-electrico-costarte-multa-100-euros-dgt-pm_1_13290138.html\" data-mrf-recirculation=\"saber-mas\" data-dl-event=\"saber-mas\" rel=\"nofollow noopener\" target=\"_blank\"><\/p>\n<p class=\"know-more__title\">La pr\u00e1ctica en patinete el\u00e9ctrico que puede costarte una multa de 100 euros, seg\u00fan la DGT<\/p>\n<p>            <img decoding=\"async\" class=\"lazy\" loading=\"lazy\" data-src=\"https:\/\/static.eldiario.es\/clip\/12320cc2-25fb-4a75-a5f1-62911a735f47_16-9-aspect-ratio_default_0.jpg\" src=\"data:image\/svg+xml,%3Csvg xmlns=\" http:=\"\" viewbox=\"0 0 880 495\" alt=\"La pr\u00e1ctica en patinete el\u00e9ctrico que puede costarte una multa de 100 euros, seg\u00fan la DGT\"\/><\/p>\n<p>                        <\/a><\/p>\n<p class=\"article-text\">\n        Pero, <strong>\u00bfpor qu\u00e9 cambian las normas para ciclistas? <\/strong>Tr\u00e1fico lo justifica por el cambio de visi\u00f3n de la movilidad que se ha producido en los \u00faltimos veinte a\u00f1os, \u201cen los que se ha pasado de un enfoque centrado en la carretera y en el veh\u00edculo a otro que lo hace en las personas y los entornos urbanos\u201d.\n    <\/p>\n<p class=\"article-text\">\n        En ese sentido, cada vez m\u00e1s usuarios apuestan por <strong>moverse en bicicleta<\/strong>. Tambi\u00e9n han irrumpido con fuerza los Veh\u00edculos de Movilidad Personal (VMP), siendo los <a href=\"https:\/\/www.eldiario.es\/motor\/partir-15-anos-casco-afectan-cambios-reglamento-general-circulacion-patinetes-pm_1_13332246.html\" target=\"_blank\" data-mrf-recirculation=\"links-noticia\" class=\"link\" rel=\"nofollow noopener\">patinetes el\u00e9ctricos<\/a> el grupo m\u00e1s numeroso.\u00a0\n    <\/p>\n<blockquote class=\"instagram-media\" data-instgrm-version=\"14\" data-instgrm-permalink=\"https:\/\/www.instagram.com\/p\/DZ7UmxMiioR\/\" data-instgrm-captioned=\"\"\/>\n<p class=\"article-text\">\n        Por eso, por primera vez, el Reglamento General de Circulaci\u00f3n recoge una definici\u00f3n de <strong>\u201cusuario vulnerable de la v\u00eda\u201d<\/strong>, aquel que, por raz\u00f3n del medio de desplazamiento que utiliza o por las caracter\u00edsticas f\u00edsicas del grupo de edad al que pertenece, tiene un mayor riesgo de sufrir lesiones en caso de accidente de tr\u00e1fico o que estas sean de mayor gravedad. Y las normas para los mismos se recogen en el <a href=\"https:\/\/www.boe.es\/diario_boe\/txt.php?id=BOE-A-2026-13889\" target=\"_blank\" data-mrf-recirculation=\"links-noticia\" class=\"link\" rel=\"nofollow noopener\">T\u00edtulo VI<\/a>.\u00a0\n    <\/p>\n<p>    <strong>Casco, chaleco y separaci\u00f3n<\/strong><\/p>\n<p class=\"article-text\">\n        En la nueva actualizaci\u00f3n del Reglamento General de Circulaci\u00f3n, se establecen nuevas <strong>normas<\/strong> en el caso de ciclistas:\u00a0\n    <\/p>\n<p class=\"article-text\">\n        Respecto a material de protecci\u00f3n, <strong>se suprimen las exenciones de uso del casco<\/strong> y todos los ciclistas deber\u00e1n llevarlo en v\u00edas interurbanas. Sin excepci\u00f3n. Adem\u00e1s, aquellos ciclistas que desarrollen su actividad profesional en este veh\u00edculo, como el caso de riders, deber\u00e1n hacer uso en todo momento de chaleco reflectante. Si se incumple, ambas situaciones se considerar\u00e1n como una infracci\u00f3n grave y acarrear\u00e1 una sanci\u00f3n econ\u00f3mica de 200 euros.\n    <\/p>\n<p class=\"article-text\">\n        Tambi\u00e9n se establecen <strong>l\u00edmites para los adelantamientos de ciclistas<\/strong>. En el caso de v\u00eda interurbana, el conductor deber\u00e1 reducir la velocidad en, al menos, 20 kil\u00f3metros por hora respecto al l\u00edmite existente en la v\u00eda. Adem\u00e1s, en calzadas con m\u00e1s de un carril por sentido, el conductor que adelanta debe cambiar completamente de carril, adem\u00e1s de dejar la separaci\u00f3n lateral de 1,5 metros.\n    <\/p>\n<p>            <img decoding=\"async\" class=\"lazy\" loading=\"lazy\" data-src=\"https:\/\/static.eldiario.es\/clip\/02214f97-49c1-4acc-b39f-1c0b3ac72afa_16-9-discover-aspect-ratio_default_0.jpg\" src=\"data:image\/svg+xml,%3Csvg xmlns=\" http:=\"\" viewbox=\"0 0 1200 675\" alt=\"Archivo - Un rider de la empresa de reparto de comida a domicilio Glovo\"\/><\/p>\n<p class=\"article-text\">\n        En el caso de<strong> v\u00edas urbanas<\/strong>, los ciclistas circular\u00e1n preferentemente por el centro del carril para mejorar su seguridad. Aqu\u00ed, la norma se endurece para los conductores de veh\u00edculos a motor, que deber\u00e1n dejar una separaci\u00f3n m\u00ednima de cinco metros con los ciclistas que les precedan en el mismo carril.\n    <\/p>\n<p class=\"article-text\">\n        En aquellas de <strong>un solo carril <\/strong>donde est\u00e9 limitada la velocidad a 30 kil\u00f3metros por hora o inferior, y previa se\u00f1alizaci\u00f3n, la autoridad municipal podr\u00e1 permitir la circulaci\u00f3n de las bicicletas en los dos sentidos de circulaci\u00f3n.\n    <\/p>\n<p>    <a href=\"https:\/\/www.eldiario.es\/motor\/espana-cambia-normas-baliza-v16-conectada-nuevo-decreto-trafico-movilidad-pm_1_13286647.html\" data-mrf-recirculation=\"saber-mas-abajo\" data-dl-event=\"saber-mas-abajo\" rel=\"nofollow noopener\" target=\"_blank\"><\/p>\n<p class=\"know-more__title\">Espa\u00f1a cambia las normas de la baliza V16 conectada con un nuevo decreto sobre tr\u00e1fico y movilidad\n<\/p>\n<p>            <img decoding=\"async\" class=\"lazy\" loading=\"lazy\" data-src=\"https:\/\/static.eldiario.es\/clip\/07182573-d0ba-407b-99ef-3b96e88b5af3_16-9-aspect-ratio_default_0.jpg\" src=\"data:image\/svg+xml,%3Csvg xmlns=\" http:=\"\" viewbox=\"0 0 880 495\" alt=\"Espa\u00f1a cambia las normas de la baliza V16 conectada con un nuevo decreto sobre tr\u00e1fico y movilidad\"\/><\/p>\n<p>                        <\/a><\/p>\n<p class=\"article-text\">\n        De acuerdo con la DGT, estos cambios en el Reglamento General de Circulaci\u00f3n entrar\u00e1n <strong>en vigor el pr\u00f3ximo 1 de octubre<\/strong>.\u00a0\n    <\/p>\n<p>                                        <script async src=\"\/\/www.instagram.com\/embed.js\"><\/script><\/p>\n","protected":false},"excerpt":{"rendered":"Obligatoriedad de casco en v\u00edas interurbanas, puesta del chaleco reflectante en el caso de los profesionales y distancias&hellip;\n","protected":false},"author":2,"featured_media":632539,"comment_status":"","ping_status":"","sticky":false,"template":"","format":"standard","meta":{"footnotes":""},"categories":[273],"tags":[11239,313,2838,7085,312,168,25,24,3015,17437,2860,2678,20687,23,167],"class_list":["post-632538","post","type-post","status-publish","format-standard","has-post-thumbnail","category-ciclismo","tag-actualizacion","tag-ciclismo","tag-ciclistas","tag-circulacion","tag-cycling","tag-deportes","tag-es","tag-espana","tag-general","tag-normas","tag-nuevas","tag-pm","tag-reglamento","tag-spain","tag-sports"],"share_on_mastodon":{"url":"https:\/\/pubeurope.com\/@es\/116834792022223526","error":""},"_links":{"self":[{"href":"https:\/\/www.europesays.com\/es\/wp-json\/wp\/v2\/posts\/632538","targetHints":{"allow":["GET"]}}],"collection":[{"href":"https:\/\/www.europesays.com\/es\/wp-json\/wp\/v2\/posts"}],"about":[{"href":"https:\/\/www.europesays.com\/es\/wp-json\/wp\/v2\/types\/post"}],"author":[{"embeddable":true,"href":"https:\/\/www.europesays.com\/es\/wp-json\/wp\/v2\/users\/2"}],"replies":[{"embeddable":true,"href":"https:\/\/www.europesays.com\/es\/wp-json\/wp\/v2\/comments?post=632538"}],"version-history":[{"count":0,"href":"https:\/\/www.europesays.com\/es\/wp-json\/wp\/v2\/posts\/632538\/revisions"}],"wp:featuredmedia":[{"embeddable":true,"href":"https:\/\/www.europesays.com\/es\/wp-json\/wp\/v2\/media\/632539"}],"wp:attachment":[{"href":"https:\/\/www.europesays.com\/es\/wp-json\/wp\/v2\/media?parent=632538"}],"wp:term":[{"taxonomy":"category","embeddable":true,"href":"https:\/\/www.europesays.com\/es\/wp-json\/wp\/v2\/categories?post=632538"},{"taxonomy":"post_tag","embeddable":true,"href":"https:\/\/www.europesays.com\/es\/wp-json\/wp\/v2\/tags?post=632538"}],"curies":[{"name":"wp","href":"https:\/\/api.w.org\/{rel}","templated":true}]}}