{"id":632606,"date":"2026-06-29T19:08:12","date_gmt":"2026-06-29T19:08:12","guid":{"rendered":"https:\/\/www.europesays.com\/es\/632606\/"},"modified":"2026-06-29T19:08:12","modified_gmt":"2026-06-29T19:08:12","slug":"paul-seixas-a-darlo-todo-para-lograr-el-mejor-resultado-posible-en-el-tour-de-francia-esciclismo","status":"publish","type":"post","link":"https:\/\/www.europesays.com\/es\/632606\/","title":{"rendered":"Paul Seixas, &quot;a darlo todo para lograr el mejor resultado posible&quot; en el Tour de Francia &#8211; Esciclismo"},"content":{"rendered":"<ol>\n<li><a href=\"https:\/\/news.google.com\/rss\/articles\/CBMiakFVX3lxTE9sVTFvb3pSY2Jmc1JBTXFuYWIwQTktN1hXaXBScTJnUHFBaUpsZ21WOFBjZXc5THlmMnZleFVZX0xuZjg1VWU4bmdJdUFtSWY2NVFsc1NWVEFNTnA1dmhBYXFOek5LRVJYUWc?oc=5\" target=\"_blank\" rel=\"nofollow noopener\">Paul Seixas, \u00aba darlo todo para lograr el mejor resultado posible\u00bb en el Tour de Francia<\/a>&nbsp;&nbsp;Esciclismo<\/li>\n<li><a href=\"https:\/\/news.google.com\/rss\/articles\/CBMi7wFBVV95cUxNZnZEQTVNRUdTUEtuMjVoam15MjVaaXB1T01pLWJDU1FlUS1QbVZuSVlub3RmemloRlBEbXRURy1ZQndYdjVtVGNtMEVEaVlxeVVzVDFsRFR0YldaRkhHdUZSTk1XZW1GZFB6VEt4ODdPYWcxbzIzVVJsU1BYRWVYX0RTYkItM3J3c2xXU3BpS0RUbTlxdWRmZnpRTHctWFdSbXl4emFzZERVY2lSWFVWUDhLU0RXeXBYRFJMcFk2NVV1SGZJYlVRaHljaEM4R1dOdDFnenFTU3QtN0RJallENnNoRnFTQ29zOWtfUUlacw?oc=5\" target=\"_blank\" rel=\"nofollow noopener\">Decathlon arropa a Seixas: Su equipo para debutar y pelear por todo contra Pogacar y Vingegaard<\/a>&nbsp;&nbsp;Eurosport<\/li>\n<li><a href=\"https:\/\/news.google.com\/rss\/articles\/CBMi_gFBVV95cUxQcWpDMU83QlBzRHhXM3hHNVZMZk55eWF6OVpRVXBqaW1MWUVkV3dZUjlDX1Q4QVBNRWktbnU0dVEwdXYwbzdteHFYUDRYT19BR3RvNUNSaTY1T1pyeE1aZVF0R0JzRnBhN1RpaGx5OTc2V2dhUDZUQ1RlczV4WnZKWHFYYkRidHV0Z2NyRTV2Q3d2Y0ludUJoUVhDZnJLRzVKMHNEajlIQmlubWlWTy04UUkzMUswWGdXNmtjWWdjUVdFV2dHZDJ6ME1MUlJiTVJGUjNkUmdCTTNFQUJxelNWQTNqMU5TY3d3SzhjcWNuRWVSajl6RFVRU1Ixd1dIZ9IBgwJBVV95cUxONmNuODl0SlVjOHl3b1pFTzU2dDBZTTJOY0p6M3lJNTBObFZteDFzTk9WRnVOcjZHaHV5bW0wRTFDRFBzSGdZdkpLdXFQanVwb1JjR0ZXT2ZtLUlNRnFMLWtTTVcybTQ4YmdkSTY3ZzFCM2MydXh6d2RTX2V5MDk3R09yRGIySFk5cWE4Q0RZVGpnNUZIYzVPcGxkVGNtWFU3Mm40cUlWNk40bEs1UGZBX2w2R3BYUFBsSGxvYTB5OGlMS01TWHNvSWxDbkxqeDdOYlNPRHlxVVVRUmRRYU9jLS1JbXpuNVZkZlgzZkJhZnNobE41UTdPRmVsMG1lVWVmdC1N?oc=5\" target=\"_blank\" rel=\"nofollow noopener\">Seixas, el debut m\u00e1s esperado del Tour: \u00abEspero ser protagonista, seguir mejorando y disfrutar\u00bb<\/a>&nbsp;&nbsp;sportlife.es<\/li>\n<li><a href=\"https:\/\/news.google.com\/rss\/articles\/CBMi9wFBVV95cUxNeXFiUlJtNlRGN0FTWnktZVFWb2gycVJSSGhFcVhKMnNhODFsTDYtc1NMR2cwT1d5VDNFbWN4bk91YkdPS09Cdi1CMHRMSWlVRzE1WjcwTmlZOGRmQ1hYTE1jVjh4NTZsb0ZrWnNWamtDX1U1T2IwMVpGYi12VEllYXZSTk9NdW9UWkhkbFdjUVlIYTczSVZienR5SjFQeE0zc255bWZGTUVUcG9mTGFIMElPYTFRQjdyWHQ1aVFoRmZIU3o2Z0ZHbjhoeFFoWnVlX01JdjU4TjJLQ1JMeGxWaHlEUDBsQldHQ282YVQ5N2hxQWxuYVE4?oc=5\" target=\"_blank\" rel=\"nofollow noopener\">\u201cHay que protegerlo\u201d: Vincenzo Nibali duda si es buena idea que Paul Seixas debute ya en el Tour de Francia<\/a>&nbsp;&nbsp;Ciclismoaldia.es<\/li>\n<li><a href=\"https:\/\/news.google.com\/rss\/articles\/CBMilwFBVV95cUxQcGdRUHMyY2FjWFNtY2lGNERHWHFiZWJGQ2pMaGhENThVaHpNSlZkN3E1NG5ESnI5M19uNmxwaDZyUURDOGphSm9OSGlMNjF3VjJOV002bTBsU1EwUTFuSlFpX0pXRUstUjh0S3RUek5FZjdkMXRIRW40RG1tckRMS0QwUmhtRmxQR1B6a2J6OXBRbFZvTGVJ?oc=5\" target=\"_blank\" rel=\"nofollow noopener\">El Decathlon desaf\u00eda la l\u00f3gica del Tour con dos debutantes como l\u00edderes: este es el equipo al completo del Decathlon CMA CGM<\/a>&nbsp;&nbsp;Brujulabike.com<\/li>\n<\/ol>\n","protected":false},"excerpt":{"rendered":"Paul Seixas, \u00aba darlo todo para lograr el mejor resultado posible\u00bb en el Tour de Francia&nbsp;&nbsp;Esciclismo Decathlon arropa&hellip;\n","protected":false},"author":2,"featured_media":632607,"comment_status":"","ping_status":"","sticky":false,"template":"","format":"standard","meta":{"footnotes":""},"categories":[273],"tags":[10605,380,988,20072,104675,210,115860,4357,313,312,15109,168,2197,158,25,24,2172,1820,317,699,4645,2629,5564,25750,7707,1684,9,9359,2397,3444,5814,1367,8315,117247,3397,30676,523,23,167,1152,316],"class_list":["post-632606","post","type-post","status-publish","format-standard","has-post-thumbnail","category-ciclismo","tag-a","tag-al","tag-anos","tag-atracciones","tag-auvernia","tag-barcelona","tag-boucle","tag-caida","tag-ciclismo","tag-cycling","tag-decathlon","tag-deportes","tag-edicion","tag-el","tag-es","tag-espana","tag-especiales","tag-frances","tag-francia","tag-grande","tag-grandes","tag-lanza","tag-lider","tag-luchar","tag-lyon","tag-mejor","tag-news","tag-paul","tag-posible","tag-proximo","tag-resultado","tag-retirada","tag-revelacion","tag-rodano","tag-sabado","tag-seixas","tag-sera","tag-spain","tag-sports","tag-temporada","tag-tour"],"share_on_mastodon":{"url":"https:\/\/pubeurope.com\/@es\/116834972585715192","error":""},"_links":{"self":[{"href":"https:\/\/www.europesays.com\/es\/wp-json\/wp\/v2\/posts\/632606","targetHints":{"allow":["GET"]}}],"collection":[{"href":"https:\/\/www.europesays.com\/es\/wp-json\/wp\/v2\/posts"}],"about":[{"href":"https:\/\/www.europesays.com\/es\/wp-json\/wp\/v2\/types\/post"}],"author":[{"embeddable":true,"href":"https:\/\/www.europesays.com\/es\/wp-json\/wp\/v2\/users\/2"}],"replies":[{"embeddable":true,"href":"https:\/\/www.europesays.com\/es\/wp-json\/wp\/v2\/comments?post=632606"}],"version-history":[{"count":0,"href":"https:\/\/www.europesays.com\/es\/wp-json\/wp\/v2\/posts\/632606\/revisions"}],"wp:featuredmedia":[{"embeddable":true,"href":"https:\/\/www.europesays.com\/es\/wp-json\/wp\/v2\/media\/632607"}],"wp:attachment":[{"href":"https:\/\/www.europesays.com\/es\/wp-json\/wp\/v2\/media?parent=632606"}],"wp:term":[{"taxonomy":"category","embeddable":true,"href":"https:\/\/www.europesays.com\/es\/wp-json\/wp\/v2\/categories?post=632606"},{"taxonomy":"post_tag","embeddable":true,"href":"https:\/\/www.europesays.com\/es\/wp-json\/wp\/v2\/tags?post=632606"}],"curies":[{"name":"wp","href":"https:\/\/api.w.org\/{rel}","templated":true}]}}