{"id":632880,"date":"2026-06-29T23:02:13","date_gmt":"2026-06-29T23:02:13","guid":{"rendered":"https:\/\/www.europesays.com\/es\/632880\/"},"modified":"2026-06-29T23:02:13","modified_gmt":"2026-06-29T23:02:13","slug":"la-fallecida-en-el-atropello-de-navarreria-trabajaba-como-administrativa-en-el-colegio-liceo-monjardin","status":"publish","type":"post","link":"https:\/\/www.europesays.com\/es\/632880\/","title":{"rendered":"La fallecida en el atropello de Navarrer\u00eda trabajaba como administrativa en el colegio Liceo Monjard\u00edn"},"content":{"rendered":"<p>\n        La mujer fallecida en el <a href=\"https:\/\/www.noticiasdenavarra.com\/sucesos\/2026\/06\/28\/atropelladas-camion-navarreria-fallecida-cuatro-heridas-dos-graves-11259475.html\" title=\"atropello m\u00faltiple de la calle Navarrer\u00eda de Pamplona\" class=\"link copy\" rel=\"nofollow noopener\" target=\"_blank\">atropello m\u00faltiple de la calle Navarrer\u00eda de Pamplona<\/a>, <strong>Aintzane L\u00f3pez Azcona, de 30 a\u00f1os de edad y vecina de la capital navarra<\/strong>, era trabajadora en el <strong>colegio Liceo Monjard\u00edn<\/strong>, donde comenz\u00f3 a trabajar a principios de este curso como <strong>auxiliar administrativa<\/strong>. Soltera y sin hijos, ten\u00eda un hermano.\n<\/p>\n<p class=\"article-body__text \">\n        La fallecida, que siempre estaba dispuesta a ayudar en todo lo que pudiera y siempre ten\u00eda una sonrisa en la cara, seg\u00fan han destacado personas pr\u00f3ximas,<strong> se cri\u00f3 y vivi\u00f3 toda su vida en el barrio de la Rochapea<\/strong>, donde a\u00fan residen sus padres.\n<\/p>\n<p>  Faceta art\u00edstica<\/p>\n<p class=\"article-body__text \">\n        Estudi\u00f3 en el <strong>colegio Dominicas de Pamplona<\/strong> y desarroll\u00f3 una faceta art\u00edstica, llegando a realizar una <strong>exposici\u00f3n de arte en la Casa de la Juventud en 2024<\/strong> bajo el seud\u00f3nimo <strong>LOAZ<\/strong>, en referencia a sus apellidos.\n<\/p>\n<p class=\"article-body__text \">\n        Los <strong>funerales<\/strong> por la joven se celebrar\u00e1n <strong>este mi\u00e9rcoles, a las 19.00 horas<\/strong>, en la <strong>iglesia parroquial de El Salvador<\/strong>, situada en el barrio pamplon\u00e9s de la <strong>Rochapea<\/strong>. La <strong>conducci\u00f3n al cementerio<\/strong> se producir\u00e1 este mismo mi\u00e9rcoles por la ma\u00f1ana, a las <strong>10.45 horas<\/strong>, desde el <strong>Tanatorio Irache de <\/strong><a href=\"https:\/\/www.noticiasdenavarra.com\/tags\/ansoain\/\" title=\"Anso\u00e1in\" target=\"_blank\" class=\"link copy\" rel=\"nofollow noopener\">Anso\u00e1in<\/a>.<\/p>\n","protected":false},"excerpt":{"rendered":"La mujer fallecida en el atropello m\u00faltiple de la calle Navarrer\u00eda de Pamplona, Aintzane L\u00f3pez Azcona, de 30&hellip;\n","protected":false},"author":2,"featured_media":632881,"comment_status":"","ping_status":"","sticky":false,"template":"","format":"standard","meta":{"footnotes":""},"categories":[8],"tags":[117295,20386,17,18,42658,25,24,6038,13,14,11,19,20,117067,9,10,15,16,23,12,21,22],"class_list":["post-632880","post","type-post","status-publish","format-standard","has-post-thumbnail","category-espana","tag-administrativa","tag-atropello","tag-breaking-news","tag-breakingnews","tag-colegio","tag-es","tag-espana","tag-fallecida","tag-featured-news","tag-featurednews","tag-headlines","tag-latest-news","tag-latestnews","tag-navarreria","tag-news","tag-noticias","tag-noticias-destacadas","tag-noticiasdestacadas","tag-spain","tag-titulares","tag-ultimas-noticias","tag-ultimasnoticias"],"share_on_mastodon":{"url":"https:\/\/pubeurope.com\/@es\/116835893072618864","error":""},"_links":{"self":[{"href":"https:\/\/www.europesays.com\/es\/wp-json\/wp\/v2\/posts\/632880","targetHints":{"allow":["GET"]}}],"collection":[{"href":"https:\/\/www.europesays.com\/es\/wp-json\/wp\/v2\/posts"}],"about":[{"href":"https:\/\/www.europesays.com\/es\/wp-json\/wp\/v2\/types\/post"}],"author":[{"embeddable":true,"href":"https:\/\/www.europesays.com\/es\/wp-json\/wp\/v2\/users\/2"}],"replies":[{"embeddable":true,"href":"https:\/\/www.europesays.com\/es\/wp-json\/wp\/v2\/comments?post=632880"}],"version-history":[{"count":0,"href":"https:\/\/www.europesays.com\/es\/wp-json\/wp\/v2\/posts\/632880\/revisions"}],"wp:featuredmedia":[{"embeddable":true,"href":"https:\/\/www.europesays.com\/es\/wp-json\/wp\/v2\/media\/632881"}],"wp:attachment":[{"href":"https:\/\/www.europesays.com\/es\/wp-json\/wp\/v2\/media?parent=632880"}],"wp:term":[{"taxonomy":"category","embeddable":true,"href":"https:\/\/www.europesays.com\/es\/wp-json\/wp\/v2\/categories?post=632880"},{"taxonomy":"post_tag","embeddable":true,"href":"https:\/\/www.europesays.com\/es\/wp-json\/wp\/v2\/tags?post=632880"}],"curies":[{"name":"wp","href":"https:\/\/api.w.org\/{rel}","templated":true}]}}