{"id":632884,"date":"2026-06-29T23:08:34","date_gmt":"2026-06-29T23:08:34","guid":{"rendered":"https:\/\/www.europesays.com\/es\/632884\/"},"modified":"2026-06-29T23:08:34","modified_gmt":"2026-06-29T23:08:34","slug":"ceremonia-de-entrega-de-premios-en-talavera-torneos-de-tenis-la-salle-y-reconocimientos-2025-2026","status":"publish","type":"post","link":"https:\/\/www.europesays.com\/es\/632884\/","title":{"rendered":"Ceremonia de Entrega de Premios en Talavera: Torneos de Tenis La Salle y Reconocimientos 2025-2026"},"content":{"rendered":"<p>El sal\u00f3n de actos del Colegio La Salle acogi\u00f3 este domingo la<strong> ceremonia de entrega de premios<\/strong> de cuatro de los torneos de <a title=\"Tenis\" href=\"https:\/\/www.lavozdeltajo.com\/tag\/tenis\" target=\"_blank\" rel=\"noopener noreferrer nofollow\">tenis<\/a> con mayor tradici\u00f3n de <a title=\"Talavera de la Reina\" href=\"https:\/\/www.lavozdeltajo.com\/tag\/talavera-de-la-reina\" target=\"_blank\" rel=\"noopener noreferrer nofollow\">Talavera de la Reina<\/a>, en un acto que sirvi\u00f3 adem\u00e1s para poner el broche al curso 2025-2026 de la Escuela de Tenis Talavera y de la Escuela de Tenis Los Alcores.<\/p>\n<p><strong>La gala reuni\u00f3<\/strong> a jugadores, familias, entrenadores y representantes institucionales para reconocer el esfuerzo de los participantes y premiar a los vencedores del LIV Torneo de Tenis La Salle, el XXIV Torneo Ciudad de la Cer\u00e1mica &#8216;Memorial Tiburcio Serrano&#8217;, el XIX Open de Primavera Ciudad de Talavera &#8216;Segundo Esteban San Juan&#8217; y el XIV Torneo de Veteranos &#8216;Juli\u00e1n Rubio&#8217;.<\/p>\n<p>Entre los asistentes se encontraban los Hermanos de La Salle, <strong>Celestino y Emilio<\/strong>; el representante del centro educativo <strong>\u00d3scar Casillas<\/strong>; y el concejal de Deportes del Ayuntamiento de Talavera de la Reina,<strong> Antonio N\u00fa\u00f1ez<\/strong>, quien felicit\u00f3 a los deportistas y puso en valor el trabajo que realizan las escuelas de tenis en la formaci\u00f3n de j\u00f3venes jugadores y en la promoci\u00f3n del deporte base en la ciudad.<\/p>\n<p>El acto tuvo tambi\u00e9n un marcado car\u00e1cter de <strong>homenaje<\/strong> a quienes contribuyeron al desarrollo del tenis talaverano. Estuvieron presentes el presidente de honor del Club Tenis Talavera, Frutos Mu\u00f1oz; Juli\u00e1n Rubio; y la familia de Segundo Esteban San Juan, representada por su viuda, Rosa. La Escuela de Tenis Talavera cont\u00f3 adem\u00e1s con una amplia representaci\u00f3n de su equipo t\u00e9cnico, integrado por David Sainz, Nicol\u00e1s Marassi, Alberto Soria Jr. y Adriana G\u00f3mez.<\/p>\n<p>La ceremonia fue presentada por <strong>Sandra Jim\u00e9nez<\/strong>, integrante del equipo t\u00e9cnico de la Escuela de Tenis Talavera y recientemente incorporada al profesorado del Colegio La Salle, quien condujo el acto durante la entrega de los numerosos galardones.<\/p>\n<p>Durante la jornada tambi\u00e9n se record\u00f3 a <strong>Tiburcio Serrano<\/strong>, cuya familia no pudo asistir por motivos familiares de \u00faltima hora. Del mismo modo, el director de las Escuelas de Tenis Talavera y Los Alcores y principal organizador del evento, <strong>Bene Tapetado<\/strong>, estuvo ausente por prescripci\u00f3n m\u00e9dica.<\/p>\n<p>Adem\u00e1s de los campeones de las distintas competiciones, las escuelas distinguieron a los<strong> alumnos m\u00e1s destacados del curso 2025-2026<\/strong>, que recibieron un diploma y una medalla honor\u00edfica como reconocimiento a su progresi\u00f3n deportiva y compromiso. Asimismo, se entreg\u00f3 una distinci\u00f3n especial a las dos j\u00f3venes raquetas con mayor proyecci\u00f3n de los \u00faltimos a\u00f1os, Sof\u00eda Fern\u00e1ndez y David Escudero. Ninguno de los dos pudo recoger personalmente el reconocimiento al encontrarse compitiendo: Fern\u00e1ndez regresaba de conquistar un torneo internacional en A Coru\u00f1a, mientras que Escudero participaba en Zaragoza en el Campeonato de Espa\u00f1a j\u00fanior por equipos.<\/p>\n<p>La ceremonia concluy\u00f3 con una <strong>fotograf\u00eda de familia y la despedida oficial<\/strong> hasta el pr\u00f3ximo mes de septiembre, cuando comenzar\u00e1 un nuevo curso. No obstante, las Escuelas de Tenis Talavera y Los Alcores mantendr\u00e1n su actividad durante el verano con sus programas especiales de formaci\u00f3n.<\/p>\n<p>PRINCIPALES CAMPEONES<\/p>\n<p>En el <strong>XXIV Torneo Ciudad de la Cer\u00e1mica &#8216;Memorial Tiburcio Serrano&#8217;<\/strong> se proclamaron campeones Biel Torres (benjam\u00edn masculino), Laura Rodrigo (alev\u00edn femenino), Iv\u00e1n Paniagua (alev\u00edn masculino), Irene Rodrigo (infantil femenino) y Jorge P\u00e9rez (infantil masculino).<\/p>\n<p>En el<strong> XIX Open de Primavera &#8216;Segundo Esteban San Juan&#8217;<\/strong> vencieron Luis Miguel Rodr\u00edguez (infantil masculino), \u00c1lvaro Berzocana (cadete masculino) y David Le\u00f3n (absoluto).<\/p>\n<p>El<strong> XIV Torneo de Veteranos &#8216;Juli\u00e1n Rubio&#8217;<\/strong> tuvo como campe\u00f3n a David Le\u00f3n.<\/p>\n<p>Por su parte, el <strong>LIV Torneo de Tenis La Salle<\/strong> dej\u00f3 como vencedores a Roberto Nevado (infantil masculino), \u00c1lvaro Berzocana (cadete y j\u00fanior masculino), David Le\u00f3n (veteranos y absoluto masculino), Martina de la Llave (infantil femenino), Rosa Cabrera (absoluto femenino) y la pareja formada por David Le\u00f3n y Marcos Jim\u00e9nez en la modalidad de dobles.<\/p>\n<p><img decoding=\"async\" src=\"https:\/\/www.europesays.com\/es\/wp-content\/uploads\/2026\/06\/IMG-20260628-WA0059201.jpg\" border=\"0\" width=\"1024\" loading=\"lazy\"\/><img decoding=\"async\" src=\"https:\/\/www.europesays.com\/es\/wp-content\/uploads\/2026\/06\/IMG-20260628-WA0052.jpg\" border=\"0\" width=\"1024\" loading=\"lazy\"\/><img decoding=\"async\" src=\"https:\/\/www.europesays.com\/es\/wp-content\/uploads\/2026\/06\/IMG-20260628-WA0018.jpg\" border=\"0\" width=\"1024\" loading=\"lazy\"\/><img decoding=\"async\" src=\"https:\/\/www.europesays.com\/es\/wp-content\/uploads\/2026\/06\/IMG-20260628-WA0053.jpg\" border=\"0\" width=\"1024\" loading=\"lazy\"\/><img decoding=\"async\" src=\"https:\/\/www.europesays.com\/es\/wp-content\/uploads\/2026\/06\/IMG-20260628-WA0029.jpg\" border=\"0\" width=\"1024\" loading=\"lazy\"\/><img decoding=\"async\" src=\"https:\/\/www.europesays.com\/es\/wp-content\/uploads\/2026\/06\/IMG-20260628-WA0051.jpg\" border=\"0\" width=\"1024\" loading=\"lazy\"\/><img decoding=\"async\" src=\"https:\/\/www.europesays.com\/es\/wp-content\/uploads\/2026\/06\/IMG-20260628-WA0061.jpg\" border=\"0\" width=\"1024\" loading=\"lazy\"\/><img decoding=\"async\" src=\"https:\/\/www.europesays.com\/es\/wp-content\/uploads\/2026\/06\/IMG-20260628-WA0057.jpg\" border=\"0\" width=\"1024\" loading=\"lazy\"\/><img decoding=\"async\" src=\"https:\/\/www.europesays.com\/es\/wp-content\/uploads\/2026\/06\/IMG-20260628-WA0066.jpg\" border=\"0\" width=\"1024\" loading=\"lazy\"\/><img decoding=\"async\" src=\"https:\/\/www.europesays.com\/es\/wp-content\/uploads\/2026\/06\/IMG-20260628-WA0011.jpg\" border=\"0\" width=\"1024\" loading=\"lazy\"\/><\/p>\n","protected":false},"excerpt":{"rendered":"El sal\u00f3n de actos del Colegio La Salle acogi\u00f3 este domingo la ceremonia de entrega de premios de&hellip;\n","protected":false},"author":2,"featured_media":632885,"comment_status":"","ping_status":"","sticky":false,"template":"","format":"standard","meta":{"footnotes":""},"categories":[274],"tags":[44269,168,18266,25,24,1649,5118,23339,23,167,33342,327,326],"class_list":["post-632884","post","type-post","status-publish","format-standard","has-post-thumbnail","category-tenis","tag-cargada","tag-deportes","tag-emocion","tag-es","tag-espana","tag-gala","tag-reconoce","tag-referentes","tag-spain","tag-sports","tag-talavera","tag-tenis","tag-tennis"],"share_on_mastodon":{"url":"https:\/\/pubeurope.com\/@es\/116835917634448052","error":""},"_links":{"self":[{"href":"https:\/\/www.europesays.com\/es\/wp-json\/wp\/v2\/posts\/632884","targetHints":{"allow":["GET"]}}],"collection":[{"href":"https:\/\/www.europesays.com\/es\/wp-json\/wp\/v2\/posts"}],"about":[{"href":"https:\/\/www.europesays.com\/es\/wp-json\/wp\/v2\/types\/post"}],"author":[{"embeddable":true,"href":"https:\/\/www.europesays.com\/es\/wp-json\/wp\/v2\/users\/2"}],"replies":[{"embeddable":true,"href":"https:\/\/www.europesays.com\/es\/wp-json\/wp\/v2\/comments?post=632884"}],"version-history":[{"count":0,"href":"https:\/\/www.europesays.com\/es\/wp-json\/wp\/v2\/posts\/632884\/revisions"}],"wp:featuredmedia":[{"embeddable":true,"href":"https:\/\/www.europesays.com\/es\/wp-json\/wp\/v2\/media\/632885"}],"wp:attachment":[{"href":"https:\/\/www.europesays.com\/es\/wp-json\/wp\/v2\/media?parent=632884"}],"wp:term":[{"taxonomy":"category","embeddable":true,"href":"https:\/\/www.europesays.com\/es\/wp-json\/wp\/v2\/categories?post=632884"},{"taxonomy":"post_tag","embeddable":true,"href":"https:\/\/www.europesays.com\/es\/wp-json\/wp\/v2\/tags?post=632884"}],"curies":[{"name":"wp","href":"https:\/\/api.w.org\/{rel}","templated":true}]}}