{"id":633139,"date":"2026-06-30T02:56:15","date_gmt":"2026-06-30T02:56:15","guid":{"rendered":"https:\/\/www.europesays.com\/es\/633139\/"},"modified":"2026-06-30T02:56:15","modified_gmt":"2026-06-30T02:56:15","slug":"la-fallecida-en-navarreria-trabajaba-en-el-colegio-liceo-monjardin-y-era-artista","status":"publish","type":"post","link":"https:\/\/www.europesays.com\/es\/633139\/","title":{"rendered":"La fallecida en Navarrer\u00eda trabajaba en el colegio Liceo Monjard\u00edn y era artista"},"content":{"rendered":"<p class=\"paragraph\">La fallecida en el atropello de la cuesta de Navarrer\u00eda de este domingo por la tarde es <b>Aintzane L\u00f3pez Azcona<\/b>, una joven pamplonesa que en marzo cumpli\u00f3 30 a\u00f1os. Esta vecina de la capital navarra estaba reunida junto a un grupo de amigas sobre las 15.37 horas junto a un comercio de textil de la calle cuando un cami\u00f3n de recogida de vidrio las arroll\u00f3.<\/p>\n<p>Te puede interesar<img decoding=\"async\" loading=\"lazy\" alt=\"Fotos del atropello de un cami\u00f3n a varias personas en Navarrer\u00eda\" width=\"396\" height=\"252\" src=\"https:\/\/www.europesays.com\/es\/wp-content\/uploads\/2026\/06\/6a415f9c8dafb.jpeg\"\/><\/p>\n<p class=\"paragraph\">Aintzane L\u00f3pez ten\u00eda un hermano y hab\u00eda trabajado este curso como administrativa en el colegio <b>Liceo Monjard\u00edn<\/b> (anteriormente, Ursulinas), en la calle de Aoiz de la capital navarra. Esta joven tambi\u00e9n contaba con<b> vocaci\u00f3n art\u00edstica<\/b>. Hace unos a\u00f1os fund\u00f3 una marca denominada LOAZ arte. Con esta firma de arte contempor\u00e1neo lleg\u00f3 a exponer en la Casa de la Juventud de Pamplona entre marzo y abril de 2024. Este trabajo se titulaba Resurgir. Anteriormente hab\u00eda estudiado en <b>Dominicas<\/b>.\u00a0<\/p>\n<p>Te puede interesar<img decoding=\"async\" loading=\"lazy\" alt=\"Fotos del atropello de un cami\u00f3n a varias personas en Navarrer\u00eda\" width=\"396\" height=\"252\" src=\"https:\/\/www.europesays.com\/es\/wp-content\/uploads\/2026\/06\/6a415f907ca40.jpeg\"\/><\/p>\n<p class=\"paragraph\">El funeral se celebrar\u00e1 este mi\u00e9rcoles en una iglesia del barrio de la Rochapea de Pamplona.<\/p>\n<p class=\"paragraph\"><b>16 PERSONAS FALLECIDAS EN ACCIDENTE EN LO QUE VA DE A\u00d1O<\/b><\/p>\n<p class=\"paragraph\">En lo que va de a\u00f1o, 16 personas han perdido la vida en accidente de tr\u00e1fico en la Comunidad foral. Seis de ellas han fallecido en un mes de junio especialmente tr\u00e1gico, pues a las personas que han muerto en las carreteras navarras hay que sumar los cinco agentes de la Polic\u00eda Foral que a principios de mes murieron en un accidente de tr\u00e1fico en Elgoibar.<\/p>\n","protected":false},"excerpt":{"rendered":"La fallecida en el atropello de la cuesta de Navarrer\u00eda de este domingo por la tarde es Aintzane&hellip;\n","protected":false},"author":2,"featured_media":633140,"comment_status":"","ping_status":"","sticky":false,"template":"","format":"standard","meta":{"footnotes":""},"categories":[8],"tags":[17,18,42658,25,24,6038,13,14,11,19,20,102910,117067,9,10,15,16,23,12,6439,21,22],"class_list":["post-633139","post","type-post","status-publish","format-standard","has-post-thumbnail","category-espana","tag-breaking-news","tag-breakingnews","tag-colegio","tag-es","tag-espana","tag-fallecida","tag-featured-news","tag-featurednews","tag-headlines","tag-latest-news","tag-latestnews","tag-liceo","tag-navarreria","tag-news","tag-noticias","tag-noticias-destacadas","tag-noticiasdestacadas","tag-spain","tag-titulares","tag-trabajaba","tag-ultimas-noticias","tag-ultimasnoticias"],"share_on_mastodon":{"url":"https:\/\/pubeurope.com\/@es\/116836813989856957","error":""},"_links":{"self":[{"href":"https:\/\/www.europesays.com\/es\/wp-json\/wp\/v2\/posts\/633139","targetHints":{"allow":["GET"]}}],"collection":[{"href":"https:\/\/www.europesays.com\/es\/wp-json\/wp\/v2\/posts"}],"about":[{"href":"https:\/\/www.europesays.com\/es\/wp-json\/wp\/v2\/types\/post"}],"author":[{"embeddable":true,"href":"https:\/\/www.europesays.com\/es\/wp-json\/wp\/v2\/users\/2"}],"replies":[{"embeddable":true,"href":"https:\/\/www.europesays.com\/es\/wp-json\/wp\/v2\/comments?post=633139"}],"version-history":[{"count":0,"href":"https:\/\/www.europesays.com\/es\/wp-json\/wp\/v2\/posts\/633139\/revisions"}],"wp:featuredmedia":[{"embeddable":true,"href":"https:\/\/www.europesays.com\/es\/wp-json\/wp\/v2\/media\/633140"}],"wp:attachment":[{"href":"https:\/\/www.europesays.com\/es\/wp-json\/wp\/v2\/media?parent=633139"}],"wp:term":[{"taxonomy":"category","embeddable":true,"href":"https:\/\/www.europesays.com\/es\/wp-json\/wp\/v2\/categories?post=633139"},{"taxonomy":"post_tag","embeddable":true,"href":"https:\/\/www.europesays.com\/es\/wp-json\/wp\/v2\/tags?post=633139"}],"curies":[{"name":"wp","href":"https:\/\/api.w.org\/{rel}","templated":true}]}}