{"id":633194,"date":"2026-06-30T03:52:37","date_gmt":"2026-06-30T03:52:37","guid":{"rendered":"https:\/\/www.europesays.com\/es\/633194\/"},"modified":"2026-06-30T03:52:37","modified_gmt":"2026-06-30T03:52:37","slug":"el-coto-cordoba-cb-ficha-a-jalen-cone-un-anotador-contrastado-en-la-primera-feb","status":"publish","type":"post","link":"https:\/\/www.europesays.com\/es\/633194\/","title":{"rendered":"El Coto C\u00f3rdoba CB ficha a Jalen Cone, un anotador contrastado en la Primera FEB"},"content":{"rendered":"<p class=\"article-text\">\n        El <strong>Coto C\u00f3rdoba CB<\/strong> ya tiene atado uno de los nombres llamados a sostener su proyecto en la Primera FEB. El conjunto blanquiverde ha hecho oficial la incorporaci\u00f3n de <strong>Jalen Christopher Cone<\/strong> (Greensboro, Carolina del Norte; 14 de diciembre de 2000), un exterior estadounidense de 1,80 metros que puede actuar tanto de base como de escolta y que llega procedente del Hestia Menorca, club al que ha estado ligado las dos \u00faltimas temporadas.\n    <\/p>\n<p>    <a href=\"https:\/\/cordopolis.eldiario.es\/deportes\/baloncesto\/coto-cordoba-cb-estrena-pau-trevino_1_13336335.html\" data-mrf-recirculation=\"saber-mas\" data-dl-event=\"saber-mas\" rel=\"nofollow noopener\" target=\"_blank\"><\/p>\n<p class=\"know-more__title\">El Coto C\u00f3rdoba CB se estrena con Pau Trevi\u00f1o<\/p>\n<p>            <img decoding=\"async\" class=\"lazy\" loading=\"lazy\" data-src=\"https:\/\/static.eldiario.es\/clip\/7cd61174-77f5-4d6f-8d58-9c5dff18c990_16-9-aspect-ratio_default_0.jpg\" src=\"data:image\/svg+xml,%3Csvg xmlns=\" http:=\"\" viewbox=\"0 0 880 495\" alt=\"El Coto C\u00f3rdoba CB se estrena con Pau Trevi\u00f1o\"\/><\/p>\n<p>                        <\/a><\/p>\n<p class=\"article-text\">\n        Cone encaja en el perfil de jugador que cambia el ritmo de los partidos: r\u00e1pido en las transiciones, con facilidad para generar sus propios tiros y una amenaza permanente desde el per\u00edmetro. Esa capacidad anotadora es, precisamente, su principal carta de presentaci\u00f3n en una categor\u00eda que ya conoce de primera mano.\n    <\/p>\n<p>    Un anotador con sello en la Primera FEB<\/p>\n<p class=\"article-text\">\n        Su irrupci\u00f3n en el baloncesto espa\u00f1ol fue inmediata. <strong>El Hestia Menorca<\/strong> lo incorpor\u00f3 en noviembre de 2024, ya con la liga en marcha, y el estadounidense respondi\u00f3 cerrando la temporada 2024-25 como m\u00e1ximo anotador de la liga regular de la Primera FEB, con 426 puntos en 26 partidos y un promedio de 16,4 tantos por encuentro. Aquellos n\u00fameros lo situaron como una de las referencias ofensivas de la categor\u00eda en su estreno en Europa.\n    <\/p>\n<p class=\"article-text\">\n        De aquella primera campa\u00f1a qued\u00f3 tambi\u00e9n su condici\u00f3n de tirador fiable y su capacidad para asumir galones en los momentos decisivos, atributos que el club balear mantuvo una temporada m\u00e1s antes de su llegada ahora a C\u00f3rdoba.\n    <\/p>\n<p>            <img decoding=\"async\" class=\"lazy\" loading=\"lazy\" data-src=\"https:\/\/static.eldiario.es\/clip\/81365408-8155-4199-a295-3e06e96b73bf_16-9-discover-aspect-ratio_default_0.jpg\" src=\"data:image\/svg+xml,%3Csvg xmlns=\" http:=\"\" viewbox=\"0 0 1200 675\" alt=\"Jalen Cone, durante su etapa en EEUU\"\/><\/p>\n<p>    Del baloncesto universitario estadounidense a Europa<\/p>\n<p class=\"article-text\">\n        Antes de dar el salto al baloncesto profesional, Cone complet\u00f3 una larga trayectoria en la NCAA. Formado en la <strong>Walkertown High School<\/strong>, donde promedi\u00f3 25,7 puntos y 6,6 asistencias por partido, ingres\u00f3 en 2019 en Virginia Tech, donde milit\u00f3 dos temporadas con los Hokies. Su carrera universitaria continu\u00f3 en Northern Arizona, etapa en la que fue incluido en dos ocasiones en el mejor quinteto de la Big Sky Conference (All-Big Sky), y se cerr\u00f3 en la Universidad de California (Berkeley), con los Golden Bears.\n    <\/p>\n<p class=\"article-text\">\n        En el c\u00f3mputo global de su paso por la NCAA, el estadounidense disput\u00f3 144 encuentros con medias de 13,9 puntos y un destacado 36,8 % de acierto en el tiro de tres. En su \u00faltimo curso universitario, en Berkeley, firm\u00f3 13,4 puntos, 2,1 rebotes y 2,3 asistencias por partido.\n    <\/p>\n<p class=\"article-text\">\n        Con esta incorporaci\u00f3n, el Coto C\u00f3rdoba CB suma a su plantilla a un jugador con experiencia contrastada en la Primera FEB, un valor a\u00f1adido para un equipo que vuelve a medirse en la categor\u00eda. La aportaci\u00f3n de puntos desde el per\u00edmetro y la capacidad para acelerar el juego son las bazas que el cuadro blanquiverde espera encontrar en el estadounidense. Unas condiciones que hasta el momento ya cubr\u00eda otro americano, Ja&#8217;Monta Black, que todo hace indicar que acabar\u00e1 saliendo del equipo durante esta ventana de fichajes. Desde el Coto C\u00f3rdoba CB se ha dado la bienvenida al jugador, al que se le ha deseado una r\u00e1pida integraci\u00f3n en el vestuario blanquiverde.\n    <\/p>\n","protected":false},"excerpt":{"rendered":"El Coto C\u00f3rdoba CB ya tiene atado uno de los nombres llamados a sostener su proyecto en la&hellip;\n","protected":false},"author":2,"featured_media":633195,"comment_status":"","ping_status":"","sticky":false,"template":"","format":"standard","meta":{"footnotes":""},"categories":[269],"tags":[8940,299,298,2609,117324,117325,2760,10049,168,25,24,2612,1750,71647,1078,23,167],"class_list":["post-633194","post","type-post","status-publish","format-standard","has-post-thumbnail","category-baloncesto","tag-anotador","tag-baloncesto","tag-basketball","tag-cb","tag-cone","tag-contrastado","tag-cordoba","tag-coto","tag-deportes","tag-es","tag-espana","tag-feb","tag-ficha","tag-jalen","tag-primera","tag-spain","tag-sports"],"share_on_mastodon":{"url":"https:\/\/pubeurope.com\/@es\/116837033404150378","error":""},"_links":{"self":[{"href":"https:\/\/www.europesays.com\/es\/wp-json\/wp\/v2\/posts\/633194","targetHints":{"allow":["GET"]}}],"collection":[{"href":"https:\/\/www.europesays.com\/es\/wp-json\/wp\/v2\/posts"}],"about":[{"href":"https:\/\/www.europesays.com\/es\/wp-json\/wp\/v2\/types\/post"}],"author":[{"embeddable":true,"href":"https:\/\/www.europesays.com\/es\/wp-json\/wp\/v2\/users\/2"}],"replies":[{"embeddable":true,"href":"https:\/\/www.europesays.com\/es\/wp-json\/wp\/v2\/comments?post=633194"}],"version-history":[{"count":0,"href":"https:\/\/www.europesays.com\/es\/wp-json\/wp\/v2\/posts\/633194\/revisions"}],"wp:featuredmedia":[{"embeddable":true,"href":"https:\/\/www.europesays.com\/es\/wp-json\/wp\/v2\/media\/633195"}],"wp:attachment":[{"href":"https:\/\/www.europesays.com\/es\/wp-json\/wp\/v2\/media?parent=633194"}],"wp:term":[{"taxonomy":"category","embeddable":true,"href":"https:\/\/www.europesays.com\/es\/wp-json\/wp\/v2\/categories?post=633194"},{"taxonomy":"post_tag","embeddable":true,"href":"https:\/\/www.europesays.com\/es\/wp-json\/wp\/v2\/tags?post=633194"}],"curies":[{"name":"wp","href":"https:\/\/api.w.org\/{rel}","templated":true}]}}