{"id":633233,"date":"2026-06-30T04:29:18","date_gmt":"2026-06-30T04:29:18","guid":{"rendered":"https:\/\/www.europesays.com\/es\/633233\/"},"modified":"2026-06-30T04:29:18","modified_gmt":"2026-06-30T04:29:18","slug":"natalia-y-olga-identificadas-entre-las-17-victimas-espanolas-en-los-terremotos-de-venezuela","status":"publish","type":"post","link":"https:\/\/www.europesays.com\/es\/633233\/","title":{"rendered":"Natalia y Olga, identificadas entre las 17 v\u00edctimas espa\u00f1olas en los terremotos de Venezuela"},"content":{"rendered":"<p style=\"\">El ministro de Asuntos Exteriores, Jos\u00e9 Manuel Albares, ha informado este lunes de que<strong> la cifra de espa\u00f1oles desaparecidos en el doble terremoto de Venezuela ha descendido a 138<\/strong>. Anteriormente, los datos oficiales que hab\u00eda comunicado el Ministerio elevaba a 150 los nacionales  &#8230; de los que no se conoc\u00eda su situaci\u00f3n. <\/p>\n<p class=\"v-d-p\" style=\"\">Adem\u00e1s, el diplom\u00e1tico ha se\u00f1alado que <strong>el n\u00famero de compatriotas fallecidos se mantiene en 17<\/strong>, por lo que no se han reportado nuevas v\u00edctimas mortales desde la \u00faltima actualizaci\u00f3n del domingo. Igualmente, ha comunicado que 12 espa\u00f1oles contin\u00faan atrapados entre las ruinas de los edificios, a la espera de que las fuerzas especiales de rescate puedan extraerlos de los escombros. Los servicios consulares de Espa\u00f1a en Venezuela siguen recibiendo comunicaciones y, desde que se produjeron los terremotos, ha registrado 635 llamadas de asistencia.<\/p>\n<p class=\"v-d-p\" style=\"\">Tambi\u00e9n avanzan las tareas de identificaci\u00f3n de los espa\u00f1oles que han perdido la vida  y <strong>se ha confirmado una segunda fallecida de origen canario<\/strong>. Se llamaba Olga Morales, una mujer de 57 a\u00f1os oriunda de la isla de La Gomera. Sus abuelos eran de origen canario y emigraron a Venezuela, donde ella naci\u00f3 y vivi\u00f3 toda su vida. Aun as\u00ed, Olga manten\u00eda una estrecha relaci\u00f3n con sus familiares isle\u00f1os, una de sus hermanas viv\u00eda all\u00ed, y les visitaba frecuentemente. Seg\u00fan indica el diario canario &#8216;La Provincia&#8217;, la v\u00edctima viv\u00eda en La Guaira, una de las zonas m\u00e1s afectadas por los se\u00edsmos, y trabajaba cuidando a personas mayores. Olga estaba alojada temporalmente junto a su prima, <a href=\"https:\/\/www.abc.es\/internacional\/retorno-maria-corina-machado-expone-division-washington-20260627005803-nt.html\" target=\"_self\" data-voc-vtm-id=\"in-text-traffic\" title=\"Isabel &#039;Chavela&#039; Jara, la delegada del Gobierno de Canarias en Venezuela tambi\u00e9n fallecida\" data-mrf-link=\"www.abc.es\" rel=\"nofollow noopener\">Isabel &#8216;Chavela&#8217; Jara, la delegada del Gobierno de Canarias en Venezuela tambi\u00e9n fallecida<\/a> en el terremoto. Ambas se encontraban en el edificio Costa Brava, en Los Corales (La Guaira), que qued\u00f3 reducido a escombros.<\/p>\n<ul class=\"v-cmp-rld__u\">\n<li class=\"v-cmp-rld__l\">\n<p><a class=\"v-a-lnk\" href=\"http:\/\/www.abc.es\/internacional\/chavismo-bloquea-acceso-rescatistas-internacionales-zonas-devastadas-20260629173349-nt.html#vtm_modulosEngag=noticiasrelacionadas-cmp-uno:internacional:noticia:1\" title=\"El chavismo bloquea el acceso a los rescatistas internacionales a las zonas devastadas\" data-voc-vtm-id=\"in-text-traffic\" rel=\"nofollow noopener\" target=\"_blank\"><br \/>\n<img decoding=\"async\" loading=\"lazy\" src=\"https:\/\/www.europesays.com\/es\/wp-content\/uploads\/2026\/06\/diosdado-U61140564030iYd-366x256@diario_abc.jpg\" class=\"v-a-img\" width=\"258\" height=\"180\" alt=\"El chavismo bloquea el acceso a los rescatistas internacionales a las zonas devastadas\"\/><br \/>\n<\/a><\/p>\n<\/li>\n<\/ul>\n<p class=\"v-d-p\" style=\"\">Asimismo, se ha conocido la identidad de otra de las v\u00edctimas mortales, <strong>Natalia, una vecina de Torre de la Reina, una pedan\u00eda de Guillena (Sevilla).<\/strong> De 34 a\u00f1os, era de origen hispano-colombiano y hab\u00eda viajado a Venezuela junto a su marido y su hija, que salieron ilesos de los se\u00edsmos. La familia viv\u00eda desde hac\u00eda tres a\u00f1os en el municipio sevillano junto a la madre de ella, que decidi\u00f3 no viajar a Venezuela. El Ayuntamiento de Guillena ha emitido un comunicado este lunes confirmando la noticia: \u00abNatalia, tras m\u00e1s de 72 horas desde los terremotos, no pudo ser encontrada con vida\u00bb. Y ha decretado un d\u00eda de luto oficial. Adem\u00e1s, los representantes municipales se han reunido con la Federaci\u00f3n Andaluza de Municipios y Provincias (FAMP) y a la Federaci\u00f3n Espa\u00f1ola de Municipios y Provincias (FEMP) para guardar un minuto de silencio en respeto a las v\u00edctimas y sus familiares.<\/p>\n<p class=\"v-d-p\" style=\"\"><a href=\"https:\/\/www.abc.es\/internacional\/izkande-luna-esperanza-sobrevuela-montana-escombros-20260628025846-nt.html\" target=\"_self\" data-voc-vtm-id=\"in-text-traffic\" title=\"Otros de los espa\u00f1oles afectados por los terremotos son los cuatro miembros de una misma familia de Mar\u00edn (Pontevedra)\" data-mrf-link=\"www.abc.es\" rel=\"nofollow noopener\">Otros de los espa\u00f1oles afectados por los terremotos son los cuatro miembros de una misma familia de Mar\u00edn (Pontevedra)<\/a>. Los dos ni\u00f1os, de ocho y nueve a\u00f1os, y sus padres, contin\u00faan desaparecidos desde el mi\u00e9rcoles, aunque sus allegados han indicado el lugar exacto donde creen que estaban cuando se produjo la cat\u00e1strofe. Se trata de un bloque ubicado en el boulevard de Naiguat\u00e1, sector El Caribe, en La Guaira. Este edificio ha quedado derruido y \u00abes necesario que se levante con gr\u00faas y maquinaria pesada\u00bb, ha se\u00f1alado Luc\u00eda Guede, la directora del colegio La Inmaculada, donde estaban matriculados los peque\u00f1os en Mar\u00edn. <\/p>\n<p class=\"v-d-p\" style=\"\">Por el momento, no se conoce m\u00e1s informaci\u00f3n sobre el resto de ciudadanos espa\u00f1oles. El Gobierno ha activado los protocolos pertinentes y <strong>est\u00e1 tratando de recopilar m\u00e1s datos para determinar el n\u00famero exacto, as\u00ed como la identidad de los nacionales afectados<\/strong>. Estas tareas de identificaci\u00f3n todav\u00eda se encuentran en la primera fase. El delegado del Gobierno de Castilla-La Mancha ha explicado este lunes que el Ejecutivo se est\u00e1 encargando de centralizar las nuevas informaciones y comunicarlas a trav\u00e9s del Ministerio de Exteriores a las distintas comunidades aut\u00f3nomas y entidades locales.<\/p>\n","protected":false},"excerpt":{"rendered":"El ministro de Asuntos Exteriores, Jos\u00e9 Manuel Albares, ha informado este lunes de que la cifra de espa\u00f1oles&hellip;\n","protected":false},"author":2,"featured_media":633234,"comment_status":"","ping_status":"","sticky":false,"template":"","format":"standard","meta":{"footnotes":""},"categories":[8],"tags":[17,18,25,24,9767,13,14,11,98350,19,20,3883,9,10,15,16,12690,23,8983,12,21,22,1192,431],"class_list":["post-633233","post","type-post","status-publish","format-standard","has-post-thumbnail","category-espana","tag-breaking-news","tag-breakingnews","tag-es","tag-espana","tag-espanolas","tag-featured-news","tag-featurednews","tag-headlines","tag-identificadas","tag-latest-news","tag-latestnews","tag-natalia","tag-news","tag-noticias","tag-noticias-destacadas","tag-noticiasdestacadas","tag-olga","tag-spain","tag-terremotos","tag-titulares","tag-ultimas-noticias","tag-ultimasnoticias","tag-venezuela","tag-victimas"],"share_on_mastodon":{"url":"https:\/\/pubeurope.com\/@es\/116837179720174308","error":""},"_links":{"self":[{"href":"https:\/\/www.europesays.com\/es\/wp-json\/wp\/v2\/posts\/633233","targetHints":{"allow":["GET"]}}],"collection":[{"href":"https:\/\/www.europesays.com\/es\/wp-json\/wp\/v2\/posts"}],"about":[{"href":"https:\/\/www.europesays.com\/es\/wp-json\/wp\/v2\/types\/post"}],"author":[{"embeddable":true,"href":"https:\/\/www.europesays.com\/es\/wp-json\/wp\/v2\/users\/2"}],"replies":[{"embeddable":true,"href":"https:\/\/www.europesays.com\/es\/wp-json\/wp\/v2\/comments?post=633233"}],"version-history":[{"count":0,"href":"https:\/\/www.europesays.com\/es\/wp-json\/wp\/v2\/posts\/633233\/revisions"}],"wp:featuredmedia":[{"embeddable":true,"href":"https:\/\/www.europesays.com\/es\/wp-json\/wp\/v2\/media\/633234"}],"wp:attachment":[{"href":"https:\/\/www.europesays.com\/es\/wp-json\/wp\/v2\/media?parent=633233"}],"wp:term":[{"taxonomy":"category","embeddable":true,"href":"https:\/\/www.europesays.com\/es\/wp-json\/wp\/v2\/categories?post=633233"},{"taxonomy":"post_tag","embeddable":true,"href":"https:\/\/www.europesays.com\/es\/wp-json\/wp\/v2\/tags?post=633233"}],"curies":[{"name":"wp","href":"https:\/\/api.w.org\/{rel}","templated":true}]}}