{"id":633270,"date":"2026-06-30T05:09:21","date_gmt":"2026-06-30T05:09:21","guid":{"rendered":"https:\/\/www.europesays.com\/es\/633270\/"},"modified":"2026-06-30T05:09:21","modified_gmt":"2026-06-30T05:09:21","slug":"el-real-madrid-anuncia-que-el-como-de-cesc-fabregas-compra-al-argentino-nico-paz-futbol","status":"publish","type":"post","link":"https:\/\/www.europesays.com\/es\/633270\/","title":{"rendered":"El Real Madrid anuncia que el Como de Cesc F\u00e0bregas compra al argentino Nico Paz | F\u00fatbol"},"content":{"rendered":"<p>El Real Madrid ha anunciado este lunes que el Como 1907, conjunto entrenado por el espa\u00f1ol Cesc F\u00e0bregas, se quedar\u00e1 con el centrocampista Nico Paz. El argentino ya ha jugado a pr\u00e9stamo en el conjunto de la Serie A y ha sido vital en la clasificaci\u00f3n del equipo para la pr\u00f3xima edici\u00f3n de la Champions League.<\/p>\n<p>M\u00e1s informaci\u00f3n<\/p>\n<p>\u00abEl Real Madrid CF, el Como 1907 y Nico Paz han alcanzado un acuerdo para que el jugador permanezca la pr\u00f3xima temporada 2026-2027 en el club italiano. Dicho acuerdo, que se ha llevado a cabo a petici\u00f3n del propio jugador, contempla asimismo que el Real Madrid mantiene una opci\u00f3n unilateral de recompra de los derechos federativos de Nico Paz para la temporada 2027-2028\u00bb, ha comunicado el conjunto merengue.<\/p>\n<p>    <img decoding=\"async\" src=\"https:\/\/www.europesays.com\/es\/wp-content\/uploads\/2026\/06\/1782786734_293_app-ser-4.png\" alt=\"Nueva APP de Cadena SER\" loading=\"lazy\" width=\"109\" height=\"82\"\/><\/p>\n<p>Descubre la nueva app de Cadena\u00a0SER<br \/>\n        Te ofrecemos una mejor experiencia de audio y video\n    <\/p>\n<p>    <a href=\"https:\/\/trackingcodes.prisamedia.com\/ser.html?utm_campaign=app-include-articulo&amp;utm_source=web\" class=\"p-a-fa-b\" rel=\"nofollow noopener\" target=\"_blank\">Descargar<\/a><\/p>\n<p>Operaci\u00f3n contada en la SER<\/p>\n<p>El pasado 26 de junio, la SER ya desvel\u00f3 que, a falta de cerrar la operaci\u00f3n de forma definitiva, <a href=\"https:\/\/cadenaser.com\/nacional\/2026\/06\/26\/nico-paz-continuaria-en-el-como-la-proxima-temporada-cadena-ser\/\" target=\"_blank\" rel=\"nofollow noopener\" title=\"https:\/\/cadenaser.com\/nacional\/2026\/06\/26\/nico-paz-continuaria-en-el-como-la-proxima-temporada-cadena-ser\/\">el conjunto italiano estaba dispuesto a pagar los 60 millones de euros que ped\u00eda el Real Madrid<\/a> por la compra del jugador argentino. El Como 1907 hab\u00eda intentado volver a conseguir una cesi\u00f3n del futbolista este verano, pero el Real Madrid se negaba a una nueva cesi\u00f3n. <\/p>\n<p>Los blancos, de hecho, comunicaron su intenci\u00f3n de ejercer la recompra por 9 millones de euros para que el argentino, formado en las categor\u00edas inferiores del club blanco, se pusiese a las \u00f3rdenes de Jos\u00e9 Mourinho. La idea del Real Madrid era venderlo por una buena oferta. Finalmente, el mismo conjunto dirigido por Cesc F\u00e1bregas, que ten\u00eda una prioridad de compra, se ha hecho con los servicios del prometedor centrocampista argentino. Adem\u00e1s, el conjunto merengue se reserva un derecho de recompra por 80 millones de euros la pr\u00f3xima temporada.<\/p>\n","protected":false},"excerpt":{"rendered":"El Real Madrid ha anunciado este lunes que el Como 1907, conjunto entrenado por el espa\u00f1ol Cesc F\u00e0bregas,&hellip;\n","protected":false},"author":2,"featured_media":633271,"comment_status":"","ping_status":"","sticky":false,"template":"","format":"standard","meta":{"footnotes":""},"categories":[93],"tags":[117339,117340,117341,117342,12994,168,25,24,280,1207,51598,525,16415,1212,117343,1070,52456,18521,23,167,117344,51603,117345],"class_list":["post-633270","post","type-post","status-publish","format-standard","has-post-thumbnail","category-deportes","tag-ameryka","tag-argenntina","tag-argentyna","tag-att-stadium","tag-dallas","tag-deportes","tag-es","tag-espana","tag-football","tag-football-match","tag-football-player","tag-game","tag-jordan","tag-match","tag-mistrzostwa-swiata","tag-mundial","tag-nico-paz","tag-players","tag-spain","tag-sports","tag-stany","tag-world-cup","tag-world-cup-26"],"share_on_mastodon":{"url":"https:\/\/pubeurope.com\/@es\/116837336917654583","error":""},"_links":{"self":[{"href":"https:\/\/www.europesays.com\/es\/wp-json\/wp\/v2\/posts\/633270","targetHints":{"allow":["GET"]}}],"collection":[{"href":"https:\/\/www.europesays.com\/es\/wp-json\/wp\/v2\/posts"}],"about":[{"href":"https:\/\/www.europesays.com\/es\/wp-json\/wp\/v2\/types\/post"}],"author":[{"embeddable":true,"href":"https:\/\/www.europesays.com\/es\/wp-json\/wp\/v2\/users\/2"}],"replies":[{"embeddable":true,"href":"https:\/\/www.europesays.com\/es\/wp-json\/wp\/v2\/comments?post=633270"}],"version-history":[{"count":0,"href":"https:\/\/www.europesays.com\/es\/wp-json\/wp\/v2\/posts\/633270\/revisions"}],"wp:featuredmedia":[{"embeddable":true,"href":"https:\/\/www.europesays.com\/es\/wp-json\/wp\/v2\/media\/633271"}],"wp:attachment":[{"href":"https:\/\/www.europesays.com\/es\/wp-json\/wp\/v2\/media?parent=633270"}],"wp:term":[{"taxonomy":"category","embeddable":true,"href":"https:\/\/www.europesays.com\/es\/wp-json\/wp\/v2\/categories?post=633270"},{"taxonomy":"post_tag","embeddable":true,"href":"https:\/\/www.europesays.com\/es\/wp-json\/wp\/v2\/tags?post=633270"}],"curies":[{"name":"wp","href":"https:\/\/api.w.org\/{rel}","templated":true}]}}