{"id":633340,"date":"2026-06-30T06:15:54","date_gmt":"2026-06-30T06:15:54","guid":{"rendered":"https:\/\/www.europesays.com\/es\/633340\/"},"modified":"2026-06-30T06:15:54","modified_gmt":"2026-06-30T06:15:54","slug":"aitana-o-el-vestido-angelical-con-bordados-y-transparencias-en-la-cena-de-su-cumpleanos-con-plex","status":"publish","type":"post","link":"https:\/\/www.europesays.com\/es\/633340\/","title":{"rendered":"Aitana o el vestido angelical con bordados y transparencias en la cena de su cumplea\u00f1os con Plex"},"content":{"rendered":"<p><a title=\"Aitana ha celebrado los 27 a\u00f1os con un estilismo de transparencias y bordados florales de lo m\u00e1s fashionista.\" href=\"https:\/\/www.larazon.es\/lifestyle\/moda\/aitana-deslumbra-vestido-lentejuelas-azul-klein-concierto-asturias-sopla-velas-junto-plex_202606276a3f776bc7a2892f04a52a02.html\" target=\"_blank\" rel=\"nofollow noopener\">Aitana ha celebrado los 27 a\u00f1os con un estilismo de transparencias y bordados florales de lo m\u00e1s fashionista.<\/a> Mientras daba su concierto en Asturias este viernes a la noche lleg\u00f3 el momento de soplar las velas en una gigante tarta acompa\u00f1ada de los bailarines, sus fans y el creador de contenido Plex. Horas m\u00e1s tarde no dud\u00f3 en seguir conmemor\u00e1ndolo con sus familiares, amigos y un nuevo look.<\/p>\n<p>Debemos recalcar que dicho estilismo no ha pasado nada desapercibido, as\u00ed como se asimila al vestuario rom\u00e1ntico, minimalista y et\u00e9reo que viste sobre el escenario en el Cuarto Azul Tour. Durante el a\u00f1o pasado vimos c\u00f3mo comenz\u00f3 su cumplea\u00f1os en unos d\u00edas de desconexi\u00f3n en Ibiza y con una tem\u00e1tica de la d\u00e9cada de los 70 vestido de un look inspirado en Cher. Ahora, se ha convertido en todo un \u00e1ngel con una combinaci\u00f3n que a continuaci\u00f3n analizamos.<\/p>\n<p>Aitana celebra su cumplea\u00f1os con Plex y un estilismo angelical<\/p>\n<p>Durante este s\u00e1bado hemos visto c\u00f3mo los amigos de Aitana han estado felicit\u00e1ndole con fotograf\u00edas de archivo de lo m\u00e1s enternecedoras. Entre ellos debemos destacar a <b>Plex, que ha compartido con todos nosotros un \u00e1lbum de fotograf\u00edas in\u00e9ditas con Aitana<\/b>. A cu\u00e1l m\u00e1s emocionante y bonita.<\/p>\n<p>Pero, las editoras de moda hemos puesto nuestra atenci\u00f3n al estilismo con el que volvi\u00f3 a soplar las velas a la noche. Como dec\u00edamos anteriormente, la artista catalana ha seguido con la est\u00e9tica angelical y et\u00e9rea que tambi\u00e9n hemos estado viendo durante las \u00faltimas semanas sobre el escenario. Aitana ha deslumbrado con <b>un total look blanco crudo y dorado que destaca por sus transparencias y bordados florales<\/b>.<\/p>\n<p>Un total look con bordados florales de lo m\u00e1s rom\u00e1ntico y minimalista<\/p>\n<p>Hablamos de <b>un vestido de tul de cuello redondo y mangas largas que en el que se posa dichos bordados<\/b> tanto en los laterales como a modo de bralette en blanco. Junto con ello, le sigue de <b>una minifalda de acabado satinado con el mismo detalle decorativo<\/b> a lo largo de todo el patr\u00f3n.<\/p>\n<p>En s\u00ed mismo, <a title=\"Aitana\" href=\"https:\/\/www.larazon.es\/lifestyle\/moda\/aitana-cumple-27-anos-asi-llegado-ser-superestrella-moda_202606276a3ebf667a154352a3a59c51.html\" target=\"_blank\" rel=\"nofollow noopener\">Aitana<\/a> ha llevado un estilismo de lo m\u00e1s rom\u00e1ntico y delicado que ha llevado en un momento de lo m\u00e1s especial. Lo ha completado con joyer\u00eda discreta y una corona dorada con cristales en blanco como reina del evento.<\/p>\n<p>Aitana sopla las velas rodeada de amigos y familiares<\/p>\n<p>Como vemos en el v\u00eddeo, Aitana ha vuelto a soplar las velas de la mano de sus amigos y familiares. Lo ha hecho con la celebraci\u00f3n de una gran cena rom\u00e1ntica y dos tartas de lo m\u00e1s bonitas y femeninas. Y nadie ha querido olvidar este recuerdo que han compartido con todos los seguidores de la cantante.<\/p>\n<p>En t\u00e9rminos de belleza, <a title=\"Aitana\" href=\"https:\/\/www.larazon.es\/lifestyle\/moda\/look-aitana-fuengirola-que-une-corseteria-pedreria-artesania-espanola_202606206a3655458774b34d61e4ba02.html\" target=\"_blank\" rel=\"nofollow noopener\">Aitana<\/a> ha seguido con su cabello suelto ligeramente ondulado con mucho volumen, as\u00ed como con un maquillaje de acabado luminoso y natural que endulza el rostro.<\/p>\n","protected":false},"excerpt":{"rendered":"Aitana ha celebrado los 27 a\u00f1os con un estilismo de transparencias y bordados florales de lo m\u00e1s fashionista.&hellip;\n","protected":false},"author":2,"featured_media":633341,"comment_status":"","ping_status":"","sticky":false,"template":"","format":"standard","meta":{"footnotes":""},"categories":[174],"tags":[5521,255,6996,146,147,25,24,256,1023,23,5732],"class_list":["post-633340","post","type-post","status-publish","format-standard","has-post-thumbnail","category-famosos","tag-aitana-ocana","tag-celebrities","tag-cumpleanos","tag-entertainment","tag-entretenimiento","tag-es","tag-espana","tag-famosos","tag-moda","tag-spain","tag-vestidos"],"share_on_mastodon":{"url":"https:\/\/pubeurope.com\/@es\/116837599609897201","error":""},"_links":{"self":[{"href":"https:\/\/www.europesays.com\/es\/wp-json\/wp\/v2\/posts\/633340","targetHints":{"allow":["GET"]}}],"collection":[{"href":"https:\/\/www.europesays.com\/es\/wp-json\/wp\/v2\/posts"}],"about":[{"href":"https:\/\/www.europesays.com\/es\/wp-json\/wp\/v2\/types\/post"}],"author":[{"embeddable":true,"href":"https:\/\/www.europesays.com\/es\/wp-json\/wp\/v2\/users\/2"}],"replies":[{"embeddable":true,"href":"https:\/\/www.europesays.com\/es\/wp-json\/wp\/v2\/comments?post=633340"}],"version-history":[{"count":0,"href":"https:\/\/www.europesays.com\/es\/wp-json\/wp\/v2\/posts\/633340\/revisions"}],"wp:featuredmedia":[{"embeddable":true,"href":"https:\/\/www.europesays.com\/es\/wp-json\/wp\/v2\/media\/633341"}],"wp:attachment":[{"href":"https:\/\/www.europesays.com\/es\/wp-json\/wp\/v2\/media?parent=633340"}],"wp:term":[{"taxonomy":"category","embeddable":true,"href":"https:\/\/www.europesays.com\/es\/wp-json\/wp\/v2\/categories?post=633340"},{"taxonomy":"post_tag","embeddable":true,"href":"https:\/\/www.europesays.com\/es\/wp-json\/wp\/v2\/tags?post=633340"}],"curies":[{"name":"wp","href":"https:\/\/api.w.org\/{rel}","templated":true}]}}