{"id":633427,"date":"2026-06-30T07:36:25","date_gmt":"2026-06-30T07:36:25","guid":{"rendered":"https:\/\/www.europesays.com\/es\/633427\/"},"modified":"2026-06-30T07:36:25","modified_gmt":"2026-06-30T07:36:25","slug":"robbie-williams-sorprende-con-un-concierto-improvisado-en-una-calle-de-sevilla-antes-de-actuar-en-iconica","status":"publish","type":"post","link":"https:\/\/www.europesays.com\/es\/633427\/","title":{"rendered":"Robbie Williams sorprende con un concierto improvisado en una calle de Sevilla antes de actuar en Ic\u00f3nica"},"content":{"rendered":"<p style=\"\">Robbie Williams sorprendi\u00f3 este lunes por la noche al protagonizar una <strong>actuaci\u00f3n improvisada en pleno centro<\/strong> de Sevilla, apenas unas horas antes de subirse al escenario de <strong>Ic\u00f3nica Santaluc\u00eda Sevilla Fest<\/strong>.<\/p>\n<p style=\"\">Lejos de los focos y de la Plaza de Espa\u00f1a, el cantante  &#8230; brit\u00e1nico apareci\u00f3 en la <strong>calle Santa Mar\u00eda la Blanca<\/strong>, donde decidi\u00f3 detenerse al escuchar a un <strong>m\u00fasico callejero<\/strong> que actuaba a esas horas en las calles de Sevilla. <\/p>\n<p class=\"v-d-p\" style=\"\">Lo que parec\u00eda una escena habitual termin\u00f3 convirti\u00e9ndose en un momento llamativo cuando el artista <strong>se uni\u00f3 a la actuaci\u00f3n e improvis\u00f3 varias canciones<\/strong>. La escena fue grabada por la cuenta de Instagram <a href=\"https:\/\/www.instagram.com\/conciertosensvq?igsh=OTJlbXdvZGJ0a2xs\" title=\"www.instagram.com\" data-voc-vtm-id=\"in-text-traffic\" data-mrf-link=\"www.instagram.com\" rel=\"nofollow noopener\" target=\"_blank\">@conciertosensvq<\/a> (<strong>Conciertos en Sevilla<\/strong>), que comparti\u00f3 el momento en el que Robbie Williams se une al cantante callejero.<\/p>\n<p>\nPrimera gran estrella internacional de Ic\u00f3nica\n<\/p>\n<p class=\"v-d-p\" style=\"\">La actuaci\u00f3n improvisada llega apenas unas horas antes de que Robbie Williams <a href=\"https:\/\/www.abc.es\/queplan\/sevilla\/conciertos\/robbie-williams-chico-malo-britpop-actua-martes-20260629122358-nts.html\" title=\"www.abc.es\" data-voc-vtm-id=\"in-text-traffic\" data-mrf-link=\"www.abc.es\" rel=\"nofollow noopener\" target=\"_blank\">inaugure este martes el desfile de grandes artistas internacionales<\/a> que protagonizar\u00e1n la recta final de Ic\u00f3nica Santaluc\u00eda Sevilla Fest 2026.<\/p>\n<p class=\"v-d-p\" style=\"\">El cantante brit\u00e1nico ofrecer\u00e1 su concierto en la Plaza de Espa\u00f1a dentro de su gira &#8216;<strong>Long 90&#8217;s Tour<\/strong>&#8216;, con la que tambi\u00e9n presenta su nuevo \u00e1lbum, &#8216;Britpop&#8217;. La apertura de puertas est\u00e1 prevista para las 20.00 horas y el espect\u00e1culo <strong>comenzar\u00e1 a las 22.30 horas<\/strong>.<\/p>\n<p class=\"v-d-p\" style=\"\">Su actuaci\u00f3n marcar\u00e1 el inicio de una <strong>programaci\u00f3n internacional que reunir\u00e1 en Sevilla<\/strong> durante las pr\u00f3ximas semanas a artistas como Lenny Kravitz, Juan Luis Guerra, Marilyn Manson, Moby, Maroon 5, Rub\u00e9n Blades, Jamiroquai, Fatboy Slim, Sting o The Prodigy, consolidando una edici\u00f3n m\u00e1s a Ic\u00f3nica como uno de los grandes festivales musicales del verano europeo.<\/p>\n<p><script async src=\"\/\/www.instagram.com\/embed.js\"><\/script><\/p>\n","protected":false},"excerpt":{"rendered":"Robbie Williams sorprendi\u00f3 este lunes por la noche al protagonizar una actuaci\u00f3n improvisada en pleno centro de Sevilla,&hellip;\n","protected":false},"author":2,"featured_media":633428,"comment_status":"","ping_status":"","sticky":false,"template":"","format":"standard","meta":{"footnotes":""},"categories":[170],"tags":[4669,10872,2339,146,147,25,24,4139,9817,39013,184,185,15783,1171,6924,23,308],"class_list":["post-633427","post","type-post","status-publish","format-standard","has-post-thumbnail","category-musica","tag-actuar","tag-calle","tag-concierto","tag-entertainment","tag-entretenimiento","tag-es","tag-espana","tag-fest","tag-iconica","tag-improvisado","tag-music","tag-musica","tag-robbie","tag-sevilla","tag-sorprende","tag-spain","tag-williams"],"share_on_mastodon":{"url":"https:\/\/pubeurope.com\/@es\/116837914227608600","error":""},"_links":{"self":[{"href":"https:\/\/www.europesays.com\/es\/wp-json\/wp\/v2\/posts\/633427","targetHints":{"allow":["GET"]}}],"collection":[{"href":"https:\/\/www.europesays.com\/es\/wp-json\/wp\/v2\/posts"}],"about":[{"href":"https:\/\/www.europesays.com\/es\/wp-json\/wp\/v2\/types\/post"}],"author":[{"embeddable":true,"href":"https:\/\/www.europesays.com\/es\/wp-json\/wp\/v2\/users\/2"}],"replies":[{"embeddable":true,"href":"https:\/\/www.europesays.com\/es\/wp-json\/wp\/v2\/comments?post=633427"}],"version-history":[{"count":0,"href":"https:\/\/www.europesays.com\/es\/wp-json\/wp\/v2\/posts\/633427\/revisions"}],"wp:featuredmedia":[{"embeddable":true,"href":"https:\/\/www.europesays.com\/es\/wp-json\/wp\/v2\/media\/633428"}],"wp:attachment":[{"href":"https:\/\/www.europesays.com\/es\/wp-json\/wp\/v2\/media?parent=633427"}],"wp:term":[{"taxonomy":"category","embeddable":true,"href":"https:\/\/www.europesays.com\/es\/wp-json\/wp\/v2\/categories?post=633427"},{"taxonomy":"post_tag","embeddable":true,"href":"https:\/\/www.europesays.com\/es\/wp-json\/wp\/v2\/tags?post=633427"}],"curies":[{"name":"wp","href":"https:\/\/api.w.org\/{rel}","templated":true}]}}