{"id":633606,"date":"2026-06-30T09:52:13","date_gmt":"2026-06-30T09:52:13","guid":{"rendered":"https:\/\/www.europesays.com\/es\/633606\/"},"modified":"2026-06-30T09:52:13","modified_gmt":"2026-06-30T09:52:13","slug":"la-influencer-esperansa-grasia-sorprende-en-el-hormiguero-mi-vecino-me-ha-denunciado","status":"publish","type":"post","link":"https:\/\/www.europesays.com\/es\/633606\/","title":{"rendered":"La influencer Esperansa Grasia sorprende en &#8216;El Hormiguero&#8217;: \u00abMi vecino me ha denunciado\u00bb"},"content":{"rendered":"<p style=\"\">La joven influencer Esperansa Grasia fich\u00f3 hace unos meses por el &#8216;Hormiguero&#8217; para ejercer de colaboradora y anoche se convirti\u00f3 en la invitada estrella del  &#8230; programa. Motos quiso saber en qu\u00e9 le hab\u00eda \u00abcambiado la vida\u00bb trabajar en &#8216;El Hormiguero&#8217;. \u00abMe ha pasado lo de ir por la calle y que me reconozcan tanto j\u00f3venes como personas mayores\u00bb, reconoci\u00f3 la joven que no tiene ning\u00fan v\u00ednculo familiar con la tarotista Esperanza Gracia<\/p>\n<p class=\"v-d-p\" style=\"\">De hecho, su nombre viene como un gui\u00f1o a la retirada vidente. La joven decidi\u00f3 utilizar este peculiar nombre cuando cre\u00f3 su cuenta en TikTok despu\u00e9s de ver un anuncio de la tarotista en Telecinco.<\/p>\n<p class=\"v-d-p\" style=\"\">Grasia comenz\u00f3 en TikTok con v\u00eddeos de sus perros. \u00abSoy muy vergonzosa y soy de un pueblo, entonces pueden hablar\u2026 Un d\u00eda me atrev\u00ed, me lo pas\u00e9 tan bien grab\u00e1ndolo, lo edit\u00e9 y al salir de mi trabajo, ten\u00eda muchas visitas\u2026 \u00a1Me hac\u00eda mucha ilusi\u00f3n!\u00bb, confes\u00f3. Comparti\u00f3 su afici\u00f3n a las redes sociales con su puesto de trabajo en un supermercado. Hasta que la joven apareci\u00f3 en un anuncio de Antena 3 y sus padres descubrieron el otro talento de su hija. \u00abCuando empezaron a ver esto (dinero), todo bien\u00bb, desvel\u00f3.<\/p>\n<p class=\"v-d-p\" style=\"\">Desde entonces la vida de la influencer ha cambiado por completo. Ahora se ha comprado hasta una casa en el pueblo. Aunque por ahora no todo son alegr\u00edas. \u00abUn vecino me ha denunciado. Me he hecho un techado para guardar el coche y le cae el agua a \u00e9l\u00bb, cont\u00f3 ante las risas de Motos.<\/p>\n<p class=\"v-d-p\" style=\"\">El presentado tambi\u00e9n quiso sacar el lado m\u00e1s \u00edntimo de su invitada&#8230; y lo logr\u00f3. Esperansa Grasia desvel\u00f3 que su amor plat\u00f3nico era Froil\u00e1n, el sobrino del Rey: \u00abMi abuela ve\u00eda el coraz\u00f3n y en las revistas sal\u00eda un ni\u00f1o descamisado que dec\u00eda &#8216;encontrado en Ibiza&#8217;. Yo ten\u00eda recortado a Froil\u00e1n en el cuarto. Yo creo que no le har\u00e1 mucha gracia, pero un besico muy grande\u00bb.<\/p>\n","protected":false},"excerpt":{"rendered":"La joven influencer Esperansa Grasia fich\u00f3 hace unos meses por el &#8216;Hormiguero&#8217; para ejercer de colaboradora y anoche&hellip;\n","protected":false},"author":2,"featured_media":633607,"comment_status":"","ping_status":"","sticky":false,"template":"","format":"standard","meta":{"footnotes":""},"categories":[174],"tags":[255,36602,146,147,25,24,14722,256,30933,17775,5764,6924,23,8839],"class_list":["post-633606","post","type-post","status-publish","format-standard","has-post-thumbnail","category-famosos","tag-celebrities","tag-denunciado","tag-entertainment","tag-entretenimiento","tag-es","tag-espana","tag-esperansa","tag-famosos","tag-grasia","tag-hormiguero","tag-influencer","tag-sorprende","tag-spain","tag-vecino"],"share_on_mastodon":{"url":"https:\/\/pubeurope.com\/@es\/116838448915803321","error":""},"_links":{"self":[{"href":"https:\/\/www.europesays.com\/es\/wp-json\/wp\/v2\/posts\/633606","targetHints":{"allow":["GET"]}}],"collection":[{"href":"https:\/\/www.europesays.com\/es\/wp-json\/wp\/v2\/posts"}],"about":[{"href":"https:\/\/www.europesays.com\/es\/wp-json\/wp\/v2\/types\/post"}],"author":[{"embeddable":true,"href":"https:\/\/www.europesays.com\/es\/wp-json\/wp\/v2\/users\/2"}],"replies":[{"embeddable":true,"href":"https:\/\/www.europesays.com\/es\/wp-json\/wp\/v2\/comments?post=633606"}],"version-history":[{"count":0,"href":"https:\/\/www.europesays.com\/es\/wp-json\/wp\/v2\/posts\/633606\/revisions"}],"wp:featuredmedia":[{"embeddable":true,"href":"https:\/\/www.europesays.com\/es\/wp-json\/wp\/v2\/media\/633607"}],"wp:attachment":[{"href":"https:\/\/www.europesays.com\/es\/wp-json\/wp\/v2\/media?parent=633606"}],"wp:term":[{"taxonomy":"category","embeddable":true,"href":"https:\/\/www.europesays.com\/es\/wp-json\/wp\/v2\/categories?post=633606"},{"taxonomy":"post_tag","embeddable":true,"href":"https:\/\/www.europesays.com\/es\/wp-json\/wp\/v2\/tags?post=633606"}],"curies":[{"name":"wp","href":"https:\/\/api.w.org\/{rel}","templated":true}]}}