{"id":633675,"date":"2026-06-30T10:40:17","date_gmt":"2026-06-30T10:40:17","guid":{"rendered":"https:\/\/www.europesays.com\/es\/633675\/"},"modified":"2026-06-30T10:40:17","modified_gmt":"2026-06-30T10:40:17","slug":"frenkie-de-jong-invita-al-optimismo","status":"publish","type":"post","link":"https:\/\/www.europesays.com\/es\/633675\/","title":{"rendered":"Frenkie de Jong invita al optimismo"},"content":{"rendered":"<p class=\"ft-text\"><strong>Frenkie de Jong regresa del Mundial 2026 con sensaciones encontradas<\/strong>. El centrocampista del Bar\u00e7a ha vuelto a demostrar que atraviesa uno de los mejores momentos de su carrera, consolid\u00e1ndose como <strong>el gran director de juego de una selecci\u00f3n neerlandesa que hab\u00eda ofrecido argumentos para so\u00f1ar<\/strong>. Sin embargo, el desenlace fue el de siempre para la &#8216;Oranje&#8217;: otra eliminaci\u00f3n cruel desde los once metros.<\/p>\n<p class=\"ft-text\"><a class=\"ft-link ft-link--decoration\" href=\"https:\/\/www.sport.es\/es\/noticias\/mundial-futbol\/bounou-llevo-marruecos-octavos-tanda-131954603\" rel=\"nofollow noopener\" target=\"_blank\">Pa\u00edses Bajos cay\u00f3 ante Marruecos en dieciseisavos de final tras empatar 1-1 y perder la tanda de penaltis (3-2)<\/a>. El conjunto de Ronald Koeman acarici\u00f3 la clasificaci\u00f3n despu\u00e9s del tanto de <strong>Cody Gakpo<\/strong> en el minuto 72, pero un cabezazo de <strong>Issa Diop <\/strong>en el descuento llev\u00f3 el encuentro a la pr\u00f3rroga y, posteriormente,<strong> a una tanda en la que Bono volvi\u00f3 a convertirse en h\u00e9roe.<\/strong><\/p>\n<p><img decoding=\"async\" src=\"https:\/\/www.europesays.com\/es\/wp-content\/uploads\/2026\/06\/33551ca5-22fd-4166-96bb-f9718516185c_alta-libre-aspect-ratio_default_0_x703y323.jpg\" width=\"1200\" height=\"829\" alt=\"Frenkie de Jong, en el duelo entre Pa\u00edses Bajos y T\u00fanez\" class=\"ft-helper-img-rd\" loading=\"lazy\" fetchpriority=\"auto\"\/><\/p>\n<p class=\"ft-helper-fontColor-quaternary ft-helper-fontSize-body-S ft-helper-spacer-t-xxs\">Frenkie de Jong, en el duelo entre Pa\u00edses Bajos y T\u00fanez  \/ Agencias<\/p>\n<p class=\"ft-text\"><a class=\"ft-link ft-link--decoration\" href=\"https:\/\/www.sport.es\/es\/noticias\/mundial-futbol\/ataque-ibrahimovic-koeman-parece-entrenador-131958242\" rel=\"nofollow noopener\" target=\"_blank\">La eliminaci\u00f3n supone un nuevo golpe psicol\u00f3gico para una selecci\u00f3n hist\u00f3ricamente castigada por los penaltis en los Mundiales.<\/a> Tras caer desde los once metros frente a Argentina en los cuartos de final de Qatar 2022 y haber sufrido otro desenlace similar en Brasil 2014, la historia volvi\u00f3 a repetirse. <strong>Tres Mundiales consecutivos con una despedida marcada por la loter\u00eda m\u00e1s cruel del f\u00fatbol.<\/strong><\/p>\n<p class=\"ft-text\"><strong>En lo individual, sin embargo, Frenkie sale reforzado.<\/strong> El azulgrana ha sido una de las piezas m\u00e1s fiables de Koeman durante el torneo. <strong>Due\u00f1o del ritmo de juego, imprescindible en la salida de bal\u00f3n y con la capacidad habitual para romper l\u00edneas conduciendo, el mediocentro ha confirmado la versi\u00f3n que ya exhibi\u00f3 durante la \u00faltima temporada con el Bar\u00e7a<\/strong>. Su influencia ha ido mucho m\u00e1s all\u00e1 de las estad\u00edsticas, ejerciendo como el aut\u00e9ntico eje futbol\u00edstico de una selecci\u00f3n que encontr\u00f3 en \u00e9l su principal punto de apoyo para construir desde atr\u00e1s y dominar la posesi\u00f3n.<\/p>\n<p><img decoding=\"async\" src=\"https:\/\/www.europesays.com\/es\/wp-content\/uploads\/2026\/06\/4fcfd222-30ad-4de9-8479-64b59e5e633a_alta-libre-aspect-ratio_default_0_x1000y444.jpg\" width=\"1200\" height=\"800\" alt=\"Frenkie de Jong felicita a Van Hecke, uno de los goleadores de Pa\u00edses Bajos contra T\u00fanez\" class=\"ft-helper-img-rd\" loading=\"lazy\" fetchpriority=\"auto\"\/><\/p>\n<p class=\"ft-helper-fontColor-quaternary ft-helper-fontSize-body-S ft-helper-spacer-t-xxs\">Frenkie de Jong felicita a Van Hecke, uno de los goleadores de Pa\u00edses Bajos contra T\u00fanez  \/ EFE<\/p>\n<p class=\"ft-text\">Incluso frente a Marruecos, en un encuentro de enorme exigencia f\u00edsica y t\u00e1ctica, <strong>De Jong mantuvo el nivel competitivo durante los 120 minutos, ofreciendo soluciones en la circulaci\u00f3n y tratando de dar continuidad al juego cuando el partido se fue rompiendo con el paso de los minutos<\/strong>. Sin embargo, ni siquiera su liderazgo pudo evitar un desenlace que volvi\u00f3 a condenar a los neerlandeses.<\/p>\n<p class=\"ft-text\">Parad\u00f3jicamente, <strong>el Mundial deja un mensaje optimista para el Bar\u00e7a<\/strong>. Hansi Flick recuperar\u00e1 a un Frenkie plenamente consolidado como uno de los mejores centrocampistas del torneo y reafirmado como l\u00edder tanto en su club como en su selecci\u00f3n. <strong>La decepci\u00f3n colectiva no empa\u00f1a un campeonato en el que el neerland\u00e9s ha vuelto a demostrar que, cuando est\u00e1 al cien por cien f\u00edsicamente, pertenece a la \u00e9lite mundial en su posici\u00f3n.<\/strong><\/p>\n<p class=\"ft-text\"><strong>La cara, por tanto, es la confirmaci\u00f3n definitiva del mejor Frenkie<\/strong>. La cruz, una eliminaci\u00f3n que prolonga la eterna pesadilla de Pa\u00edses Bajos con las tandas de penaltis y que vuelve a dejar al centrocampista azulgrana sin el premio que su rendimiento individual parec\u00eda merecer.<\/p>\n","protected":false},"excerpt":{"rendered":"Frenkie de Jong regresa del Mundial 2026 con sensaciones encontradas. El centrocampista del Bar\u00e7a ha vuelto a demostrar&hellip;\n","protected":false},"author":2,"featured_media":633676,"comment_status":"","ping_status":"","sticky":false,"template":"","format":"standard","meta":{"footnotes":""},"categories":[268],"tags":[5436,168,25,24,1058,280,34348,282,13619,1070,32463,281,23,167],"class_list":["post-633675","post","type-post","status-publish","format-standard","has-post-thumbnail","category-futbol","tag-buen","tag-deportes","tag-es","tag-espana","tag-final","tag-football","tag-frenkie","tag-futbol","tag-jong","tag-mundial","tag-mundial-2026","tag-soccer","tag-spain","tag-sports"],"share_on_mastodon":{"url":"https:\/\/pubeurope.com\/@es\/116838638640214880","error":""},"_links":{"self":[{"href":"https:\/\/www.europesays.com\/es\/wp-json\/wp\/v2\/posts\/633675","targetHints":{"allow":["GET"]}}],"collection":[{"href":"https:\/\/www.europesays.com\/es\/wp-json\/wp\/v2\/posts"}],"about":[{"href":"https:\/\/www.europesays.com\/es\/wp-json\/wp\/v2\/types\/post"}],"author":[{"embeddable":true,"href":"https:\/\/www.europesays.com\/es\/wp-json\/wp\/v2\/users\/2"}],"replies":[{"embeddable":true,"href":"https:\/\/www.europesays.com\/es\/wp-json\/wp\/v2\/comments?post=633675"}],"version-history":[{"count":0,"href":"https:\/\/www.europesays.com\/es\/wp-json\/wp\/v2\/posts\/633675\/revisions"}],"wp:featuredmedia":[{"embeddable":true,"href":"https:\/\/www.europesays.com\/es\/wp-json\/wp\/v2\/media\/633676"}],"wp:attachment":[{"href":"https:\/\/www.europesays.com\/es\/wp-json\/wp\/v2\/media?parent=633675"}],"wp:term":[{"taxonomy":"category","embeddable":true,"href":"https:\/\/www.europesays.com\/es\/wp-json\/wp\/v2\/categories?post=633675"},{"taxonomy":"post_tag","embeddable":true,"href":"https:\/\/www.europesays.com\/es\/wp-json\/wp\/v2\/tags?post=633675"}],"curies":[{"name":"wp","href":"https:\/\/api.w.org\/{rel}","templated":true}]}}