{"id":633698,"date":"2026-06-30T10:56:15","date_gmt":"2026-06-30T10:56:15","guid":{"rendered":"https:\/\/www.europesays.com\/es\/633698\/"},"modified":"2026-06-30T10:56:15","modified_gmt":"2026-06-30T10:56:15","slug":"el-fiscal-concluye-que-kitchen-tenia-una-finalidad-bastarda-boicotear-el-caso-de-la-caja-b-y-proteger-a-dirigentes-del-pp","status":"publish","type":"post","link":"https:\/\/www.europesays.com\/es\/633698\/","title":{"rendered":"El fiscal concluye que Kitchen ten\u00eda \u201cuna finalidad bastarda\u201d: \u201cboicotear\u201d el caso de la caja B y \u201cproteger\u201d a dirigentes del PP"},"content":{"rendered":"<p class=\"article-text\">\n        El fiscal Anticorrupci\u00f3n C\u00e9sar de Rivas expone esta ma\u00f1ana sus conclusiones del juicio Kitchen. De Rivas considera que en el juicio se ha acreditado la \u201cfinalidad bastarda\u201d del operativo de vigilancias a la familia B\u00e1rcenas y robo de documentaci\u00f3n por un grupo de mandos policiales con el objetivo de \u201cboicotear u obstaculizar\u201d la investigaci\u00f3n de la caja B del Partido Popular y \u201cproteger\u201d as\u00ed a los \u201cdirigentes\u201d de la formaci\u00f3n pol\u00edtica.\n    <\/p>\n<p>    <a href=\"https:\/\/www.eldiario.es\/politica\/juicio-final-guerra-sucia-pp-especial-eldiario-operacion-kitchen_1_13104422.html\" data-mrf-recirculation=\"saber-mas\" data-dl-event=\"saber-mas\" rel=\"nofollow noopener\" target=\"_blank\"><\/p>\n<p class=\"know-more__title\">&#8216;Juicio final a la guerra sucia del PP&#8217;: un documental de elDiario.es sobre la Operaci\u00f3n Kitchen<\/p>\n<p>            <\/a><\/p>\n<p class=\"article-text\">\n        De Rivas tambi\u00e9n da por acreditada la direcci\u00f3n del operativo que mantuvo el entonces ministro del Interior, Jorge Fern\u00e1ndez D\u00edaz, de acuerdo a los mensajes que envi\u00f3 a su n\u00famero dos, Francisco Mart\u00ednez, y que este protocoliz\u00f3 ante notario.\n    <\/p>\n<p class=\"article-text\">\n        Ya en los primeros momentos de su intervenci\u00f3n, el fiscal Anticorrupci\u00f3n ha descartado la tesis de las defensas de que se trataba de un \u201coperativo de inteligencia\u201d. El fiscal ha dicho que el dinero escondido por B\u00e1rcenas ya hab\u00eda aparecido, que los seguimientos y el robo de dispositivos no casan con una \u201coperaci\u00f3n de inteligencia\u201d.\n    <\/p>\n<p class=\"article-text\">\n        De Rivas ha planteado que dificilmente sus protagonistas podr\u00edan estar contribuyendo al esclarecimiento de unos hechos si no informaron al juez del caso de la caja B en ning\u00fan momento y tampoco a la UDEF, que actuaba como \u201cpolic\u00eda judicial\u201d en la causa de la Audiencia Nacinonal. \u201cEsa falta de interlocuci\u00f3n les imped\u00eda conocer cualquier laguna que necesitara ser completada el caso Gurtel\u201d, ha rematado.\n    <\/p>\n<p>    <a href=\"https:\/\/www.eldiario.es\/politica\/juicio-kitchen-encara-final-dura-peticion-carcel-fiscalia-pacto-no-agresion-acusados_1_13342494.html\" data-mrf-recirculation=\"saber-mas-abajo\" data-dl-event=\"saber-mas-abajo\" rel=\"nofollow noopener\" target=\"_blank\"><\/p>\n<p class=\"know-more__title\">El juicio de Kitchen encara su final con una dura petici\u00f3n de c\u00e1rcel por la Fiscal\u00eda y el pacto de no agresi\u00f3n entre acusados<\/p>\n<p>            <img decoding=\"async\" class=\"lazy\" loading=\"lazy\" data-src=\"https:\/\/static.eldiario.es\/clip\/4aec5fbc-9dae-4a52-a282-e1f8d27e358f_16-9-aspect-ratio_default_0.jpg\" src=\"data:image\/svg+xml,%3Csvg xmlns=\" http:=\"\" viewbox=\"0 0 880 495\" alt=\"El juicio de Kitchen encara su final con una dura petici\u00f3n de c\u00e1rcel por la Fiscal\u00eda y el pacto de no agresi\u00f3n entre acusados\"\/><\/p>\n<p>                        <\/a><\/p>\n<p class=\"article-text\">\n        El fiscal ha puesto en valor la declaraci\u00f3n del jefe policial de la investigaci\u00f3n de Kitchen, el inspector jefe Gonzalo Fraga, en especial cuando defendi\u00f3 ante el tribunal la veracidad de las anotaciones de Villarejo en su agenda privada. \u201cVillarejo no se enga\u00f1a a s\u00ed mismo\u201d, dijo Fraga y ha reproducido hoy el fiscal, que est\u00e1 citando los manuscritos durante su intervenci\u00f3n para apuntalar la responsabilidad de cada una de las siete personas para las que Anticorrupci\u00f3n pide pena de c\u00e1rcel.\n    <\/p>\n","protected":false},"excerpt":{"rendered":"El fiscal Anticorrupci\u00f3n C\u00e9sar de Rivas expone esta ma\u00f1ana sus conclusiones del juicio Kitchen. De Rivas considera que&hellip;\n","protected":false},"author":2,"featured_media":633699,"comment_status":"","ping_status":"","sticky":false,"template":"","format":"standard","meta":{"footnotes":""},"categories":[5],"tags":[11650,117405,41751,17,18,8221,6985,14734,9061,25,24,13,14,117404,6987,11,12795,19,20,9,10,15,16,2885,956,9660,23,8736,12,21,22],"class_list":["post-633698","post","type-post","status-publish","format-standard","has-post-thumbnail","category-titulares","tag-b","tag-bastarda","tag-boicotear","tag-breaking-news","tag-breakingnews","tag-caja","tag-caso","tag-concluye","tag-dirigentes","tag-es","tag-espana","tag-featured-news","tag-featurednews","tag-finalidad","tag-fiscal","tag-headlines","tag-kitchen","tag-latest-news","tag-latestnews","tag-news","tag-noticias","tag-noticias-destacadas","tag-noticiasdestacadas","tag-operacion","tag-pp","tag-proteger","tag-spain","tag-tenia","tag-titulares","tag-ultimas-noticias","tag-ultimasnoticias"],"share_on_mastodon":{"url":"https:\/\/pubeurope.com\/@es\/116838700635424432","error":""},"_links":{"self":[{"href":"https:\/\/www.europesays.com\/es\/wp-json\/wp\/v2\/posts\/633698","targetHints":{"allow":["GET"]}}],"collection":[{"href":"https:\/\/www.europesays.com\/es\/wp-json\/wp\/v2\/posts"}],"about":[{"href":"https:\/\/www.europesays.com\/es\/wp-json\/wp\/v2\/types\/post"}],"author":[{"embeddable":true,"href":"https:\/\/www.europesays.com\/es\/wp-json\/wp\/v2\/users\/2"}],"replies":[{"embeddable":true,"href":"https:\/\/www.europesays.com\/es\/wp-json\/wp\/v2\/comments?post=633698"}],"version-history":[{"count":0,"href":"https:\/\/www.europesays.com\/es\/wp-json\/wp\/v2\/posts\/633698\/revisions"}],"wp:featuredmedia":[{"embeddable":true,"href":"https:\/\/www.europesays.com\/es\/wp-json\/wp\/v2\/media\/633699"}],"wp:attachment":[{"href":"https:\/\/www.europesays.com\/es\/wp-json\/wp\/v2\/media?parent=633698"}],"wp:term":[{"taxonomy":"category","embeddable":true,"href":"https:\/\/www.europesays.com\/es\/wp-json\/wp\/v2\/categories?post=633698"},{"taxonomy":"post_tag","embeddable":true,"href":"https:\/\/www.europesays.com\/es\/wp-json\/wp\/v2\/tags?post=633698"}],"curies":[{"name":"wp","href":"https:\/\/api.w.org\/{rel}","templated":true}]}}