{"id":633731,"date":"2026-06-30T11:23:11","date_gmt":"2026-06-30T11:23:11","guid":{"rendered":"https:\/\/www.europesays.com\/es\/633731\/"},"modified":"2026-06-30T11:23:11","modified_gmt":"2026-06-30T11:23:11","slug":"burgos-vuelve-a-situarse-en-el-mapa-del-golf-internacional-con-la-celebracion-del-alps-de-las-castillas-en-golf-lerma","status":"publish","type":"post","link":"https:\/\/www.europesays.com\/es\/633731\/","title":{"rendered":"Burgos vuelve a situarse en el mapa del golf internacional con la celebraci\u00f3n del Alps de Las Castillas en Golf Lerma"},"content":{"rendered":"<p class=\"paragraph\">La provincia de Burgos volver\u00e1 a convertirse en referente del golf profesional europeo con la celebraci\u00f3n del Alps de Las Castillas, una de las pruebas m\u00e1s destacadas del calendario del Alps Tour, que se disputar\u00e1 del 9 al 11 de julio en las instalaciones de Golf Lerma. El torneo reunir\u00e1 a 144 jugadores profesionales procedentes de m\u00e1s de quince nacionalidades, consolidando a Burgos como uno de los grandes escenarios del deporte internacional y reforzando su proyecci\u00f3n como destino de turismo deportivo.<\/p>\n<p class=\"paragraph\">La portavoz de la Diputaci\u00f3n Provincial de Burgos, Inmaculada Sierra, ha destacado la importancia de acoger una prueba de estas caracter\u00edsticas para la proyecci\u00f3n de la provincia. \u00abEl Alps de Las Castillas vuelve a situar a Burgos en el escaparate del deporte internacional y demuestra nuestra capacidad para albergar competiciones de primer nivel. Apostar por este tipo de eventos supone generar actividad econ\u00f3mica, atraer visitantes y reforzar la imagen de la provincia como un destino de calidad para el turismo deportivo\u00bb.<\/p>\n<p class=\"paragraph\">Sierra ha subrayado adem\u00e1s el compromiso de la instituci\u00f3n provincial con la organizaci\u00f3n de acontecimientos que contribuyen al desarrollo del territorio. \u00abDesde la Diputaci\u00f3n trabajamos para que el deporte sea tambi\u00e9n un motor de promoci\u00f3n de nuestros municipios. Este torneo re\u00fane a jugadores de numerosos pa\u00edses, medios especializados y aficionados, convirti\u00e9ndose en una magn\u00edfica oportunidad para mostrar el patrimonio, la gastronom\u00eda y los recursos tur\u00edsticos de Burgos\u00bb.<\/p>\n<p class=\"paragraph\">La competici\u00f3n llega en un momento decisivo de la temporada del Alps Tour, ya que los participantes afrontan una fase clave en la lucha por la Orden de M\u00e9rito, clasificaci\u00f3n que determina el acceso a categor\u00edas superiores del golf profesional europeo. Cada golpe en Lerma puede resultar determinante para las aspiraciones de los jugadores que buscan dar el salto a los principales circuitos continentales.<\/p>\n<p class=\"paragraph\">El recorrido de Golf Lerma, un campo de par 72 inaugurado en 1992 sobre una antigua finca de m\u00e1s de 200 hect\u00e1reas, ofrecer\u00e1 un exigente reto deportivo. Sus amplias calles, la presencia de vegetaci\u00f3n aut\u00f3ctona como encinas y enebros y la influencia habitual del viento convierten el recorrido burgal\u00e9s en un escenario donde la estrategia y la precisi\u00f3n ser\u00e1n fundamentales para alcanzar la victoria.<\/p>\n<p class=\"paragraph\">Entre los participantes figuran algunos de los nombres m\u00e1s destacados del circuito, como el italiano Enrico Di Nitto, el irland\u00e9s Robert Moran, los espa\u00f1oles Pablo Alperi y Mario Galiano, o el franc\u00e9s Alexandre Vandermoten, todos ellos situados entre los mejores clasificados del ranking del Alps Tour. La representaci\u00f3n espa\u00f1ola ser\u00e1 especialmente numerosa, con jugadores de reconocido prestigio como \u00c1lvaro Quir\u00f3s, Alejandro Ca\u00f1izares, Pedro Oriol, Emilio Cuartero o Jorge Maicas, entre otros.<\/p>\n<p class=\"paragraph\">El Alps Tour celebra adem\u00e1s este a\u00f1o su 25.\u00ba aniversario, consolidado como uno de los principales circuitos de acceso al golf profesional europeo y plataforma de lanzamiento para numerosos jugadores que posteriormente han alcanzado los grandes circuitos internacionales. El Alps de Las Castillas se presenta como una de las pruebas m\u00e1s relevantes del calendario estival, cuando la clasificaci\u00f3n general comienza a perfilar los objetivos de ascenso de los participantes.<\/p>\n<p class=\"paragraph\">La celebraci\u00f3n del torneo supondr\u00e1 tambi\u00e9n un importante impulso para la econom\u00eda provincial gracias a la llegada de jugadores, equipos t\u00e9cnicos, organizaci\u00f3n, medios de comunicaci\u00f3n y acompa\u00f1antes, que permanecer\u00e1n durante toda la semana en Burgos. La prueba contribuir\u00e1 igualmente a reforzar el posicionamiento de la provincia como destino de turismo deportivo y como sede habitual de grandes acontecimientos vinculados al golf.<\/p>\n<p class=\"paragraph\">En este sentido, Inmaculada Sierra ha puesto en valor la colaboraci\u00f3n entre administraciones y entidades organizadoras. \u00abEl \u00e9xito de iniciativas como esta es fruto del trabajo conjunto entre instituciones, federaciones y organizadores. Esa colaboraci\u00f3n nos permite consolidar a Burgos como una sede de referencia para el golf profesional y seguir atrayendo eventos que generan riqueza, actividad econ\u00f3mica y oportunidades para nuestros municipios\u00bb.<\/p>\n<p class=\"paragraph\">La portavoz provincial ha animado adem\u00e1s a los aficionados a acercarse a Golf Lerma durante los d\u00edas de competici\u00f3n. \u00abInvitamos a todos los burgaleses y a quienes visiten la provincia a disfrutar de un espect\u00e1culo deportivo de primer nivel en un entorno privilegiado como Golf Lerma. Ser\u00e1 una magn\u00edfica ocasi\u00f3n para contemplar de cerca a algunos de los mejores jugadores del circuito europeo de desarrollo y seguir demostrando que Burgos est\u00e1 preparada para acoger grandes eventos deportivos\u00bb.<\/p>\n<p class=\"paragraph\">El torneo contar\u00e1 con seguimiento en directo mediante el sistema oficial de resultados del Alps Tour y tendr\u00e1 presencia televisiva a trav\u00e9s de Movistar Plus+ Golf, contribuyendo a proyectar la imagen de Burgos y de Castilla y Le\u00f3n entre miles de aficionados al golf.<\/p>\n<p class=\"paragraph\">El Alps de Las Castillas est\u00e1 patrocinado por la Real Federaci\u00f3n Espa\u00f1ola de Golf, las federaciones de golf de Castilla y Le\u00f3n y Castilla-La Mancha, Consejo Superior de Deportes, el Alps Tour y la Diputaci\u00f3n Provincial de Burgos, entre otras entidades colaboradoras, y est\u00e1 organizado por JGolf.<\/p>\n","protected":false},"excerpt":{"rendered":"La provincia de Burgos volver\u00e1 a convertirse en referente del golf profesional europeo con la celebraci\u00f3n del Alps&hellip;\n","protected":false},"author":2,"featured_media":633732,"comment_status":"","ping_status":"","sticky":false,"template":"","format":"standard","meta":{"footnotes":""},"categories":[275],"tags":[623,168,48999,25,24,329,57779,23,167,4664],"class_list":["post-633731","post","type-post","status-publish","format-standard","has-post-thumbnail","category-golf","tag-burgos","tag-deportes","tag-diputacion-de-burgos","tag-es","tag-espana","tag-golf","tag-lerma","tag-spain","tag-sports","tag-turismo"],"share_on_mastodon":{"url":"https:\/\/pubeurope.com\/@es\/116838806884698511","error":""},"_links":{"self":[{"href":"https:\/\/www.europesays.com\/es\/wp-json\/wp\/v2\/posts\/633731","targetHints":{"allow":["GET"]}}],"collection":[{"href":"https:\/\/www.europesays.com\/es\/wp-json\/wp\/v2\/posts"}],"about":[{"href":"https:\/\/www.europesays.com\/es\/wp-json\/wp\/v2\/types\/post"}],"author":[{"embeddable":true,"href":"https:\/\/www.europesays.com\/es\/wp-json\/wp\/v2\/users\/2"}],"replies":[{"embeddable":true,"href":"https:\/\/www.europesays.com\/es\/wp-json\/wp\/v2\/comments?post=633731"}],"version-history":[{"count":0,"href":"https:\/\/www.europesays.com\/es\/wp-json\/wp\/v2\/posts\/633731\/revisions"}],"wp:featuredmedia":[{"embeddable":true,"href":"https:\/\/www.europesays.com\/es\/wp-json\/wp\/v2\/media\/633732"}],"wp:attachment":[{"href":"https:\/\/www.europesays.com\/es\/wp-json\/wp\/v2\/media?parent=633731"}],"wp:term":[{"taxonomy":"category","embeddable":true,"href":"https:\/\/www.europesays.com\/es\/wp-json\/wp\/v2\/categories?post=633731"},{"taxonomy":"post_tag","embeddable":true,"href":"https:\/\/www.europesays.com\/es\/wp-json\/wp\/v2\/tags?post=633731"}],"curies":[{"name":"wp","href":"https:\/\/api.w.org\/{rel}","templated":true}]}}