{"id":633791,"date":"2026-06-30T12:11:15","date_gmt":"2026-06-30T12:11:15","guid":{"rendered":"https:\/\/www.europesays.com\/es\/633791\/"},"modified":"2026-06-30T12:11:15","modified_gmt":"2026-06-30T12:11:15","slug":"dopaje-delio-fernandez-viola-su-suspension","status":"publish","type":"post","link":"https:\/\/www.europesays.com\/es\/633791\/","title":{"rendered":"Dopaje: Delio Fern\u00e1ndez viola su suspensi\u00f3n"},"content":{"rendered":"<p><a href=\"https:\/\/www.ciclo21.com\/wp-content\/uploads\/2025\/07\/Captura-de-Pantalla-2026-06-30-a-las-13.24.33.png\" target=\"_blank\" rel=\"noopener nofollow\"><img fetchpriority=\"high\" decoding=\"async\" aria-describedby=\"caption-attachment-472035\" class=\"wp-image-472035 size-full lazy\" src=\"data:image\/svg+xml,%3Csvg%20xmlns=\" http:=\"\" data-src=\"https:\/\/www.europesays.com\/es\/wp-content\/uploads\/2026\/06\/Captura-de-Pantalla-2026-06-30-a-las-13.24.33.png.webp\" alt=\"\" width=\"1006\" height=\"624\" data- data-\/><\/a><\/p>\n<p id=\"caption-attachment-472035\" class=\"wp-caption-text\">Dorsal de Delio Fern\u00e1ndez<\/p>\n<p style=\"text-align: justify;\"><strong><a href=\"https:\/\/twitter.com\/fernanferrari\" target=\"_blank\" rel=\"noopener nofollow\">Fernando Ferrari<\/a> \/ <a href=\"https:\/\/www.ciclo21.com\/whatsapp-telegram-2025\/\" target=\"_blank\" rel=\"noopener nofollow\">Ciclo 21<\/a><\/strong><\/p>\n<p style=\"text-align: justify;\"><strong>Delio Fern\u00e1ndez, suspendido por la Uni\u00f3n Ciclista Internacional (UCI) por uso de m\u00e9todos prohibidos y\/o sustancias prohibidas<\/strong> y a la espera de veredicto y resoluci\u00f3n de su expediente, <strong>viol\u00f3 su actual estado deportivo participando el pasado 24 de mayo en la marcha cicloturista \u00c1lvaro Pino.\u00a0<\/strong><\/p>\n<p style=\"text-align: justify;\">Como marcan los reglamentos de la Agencia Mundial Antidopaje (AMA) y\/o la <a href=\"https:\/\/www.boe.es\/diario_boe\/txt.php?id=BOE-A-2021-21650\" target=\"_blank\" rel=\"noopener nofollow\"><strong>ley org\u00e1nica espa\u00f1ola de lucha contra el dopaje en el deporte en su art\u00faculo 30.6<\/strong><\/a>, <strong>ning\u00fan deportista suspendido o sancionado puede participar<\/strong> en ninguna clase de evento deportivo y menos si es federado. En el caso de\u00a0 la marcha con sede en la localidad pontevedresa de Ponteareas se puede salir con licencia vigente o con licencia de d\u00eda. Por tanto Fern\u00e1ndez, al no poseer obviamente el documento vetado por la UCI, hubo de abonar la licencia de un d\u00eda para poder inscribirse, recibir el dorsal, tener cobertura del seguro y participar en la prueba como uno m\u00e1s.<\/p>\n<p style=\"text-align: justify;\">Que Fern\u00e1ndez -patrocinado por una importante y conocida empresa francesa de material deportivo a pesar de su situaci\u00f3n- pudiera tomar parte en la prueba hace corresponsables a la organizaci\u00f3n, el <strong>Club Ciclista \u00c1lvaro Pino, y a la federaciones gallega y espa\u00f1ola<\/strong> (RFEC) de ciclismo por no vigilar y controlar que ciclistas suspendidos por dopaje no puedan formar parte del evento.<\/p>\n<p style=\"text-align: justify;\">Adem\u00e1s, <strong>\u00c1lvaro Pino<\/strong> no tuvo problema alguno en fotografiarse con el implicado, quien, a su vez, lo difundi\u00f3 en sus redes sociales con la mayor naturalidad y normalidad.\u00a0<\/p>\n<p style=\"text-align: justify;\"><strong>La UCI deber\u00e1 ahora tomar nota de la infracci\u00f3n<\/strong> del exprofesional gallego a la hora de valorar el proceso en el que se haya inmerso por si puede influir en un aumento de la presunta sanci\u00f3n a la que puede verse abocado por sus posibles problemas con el paaporte biol\u00f3gico en su etapa en el ciclismo portugu\u00e9s.<\/p>\n<p style=\"text-align: justify;\">Recordamos que adem\u00e1s de Fern\u00e1ndez, tambi\u00e9n espera decisi\u00f3n <strong><a href=\"https:\/\/www.ciclo21.com\/oier-lazkano-suspendido-dopaje-anomalias-2024\/\" target=\"_blank\" rel=\"noopener nofollow\">Oier Lazkano<\/a>,<\/strong> sin licencia por irregularidades en su pasaporte biol\u00f3gico en su \u00faltimo a\u00f1o con el Movistar, antes de fichar por el Red Bull alem\u00e1n, que le despidi\u00f3 tras conocerse oficialmente su caso.<\/p>\n<p><a href=\"https:\/\/www.ciclo21.com\/dopaje-lista-suspendidos-y-sancionados-uci-celad\/\" target=\"_blank\" rel=\"noopener nofollow\"><strong>DOPAJE: LISTA DE SUSPENDIDOS Y SANCIONADOS<\/strong><\/a><\/p>\n<p><a href=\"https:\/\/www.ciclo21.com\/wp-content\/uploads\/2025\/07\/Captura-de-Pantalla-2026-06-30-a-las-13.26.27.png\" target=\"_blank\" rel=\"noopener nofollow\"><img loading=\"lazy\" decoding=\"async\" aria-describedby=\"caption-attachment-472036\" class=\"wp-image-472036 size-large lazy\" src=\"data:image\/svg+xml,%3Csvg%20xmlns=\" http:=\"\" data-src=\"https:\/\/www.europesays.com\/es\/wp-content\/uploads\/2026\/06\/Captura-de-Pantalla-2026-06-30-a-las-13.26.27-871x1024.png.webp\" alt=\"\" width=\"620\" height=\"729\" data- data-\/><\/a><\/p>\n<p id=\"caption-attachment-472036\" class=\"wp-caption-text\">Pino y Fern\u00e1ndez \u00a9 facebook<\/p>\n<p><strong>23 julio 2025<\/strong><\/p>\n<p style=\"text-align: justify;\"><strong>Delio Fern\u00e1ndez<\/strong> ha sido <strong>suspendido por la Uni\u00f3n Ciclista Internacional (UCI) por uso de m\u00e9todos prohibidos y\/o sustancias prohibidas,<\/strong> de lo que se puede deducir -como en casos precedentes- de <strong>anomal\u00edas en su pasaporte biol\u00f3gico.<\/strong> Ahora deber\u00e1 esperar a que se resuelva su expediente abierto, d\u00e9 sus explicaciones y posible colaboraci\u00f3n y exponerse a una sanci\u00f3n de <strong>3 o 4 a\u00f1os.<\/strong><\/p>\n<p style=\"text-align: justify;\">El <strong>gallego de 39 a\u00f1os<\/strong> (17 febrero 1986) iba a retirarse del ciclismo profesional en 2024, pero decidi\u00f3 prorrogar su\u00a0 longeva carrera en 2025 con el equipo continental portugu\u00e9s <strong>APHotels &amp; Resorts \/ Tavira \/ SC Farense dirigido por Vital Fitas.<\/strong> Un conjunto en el que milit\u00f3 desde 2022 tras su etapa francesa en el <strong>Delko<\/strong> (2016-2021). Fern\u00e1ndez debut\u00f3 en 2008 en el <strong>Xacobeo Galicia<\/strong> donde permaneci\u00f3 hasta 2010, \u00faltimo a\u00f1o de la formaci\u00f3n de \u00c1lvaro Pino. De ah\u00ed pas\u00f3 al pelot\u00f3n portugu\u00e9s tres campa\u00f1as con el <strong>Quinta da Lixa<\/strong> de 3\u00aa divisi\u00f3n con sus marcas <strong>OFM y W52.<\/strong><\/p>\n<p style=\"text-align: justify;\">Pero Fern\u00e1ndez <strong>anunci\u00f3 el pasado 2 de abril que acababa su estancia en el profesionalismo<\/strong> tras disputar apenas cuatro competiciones, incluida <a href=\"https:\/\/www.ciclo21.com\/5a-o-gran-camino-2025-cort-gee\/\" target=\"_blank\" rel=\"noopener nofollow\"><strong>O Gran Cami\u00f1o donde termin\u00f3 70\u00ba en la general<\/strong><\/a>. Un par\u00f3n que puede ser ahora explicado por la comunicaci\u00f3n de la UCI por haber violado las normas antidopaje. Ese d\u00eda se despidi\u00f3 en sus redes sociales haciendo un repaso a su carrera: \u00abNunca pens\u00e9 que ese ni\u00f1o de 7 a\u00f1os que hac\u00eda yincanas acabar\u00eda dedic\u00e1ndose al ciclismo profesional durante 18 a\u00f1os. Y lleg\u00f3 el momento de parar\u2026 El ciclismo requiere estar al 100% f\u00edsica y mentalmente, y <strong>yo no he podido hacerlo durante un tiempo<\/strong>. Me siento afortunado por todo lo que el ciclismo me ha dado y por la gente que he conocido en el camino. Quiero agradecer todo el apoyo que he recibido durante este tiempo, especialmente a mi familia, que ha estado conmigo en los buenos y malos momentos, y sin ellos este largo viaje no habr\u00eda sido posible. Gracias a todos\u00bb.<\/p>\n<p style=\"text-align: justify;\">En su palmar\u00e9s figuran <a href=\"https:\/\/www.ciclo21.com\/5a-volta-portugal-2023-delio-fernandez\/\" target=\"_blank\" rel=\"noopener nofollow\"><strong>4 etapas de la Volta a Portugal -la \u00faltima en 2023-<\/strong><\/a> y las generales finales del <a href=\"https:\/\/www.ciclo21.com\/6a-tour-austria-solo-denifl-bate-a-delio-fernandez\/\" target=\"_blank\" rel=\"noopener nofollow\"><strong>Tour de Austria 2019 -por la descalificaci\u00f3n por dopaje de Stefan Denifl-<\/strong><\/a> y el GP Torres Vedras-Memorial Joaquim Agostinho 2014.<\/p>\n<p>  <script async src=\"https:\/\/platform.twitter.com\/widgets.js\" charset=\"utf-8\"><\/script><\/p>\n","protected":false},"excerpt":{"rendered":"Dorsal de Delio Fern\u00e1ndez Fernando Ferrari \/ Ciclo 21 Delio Fern\u00e1ndez, suspendido por la Uni\u00f3n Ciclista Internacional (UCI)&hellip;\n","protected":false},"author":2,"featured_media":633792,"comment_status":"","ping_status":"","sticky":false,"template":"","format":"standard","meta":{"footnotes":""},"categories":[273],"tags":[313,312,117422,168,16580,25,24,23,167],"class_list":["post-633791","post","type-post","status-publish","format-standard","has-post-thumbnail","category-ciclismo","tag-ciclismo","tag-cycling","tag-delio-fernandez","tag-deportes","tag-dopaje","tag-es","tag-espana","tag-spain","tag-sports"],"share_on_mastodon":{"url":"https:\/\/pubeurope.com\/@es\/116838995472827121","error":""},"_links":{"self":[{"href":"https:\/\/www.europesays.com\/es\/wp-json\/wp\/v2\/posts\/633791","targetHints":{"allow":["GET"]}}],"collection":[{"href":"https:\/\/www.europesays.com\/es\/wp-json\/wp\/v2\/posts"}],"about":[{"href":"https:\/\/www.europesays.com\/es\/wp-json\/wp\/v2\/types\/post"}],"author":[{"embeddable":true,"href":"https:\/\/www.europesays.com\/es\/wp-json\/wp\/v2\/users\/2"}],"replies":[{"embeddable":true,"href":"https:\/\/www.europesays.com\/es\/wp-json\/wp\/v2\/comments?post=633791"}],"version-history":[{"count":0,"href":"https:\/\/www.europesays.com\/es\/wp-json\/wp\/v2\/posts\/633791\/revisions"}],"wp:featuredmedia":[{"embeddable":true,"href":"https:\/\/www.europesays.com\/es\/wp-json\/wp\/v2\/media\/633792"}],"wp:attachment":[{"href":"https:\/\/www.europesays.com\/es\/wp-json\/wp\/v2\/media?parent=633791"}],"wp:term":[{"taxonomy":"category","embeddable":true,"href":"https:\/\/www.europesays.com\/es\/wp-json\/wp\/v2\/categories?post=633791"},{"taxonomy":"post_tag","embeddable":true,"href":"https:\/\/www.europesays.com\/es\/wp-json\/wp\/v2\/tags?post=633791"}],"curies":[{"name":"wp","href":"https:\/\/api.w.org\/{rel}","templated":true}]}}