{"id":633819,"date":"2026-06-30T12:28:14","date_gmt":"2026-06-30T12:28:14","guid":{"rendered":"https:\/\/www.europesays.com\/es\/633819\/"},"modified":"2026-06-30T12:28:14","modified_gmt":"2026-06-30T12:28:14","slug":"begona-gomez-pide-al-juez-peinado-permiso-para-asistir-a-la-cumbre-de-la-otan-en-ankara-y-a-la-graduacion-de-una-hija-en-londres","status":"publish","type":"post","link":"https:\/\/www.europesays.com\/es\/633819\/","title":{"rendered":"Bego\u00f1a G\u00f3mez pide al juez Peinado permiso para asistir a la cumbre de la OTAN en Ankara y a la graduaci\u00f3n de una hija en Londres"},"content":{"rendered":"<p class=\"article-text\">\n        Bego\u00f1a G\u00f3mez, esposa del presidente del Gobierno, ha solicitado al juzgado de Juan Carlos Peinado autorizaci\u00f3n para que pueda viajar al extranjero entre los d\u00edas 7 y 10 de julio de 2026 y la devoluci\u00f3n temporal de su pasaporte para poder realizar ese desplazamiento. Peinado, que la investiga por su actividad profesional en la Universidad Complutense, <a href=\"https:\/\/www.eldiario.es\/politica\/peinado-envia-juicio-begona-gomez-le-retira-pasaporte-le-obliga-periodicamente-juzgado_1_13307392.html\" target=\"_blank\" data-mrf-recirculation=\"links-noticia\" class=\"link\" rel=\"nofollow noopener\">le retir\u00f3 el pasaporte el pasado d\u00eda 20<\/a> al considerar que exist\u00eda riesgo de fuga por la gravedad de los delitos que le atribuye: \u00a0tr\u00e1fico de influencias, corrupci\u00f3n en los negocios en el sector privado entre particulares, apropiaci\u00f3n indebida y malversaci\u00f3n de caudales p\u00fablicos\n    <\/p>\n<p>    <a href=\"https:\/\/www.eldiario.es\/politica\/abogado-begona-gomez-juez-peinado-procedimiento-fantasma-erosionar-gobierno_1_13305074.html\" data-mrf-recirculation=\"saber-mas\" data-dl-event=\"saber-mas\" rel=\"nofollow noopener\" target=\"_blank\"><\/p>\n<p class=\"know-more__title\">El abogado de Bego\u00f1a G\u00f3mez, ante el juez Peinado: \u00abEsto es un procedimiento fantasma para erosionar a un Gobierno\u00bb<\/p>\n<p>            <img decoding=\"async\" class=\"lazy\" loading=\"lazy\" data-src=\"https:\/\/static.eldiario.es\/clip\/f6668c18-c9e6-41d6-b612-a1e8e7d9e20e_16-9-aspect-ratio_default_0_x2099y1247.jpg\" src=\"data:image\/svg+xml,%3Csvg xmlns=\" http:=\"\" viewbox=\"0 0 880 495\" alt=\"El abogado de Bego\u00f1a G\u00f3mez, ante el juez Peinado: &quot;Esto es un procedimiento fantasma para erosionar a un Gobierno&quot;\"\/><\/p>\n<p>                        <\/a><\/p>\n<p class=\"article-text\">\n        La defensa de la mujer de S\u00e1nchez ejercida por el abogado Antonio Camacho explica que \u201cel viaje tiene car\u00e1cter oficial, ya que acompa\u00f1ar\u00e1 al presidente del Gobierno como parte de la delegaci\u00f3n espa\u00f1ola a la 36.\u00aa Cumbre de la OTAN en Ankara, a la que ha sido invitada oficialmente en calidad de esposa del presidente\u201d. \u201cA estos efectos el presente escrito se acompa\u00f1a de la invitaci\u00f3n oficial que ha sido remitida por la Excma. Sra D\u00aa Emine Erdogan, esposa del Presidente de la Republica de Turqu\u00eda a D\u00aa Bego\u00f1a Gomez\u201d, apunta el abogado de G\u00f3mez en el escrito, al que ha tenido acceso elDiario.es. G\u00f3mez no asisti\u00f3 a las dos \u00faltimas citas de la OTAN coincidiendo con el periodo en el que lleva imputada.\n    <\/p>\n<p class=\"article-text\">\n        El regreso desde la ciudad turca se realizar\u00e1 desde Londres para asistir a la graduaci\u00f3n de su hija. Asimismo, el abogado argumenta que durante todo el viaje estar\u00e1 acompa\u00f1ada por el dispositivo de seguridad de la Presidencia del Gobierno, por lo que considera plenamente garantizada su localizaci\u00f3n y solicita que, una vez finalizado el viaje, el pasaporte sea devuelto al juzgado el siguiente d\u00eda h\u00e1bil.\n    <\/p>\n<p class=\"article-text\">\n        En el escrito, la defensa de G\u00f3mez se\u00f1ala que \u201cel viaje ser\u00e1 realizado con la delegaci\u00f3n Espa\u00f1ola en avi\u00f3n oficial con salida el d\u00eda 7 de julio. Y la vuelta se realizar\u00e1 v\u00eda Londres para poder asistir a la graduaci\u00f3n de su hija. Realiz\u00e1ndose la vuelta en avi\u00f3n comercial el d\u00eda 10 de julio desde Gran Breta\u00f1a\u201d. \u201cEn todo caso todo el viaje se realizar\u00e1 con el equipo de seguridad que acompa\u00f1a al Presidente del Gobierno en todos sus desplazamientos, que por si solo ya garantiza la absoluta seguridad de todos los desplazamientos de mi representada\u201d, remarca.\n    <\/p>\n<p>    Las decisiones de Peinado<\/p>\n<p class=\"article-text\">\n        Por \u00faltimo, Camacho solicita \u201cque se comunique debidamente la autorizaci\u00f3n y que se incluya en el sistema SIRAJ, a los efectos de evitar posibles problemas a la hora de realizar el viaje. As\u00ed como que se devuelva el pasaporte a efectos de poder realizar el citado viaje\u201d.\n    <\/p>\n<p class=\"article-text\">\n        <a href=\"https:\/\/www.eldiario.es\/temas\/juan-carlos-peinado\/\" target=\"_blank\" data-mrf-recirculation=\"links-noticia\" class=\"link\" rel=\"nofollow noopener\">Peinado<\/a>\u00a0decidi\u00f3 hace diez d\u00edas enviar a juicio a\u00a0<a href=\"https:\/\/www.eldiario.es\/temas\/begona-gomez\/\" target=\"_blank\" data-mrf-recirculation=\"links-noticia\" class=\"link\" rel=\"nofollow noopener\">Bego\u00f1a G\u00f3mez<\/a>, retirarle el pasaporte y obligarle a comparecer quincenalmente ante el juzgado cinco d\u00edas despu\u00e9s\u00a0<a href=\"https:\/\/www.eldiario.es\/politica\/abogado-begona-gomez-juez-peinado-procedimiento-fantasma-erosionar-gobierno_1_13305074.html\" target=\"_blank\" data-mrf-recirculation=\"links-noticia\" class=\"link\" rel=\"nofollow noopener\">de su comparecencia<\/a>\u00a0en los juzgados de la Plaza de Castilla.\n    <\/p>\n<p>    <a href=\"https:\/\/www.eldiario.es\/politica\/peinado-envia-juicio-begona-gomez-le-retira-pasaporte-le-obliga-periodicamente-juzgado_1_13307392.html\" data-mrf-recirculation=\"saber-mas-abajo\" data-dl-event=\"saber-mas-abajo\" rel=\"nofollow noopener\" target=\"_blank\"><\/p>\n<p class=\"know-more__title\">Peinado env\u00eda a juicio a Bego\u00f1a G\u00f3mez, le retira el pasaporte y le obliga a ir peri\u00f3dicamente al juzgado<\/p>\n<p>            <img decoding=\"async\" class=\"lazy\" loading=\"lazy\" data-src=\"https:\/\/static.eldiario.es\/clip\/14bee6d6-d564-487d-99eb-64204e00f2eb_16-9-aspect-ratio_default_0.jpg\" src=\"data:image\/svg+xml,%3Csvg xmlns=\" http:=\"\" viewbox=\"0 0 880 495\" alt=\"Peinado env\u00eda a juicio a Bego\u00f1a G\u00f3mez, le retira el pasaporte y le obliga a ir peri\u00f3dicamente al juzgado\"\/><\/p>\n<p>                        <\/a><\/p>\n<p class=\"article-text\">\n        El magistrado tom\u00f3 la decisi\u00f3n despu\u00e9s de que durante la vista del pasado 15 de junio una de las acusaciones populares del caso, el grupo ultracat\u00f3lico HazteOir, solicitara precisamente que\u00a0<a href=\"https:\/\/www.eldiario.es\/politica\/ultima-hora-actualidad-politica-directo_6_13301390_1123570.html\" target=\"_blank\" data-mrf-recirculation=\"links-noticia\" class=\"link\" rel=\"nofollow noopener\">le fuera retirado el pasaporte<\/a>\u00a0y que fuera obligada a comparecer cada 15 d\u00edas en el juzgado. Peinado tambi\u00e9n impuso id\u00e9nticas medidas a la exasesora de G\u00f3mez en Moncloa, Cristina \u00c1lvarez, pero no al empresario Juan Carlos Barrab\u00e9s. La comparecencia quincenal no podr\u00e1 ser en cualquier juzgado, sino que tendr\u00e1 que ser en el de Peinado, situado en la Plaza de Castilla de Madrid.\n    <\/p>\n","protected":false},"excerpt":{"rendered":"Bego\u00f1a G\u00f3mez, esposa del presidente del Gobierno, ha solicitado al juzgado de Juan Carlos Peinado autorizaci\u00f3n para que&hellip;\n","protected":false},"author":2,"featured_media":633820,"comment_status":"","ping_status":"","sticky":false,"template":"","format":"standard","meta":{"footnotes":""},"categories":[5],"tags":[42009,13943,7421,17,18,3563,25,24,13,14,4190,113273,11,3983,1664,19,20,7228,9,10,15,16,1613,24182,6754,34,23,12,21,22],"class_list":["post-633819","post","type-post","status-publish","format-standard","has-post-thumbnail","category-titulares","tag-ankara","tag-asistir","tag-begona","tag-breaking-news","tag-breakingnews","tag-cumbre","tag-es","tag-espana","tag-featured-news","tag-featurednews","tag-gomez","tag-graduacion","tag-headlines","tag-hija","tag-juez","tag-latest-news","tag-latestnews","tag-londres","tag-news","tag-noticias","tag-noticias-destacadas","tag-noticiasdestacadas","tag-otan","tag-peinado","tag-permiso","tag-pide","tag-spain","tag-titulares","tag-ultimas-noticias","tag-ultimasnoticias"],"share_on_mastodon":{"url":"https:\/\/pubeurope.com\/@es\/116839062357468856","error":""},"_links":{"self":[{"href":"https:\/\/www.europesays.com\/es\/wp-json\/wp\/v2\/posts\/633819","targetHints":{"allow":["GET"]}}],"collection":[{"href":"https:\/\/www.europesays.com\/es\/wp-json\/wp\/v2\/posts"}],"about":[{"href":"https:\/\/www.europesays.com\/es\/wp-json\/wp\/v2\/types\/post"}],"author":[{"embeddable":true,"href":"https:\/\/www.europesays.com\/es\/wp-json\/wp\/v2\/users\/2"}],"replies":[{"embeddable":true,"href":"https:\/\/www.europesays.com\/es\/wp-json\/wp\/v2\/comments?post=633819"}],"version-history":[{"count":0,"href":"https:\/\/www.europesays.com\/es\/wp-json\/wp\/v2\/posts\/633819\/revisions"}],"wp:featuredmedia":[{"embeddable":true,"href":"https:\/\/www.europesays.com\/es\/wp-json\/wp\/v2\/media\/633820"}],"wp:attachment":[{"href":"https:\/\/www.europesays.com\/es\/wp-json\/wp\/v2\/media?parent=633819"}],"wp:term":[{"taxonomy":"category","embeddable":true,"href":"https:\/\/www.europesays.com\/es\/wp-json\/wp\/v2\/categories?post=633819"},{"taxonomy":"post_tag","embeddable":true,"href":"https:\/\/www.europesays.com\/es\/wp-json\/wp\/v2\/tags?post=633819"}],"curies":[{"name":"wp","href":"https:\/\/api.w.org\/{rel}","templated":true}]}}